{"id":102713,"date":"2022-12-19T08:56:50","date_gmt":"2022-12-19T11:56:50","guid":{"rendered":"https:\/\/tvtecjundiai.com.br\/news\/?p=102713"},"modified":"2022-12-19T08:56:51","modified_gmt":"2022-12-19T11:56:51","slug":"semana-comeca-amena-mas-deve-ser-de-sol-e-pancadas-de-chuva-em-jundiai","status":"publish","type":"post","link":"https:\/\/tvtecjundiai.com.br\/news\/2022\/12\/19\/semana-comeca-amena-mas-deve-ser-de-sol-e-pancadas-de-chuva-em-jundiai\/","title":{"rendered":"Semana come\u00e7a amena, mas deve ser de sol e pancadas de chuva em Jundia\u00ed"},"content":{"rendered":"\n<p>A previs\u00e3o \u00e9 de que os dias continuem abafados em Jundia\u00ed, mas com pancadas de chuva. Segundo o Climatempo, esta semana os term\u00f4metros devem ficar entre 15\u00b0C e 27\u00b0C.<\/p>\n\n\n\n<p>Nesta segunda-feira (19), o dia \u00e9 de sol com algumas nuvens e per\u00edodos de nublado, com pancadas de chuva a qualquer hora, que devem somar 25mm. Os term\u00f4metros ficam entre 18\u00b0C e 22\u00b0C.<\/p>\n\n\n<div class=\"wp-block-image\">\n<figure class=\"aligncenter size-full is-resized\"><img loading=\"lazy\" decoding=\"async\" src=\"https:\/\/tvtecjundiai.com.br\/news\/wp-content\/uploads\/sites\/2\/2022\/12\/IMG-20221121-WA0004-768x576-1.jpg\" alt=\"\" class=\"wp-image-102714\" width=\"406\" height=\"304\" srcset=\"https:\/\/tvtecjundiai.com.br\/news\/wp-content\/uploads\/sites\/2\/2022\/12\/IMG-20221121-WA0004-768x576-1.jpg 768w, https:\/\/tvtecjundiai.com.br\/news\/wp-content\/uploads\/sites\/2\/2022\/12\/IMG-20221121-WA0004-768x576-1-300x225.jpg 300w\" sizes=\"auto, (max-width: 406px) 100vw, 406px\" \/><\/figure>\n<\/div>\n\n\n<p><strong>Confira a previs\u00e3o detalhada, de acordo com o Climatempo<\/strong><\/p>\n\n\n\n<p>Ter\u00e7a-feira (20): Pancadas de chuva durante o dia e \u00e0 noite, que devem somar 20mm. Os term\u00f4metros ficam entre 17\u00b0C e 23\u00b0C.<\/p>\n\n\n\n<p>Quarta-feira (21): Sol com muitas nuvens e per\u00edodos de nublado, com pancadas de chuva a qualquer hora, que devem somar 10mm. Os term\u00f4metros ficam entre 17\u00b0C e 25\u00b0C.<\/p>\n\n\n\n<p>Quinta-feira (22): Sol com algumas nuvens, sem chuva. Os term\u00f4metros ficam entre 16\u00b0C e 26\u00b0C.<\/p>\n\n\n\n<p>Sexta-feira (23): Sol com algumas nuvens, sem chuva. Os term\u00f4metros ficam entre 15\u00b0C e 27\u00b0C.<\/p>\n\n\n\n<p><strong><em>(Fonte: TVTEC Jundia\u00ed\/Imagem: Juliano Justino)<\/em><\/strong><\/p>\n","protected":false},"excerpt":{"rendered":"<p>Segundo o Climatempo, os term\u00f4metros devem ficar entre 15\u00b0C e 27\u00b0C<\/p>\n","protected":false},"author":30,"featured_media":102714,"comment_status":"closed","ping_status":"0","sticky":false,"template":"","format":"standard","meta":{"footnotes":""},"categories":[3185,8356,1],"tags":[],"class_list":["post-102713","post","type-post","status-publish","format-standard","has-post-thumbnail","hentry","category-clima","category-jundiai","category-noticias"],"_links":{"self":[{"href":"https:\/\/tvtecjundiai.com.br\/news\/wp-json\/wp\/v2\/posts\/102713","targetHints":{"allow":["GET"]}}],"collection":[{"href":"https:\/\/tvtecjundiai.com.br\/news\/wp-json\/wp\/v2\/posts"}],"about":[{"href":"https:\/\/tvtecjundiai.com.br\/news\/wp-json\/wp\/v2\/types\/post"}],"author":[{"embeddable":true,"href":"https:\/\/tvtecjundiai.com.br\/news\/wp-json\/wp\/v2\/users\/30"}],"replies":[{"embeddable":true,"href":"https:\/\/tvtecjundiai.com.br\/news\/wp-json\/wp\/v2\/comments?post=102713"}],"version-history":[{"count":1,"href":"https:\/\/tvtecjundiai.com.br\/news\/wp-json\/wp\/v2\/posts\/102713\/revisions"}],"predecessor-version":[{"id":102715,"href":"https:\/\/tvtecjundiai.com.br\/news\/wp-json\/wp\/v2\/posts\/102713\/revisions\/102715"}],"wp:featuredmedia":[{"embeddable":true,"href":"https:\/\/tvtecjundiai.com.br\/news\/wp-json\/wp\/v2\/media\/102714"}],"wp:attachment":[{"href":"https:\/\/tvtecjundiai.com.br\/news\/wp-json\/wp\/v2\/media?parent=102713"}],"wp:term":[{"taxonomy":"category","embeddable":true,"href":"https:\/\/tvtecjundiai.com.br\/news\/wp-json\/wp\/v2\/categories?post=102713"},{"taxonomy":"post_tag","embeddable":true,"href":"https:\/\/tvtecjundiai.com.br\/news\/wp-json\/wp\/v2\/tags?post=102713"}],"curies":[{"name":"wp","href":"https:\/\/api.w.org\/{rel}","templated":true}]}}