{"id":102728,"date":"2022-12-19T11:19:47","date_gmt":"2022-12-19T14:19:47","guid":{"rendered":"https:\/\/tvtecjundiai.com.br\/news\/?p=102728"},"modified":"2022-12-19T11:20:09","modified_gmt":"2022-12-19T14:20:09","slug":"apos-39-anos-casa-de-massas-marzullo-encerra-as-atividades-em-jundiai","status":"publish","type":"post","link":"https:\/\/tvtecjundiai.com.br\/news\/2022\/12\/19\/apos-39-anos-casa-de-massas-marzullo-encerra-as-atividades-em-jundiai\/","title":{"rendered":"Casa de Massas Marzullo encerra as atividades em Jundia\u00ed"},"content":{"rendered":"\n<p>A Casa de Massas Marzullo, localizada na Vila Rio Branco, anunciou o encerramento de suas atividades ap\u00f3s 39 anos funcionando. O estabelecimento tradicional fica atr\u00e1s da igreja do bairro.<\/p>\n\n\n\n<p>A situa\u00e7\u00e3o econ\u00f4mica da casa de massas n\u00e3o era boa e a propriet\u00e1ria, Ma\u00edra Marzullo, optou pelo fechamento do neg\u00f3cio da fam\u00edlia. \u201cEu estava segurando a barra, mas n\u00e3o deu mais. Estamos encerrando as atividades\u201d, disse.<\/p>\n\n\n<div class=\"wp-block-image\">\n<figure class=\"aligncenter size-full is-resized\"><img loading=\"lazy\" decoding=\"async\" src=\"https:\/\/tvtecjundiai.com.br\/news\/wp-content\/uploads\/sites\/2\/2022\/12\/casa-de-massas.jpeg\" alt=\"\" class=\"wp-image-102730\" width=\"367\" height=\"490\" srcset=\"https:\/\/tvtecjundiai.com.br\/news\/wp-content\/uploads\/sites\/2\/2022\/12\/casa-de-massas.jpeg 382w, https:\/\/tvtecjundiai.com.br\/news\/wp-content\/uploads\/sites\/2\/2022\/12\/casa-de-massas-300x401.jpeg 300w\" sizes=\"auto, (max-width: 367px) 100vw, 367px\" \/><\/figure>\n<\/div>\n\n\n<p>Outro estabelecimento que fechou em novembro ap\u00f3s 40 anos de funcionamento foi a <a href=\"https:\/\/tvtecjundiai.com.br\/news\/2022\/11\/19\/casa-de-massas-padroeira-encerra-as-atividades\/\" data-type=\"URL\" data-id=\"https:\/\/tvtecjundiai.com.br\/news\/2022\/11\/19\/casa-de-massas-padroeira-encerra-as-atividades\/\">Casa de Massas Padroeira<\/a>, que encerrou as atividades para que os fundadores da Casa, com mais de 70 anos, pudessem repousar sob os cuidados de familiares.<\/p>\n\n\n<div class=\"wp-block-image\">\n<figure class=\"aligncenter size-full is-resized\"><img loading=\"lazy\" decoding=\"async\" src=\"https:\/\/tvtecjundiai.com.br\/news\/wp-content\/uploads\/sites\/2\/2022\/12\/casa-de-massasss.jpg\" alt=\"\" class=\"wp-image-102731\" width=\"591\" height=\"394\" srcset=\"https:\/\/tvtecjundiai.com.br\/news\/wp-content\/uploads\/sites\/2\/2022\/12\/casa-de-massasss.jpg 680w, https:\/\/tvtecjundiai.com.br\/news\/wp-content\/uploads\/sites\/2\/2022\/12\/casa-de-massasss-300x200.jpg 300w\" sizes=\"auto, (max-width: 591px) 100vw, 591px\" \/><\/figure>\n<\/div>\n\n\n<p><em><strong>(Fonte: TVTEC Jundia\u00ed\/Imagens: Divulga\u00e7\u00e3o)<\/strong><\/em><\/p>\n","protected":false},"excerpt":{"rendered":"<p>A propriet\u00e1ria, Ma\u00edra Marzullo, optou pelo fechamento do neg\u00f3cio da fam\u00edlia<\/p>\n","protected":false},"author":30,"featured_media":102729,"comment_status":"closed","ping_status":"0","sticky":false,"template":"","format":"standard","meta":{"footnotes":""},"categories":[8356,1],"tags":[],"class_list":["post-102728","post","type-post","status-publish","format-standard","has-post-thumbnail","hentry","category-jundiai","category-noticias"],"_links":{"self":[{"href":"https:\/\/tvtecjundiai.com.br\/news\/wp-json\/wp\/v2\/posts\/102728","targetHints":{"allow":["GET"]}}],"collection":[{"href":"https:\/\/tvtecjundiai.com.br\/news\/wp-json\/wp\/v2\/posts"}],"about":[{"href":"https:\/\/tvtecjundiai.com.br\/news\/wp-json\/wp\/v2\/types\/post"}],"author":[{"embeddable":true,"href":"https:\/\/tvtecjundiai.com.br\/news\/wp-json\/wp\/v2\/users\/30"}],"replies":[{"embeddable":true,"href":"https:\/\/tvtecjundiai.com.br\/news\/wp-json\/wp\/v2\/comments?post=102728"}],"version-history":[{"count":2,"href":"https:\/\/tvtecjundiai.com.br\/news\/wp-json\/wp\/v2\/posts\/102728\/revisions"}],"predecessor-version":[{"id":102733,"href":"https:\/\/tvtecjundiai.com.br\/news\/wp-json\/wp\/v2\/posts\/102728\/revisions\/102733"}],"wp:featuredmedia":[{"embeddable":true,"href":"https:\/\/tvtecjundiai.com.br\/news\/wp-json\/wp\/v2\/media\/102729"}],"wp:attachment":[{"href":"https:\/\/tvtecjundiai.com.br\/news\/wp-json\/wp\/v2\/media?parent=102728"}],"wp:term":[{"taxonomy":"category","embeddable":true,"href":"https:\/\/tvtecjundiai.com.br\/news\/wp-json\/wp\/v2\/categories?post=102728"},{"taxonomy":"post_tag","embeddable":true,"href":"https:\/\/tvtecjundiai.com.br\/news\/wp-json\/wp\/v2\/tags?post=102728"}],"curies":[{"name":"wp","href":"https:\/\/api.w.org\/{rel}","templated":true}]}}