{"id":102736,"date":"2022-12-19T11:30:09","date_gmt":"2022-12-19T14:30:09","guid":{"rendered":"https:\/\/tvtecjundiai.com.br\/news\/?p=102736"},"modified":"2022-12-19T11:30:10","modified_gmt":"2022-12-19T14:30:10","slug":"parada-natalina-passa-pelo-centro-de-jundiai-nesta-terca-20","status":"publish","type":"post","link":"https:\/\/tvtecjundiai.com.br\/news\/2022\/12\/19\/parada-natalina-passa-pelo-centro-de-jundiai-nesta-terca-20\/","title":{"rendered":"Parada Natalina passa pelo Centro de Jundia\u00ed nesta ter\u00e7a (20)"},"content":{"rendered":"\n<p>As ruas do Centro de Jundia\u00ed ser\u00e3o tomadas pela magia do Natal durante a passagem da Parada Natalina nesta ter\u00e7a-feira (20), \u00e0s 19h. O tradicional desfile ter\u00e1 atra\u00e7\u00f5es diversas e centenas de participantes. A realiza\u00e7\u00e3o \u00e9 da C\u00e2mara de Dirigentes Lojistas de Jundia\u00ed (CDL) e do Sindicato do Com\u00e9rcio Varejista de Jundia\u00ed e Regi\u00e3o (Sincomercio), com apoio cultural do Sesc Jundia\u00ed. \u00a0<\/p>\n\n\n\n<p>A Parada Natalina tem concentra\u00e7\u00e3o na rua da Imprensa Jundiaiense e seguir\u00e1 pela rua do Ros\u00e1rio, na altura do F\u00f3rum, at\u00e9 a Pra\u00e7a Marechal Floriano Peixoto (Pra\u00e7a do Coreto). A programa\u00e7\u00e3o inclui a passagem do Papai Noel, acompanhado da Noelete, junto com personagens infantis que integram a Trupe de Natal. O famoso trenzinho Expresso Natalino est\u00e1 entre as atra\u00e7\u00f5es do\u00a0desfile, que ser\u00e1 embalado pelas can\u00e7\u00f5es da Banda Marcial Bamalo, composta por jovens e que tamb\u00e9m se destaca por suas coreografias.<\/p>\n\n\n<div class=\"wp-block-image\">\n<figure class=\"aligncenter size-full is-resized\"><img loading=\"lazy\" decoding=\"async\" src=\"https:\/\/tvtecjundiai.com.br\/news\/wp-content\/uploads\/sites\/2\/2022\/12\/Parada-Natalina-2019-34-1080x675-1.jpg\" alt=\"\" class=\"wp-image-102737\" width=\"611\" height=\"382\" srcset=\"https:\/\/tvtecjundiai.com.br\/news\/wp-content\/uploads\/sites\/2\/2022\/12\/Parada-Natalina-2019-34-1080x675-1.jpg 1080w, https:\/\/tvtecjundiai.com.br\/news\/wp-content\/uploads\/sites\/2\/2022\/12\/Parada-Natalina-2019-34-1080x675-1-300x188.jpg 300w, https:\/\/tvtecjundiai.com.br\/news\/wp-content\/uploads\/sites\/2\/2022\/12\/Parada-Natalina-2019-34-1080x675-1-768x480.jpg 768w\" sizes=\"auto, (max-width: 611px) 100vw, 611px\" \/><\/figure>\n<\/div>\n\n\n<p>O p\u00fablico tamb\u00e9m ir\u00e1 se divertir com o cortejo circense com palha\u00e7os e palha\u00e7as da Cia Tramp e convidados, com apoio cultural do Sesc Jundia\u00ed. A Parada Natalina tamb\u00e9m ter\u00e1 desfile de integrantes do motoclube Caveiras do Japi MC, carros antigos da Associa\u00e7\u00e3o Antigomobilismo de Jundia\u00ed e a presen\u00e7a da&nbsp;bateria da Escola&nbsp;de&nbsp;Samba Azul e Branco \u2013 Clube Jundiaiense.&nbsp;A programa\u00e7\u00e3o faz parte do&nbsp;Natal&nbsp;Jundia\u00ed 2022, uma a\u00e7\u00e3o conjunta da CDL e Sincomercio com a Prefeitura&nbsp;de&nbsp;Jundia\u00ed.<\/p>\n\n\n\n<p>\u201cA Parada Natalina tornou-se tradi\u00e7\u00e3o em Jundia\u00ed e mobiliza toda popula\u00e7\u00e3o, profissionais do com\u00e9rcio, empres\u00e1rios. \u00c9 um momento muito especial de vivenciar toda a magia do Natal em um desfile de atra\u00e7\u00f5es que re\u00fane centenas de pessoas e leva\u00a0 o encantamento desta \u00e9poca t\u00e3o especial e aguardada do ano\u201d, afirma Edison Maltoni, presidente da CDL e do Sincomercio.<\/p>\n\n\n\n<p><em><strong>(Fonte\/Imagem: Assessoria Sincomercio Jundia\u00ed)<\/strong><\/em><\/p>\n","protected":false},"excerpt":{"rendered":"<p>O tradicional desfile ter\u00e1 atra\u00e7\u00f5es diversas e centenas de participantes<\/p>\n","protected":false},"author":30,"featured_media":102737,"comment_status":"closed","ping_status":"0","sticky":false,"template":"","format":"standard","meta":{"footnotes":""},"categories":[2834,8356,1],"tags":[],"class_list":["post-102736","post","type-post","status-publish","format-standard","has-post-thumbnail","hentry","category-cidades","category-jundiai","category-noticias"],"_links":{"self":[{"href":"https:\/\/tvtecjundiai.com.br\/news\/wp-json\/wp\/v2\/posts\/102736","targetHints":{"allow":["GET"]}}],"collection":[{"href":"https:\/\/tvtecjundiai.com.br\/news\/wp-json\/wp\/v2\/posts"}],"about":[{"href":"https:\/\/tvtecjundiai.com.br\/news\/wp-json\/wp\/v2\/types\/post"}],"author":[{"embeddable":true,"href":"https:\/\/tvtecjundiai.com.br\/news\/wp-json\/wp\/v2\/users\/30"}],"replies":[{"embeddable":true,"href":"https:\/\/tvtecjundiai.com.br\/news\/wp-json\/wp\/v2\/comments?post=102736"}],"version-history":[{"count":1,"href":"https:\/\/tvtecjundiai.com.br\/news\/wp-json\/wp\/v2\/posts\/102736\/revisions"}],"predecessor-version":[{"id":102738,"href":"https:\/\/tvtecjundiai.com.br\/news\/wp-json\/wp\/v2\/posts\/102736\/revisions\/102738"}],"wp:featuredmedia":[{"embeddable":true,"href":"https:\/\/tvtecjundiai.com.br\/news\/wp-json\/wp\/v2\/media\/102737"}],"wp:attachment":[{"href":"https:\/\/tvtecjundiai.com.br\/news\/wp-json\/wp\/v2\/media?parent=102736"}],"wp:term":[{"taxonomy":"category","embeddable":true,"href":"https:\/\/tvtecjundiai.com.br\/news\/wp-json\/wp\/v2\/categories?post=102736"},{"taxonomy":"post_tag","embeddable":true,"href":"https:\/\/tvtecjundiai.com.br\/news\/wp-json\/wp\/v2\/tags?post=102736"}],"curies":[{"name":"wp","href":"https:\/\/api.w.org\/{rel}","templated":true}]}}