{"id":102742,"date":"2022-12-19T12:41:58","date_gmt":"2022-12-19T15:41:58","guid":{"rendered":"https:\/\/tvtecjundiai.com.br\/news\/?p=102742"},"modified":"2022-12-19T12:42:03","modified_gmt":"2022-12-19T15:42:03","slug":"circuito-natal-luz-tem-parada-natalina-e-diversas-atracoes-ao-longo-da-semana","status":"publish","type":"post","link":"https:\/\/tvtecjundiai.com.br\/news\/2022\/12\/19\/circuito-natal-luz-tem-parada-natalina-e-diversas-atracoes-ao-longo-da-semana\/","title":{"rendered":"Circuito Natal Luz tem Parada Natalina e diversas atra\u00e7\u00f5es ao longo da semana"},"content":{"rendered":"\n<p>O&nbsp;<a href=\"https:\/\/jundiai.sp.gov.br\/circuitonatalluz\/\" target=\"_blank\" rel=\"noreferrer noopener\">Circuito Natal Luz 2022<\/a>&nbsp;chega \u00e0 sua \u00faltima semana de programa\u00e7\u00e3o, cheio de atra\u00e7\u00f5es gratuitas preparadas pela Prefeitura e parceiros para encantar o p\u00fablico. Um dos destaques vai para a Parada Natalina nesta ter\u00e7a-feira (20), que ir\u00e1 percorrer as ruas do Centro a partir das 19h, com as participa\u00e7\u00f5es do Papai Noel e noeletes, da banda marcial Bamalo, cortejo circense do Sesc, personagens infantis, motoclube Caveiras do Japi MC e carros antigos da Associa\u00e7\u00e3o Antigomobilismo de Jundia\u00ed.<\/p>\n\n\n\n<p><a href=\"https:\/\/www.flickr.com\/photos\/prefeituradejundiai\/albums\/72177720304146658\" target=\"_blank\" rel=\"noreferrer noopener\">CONFIRA AS FOTOS<\/a><\/p>\n\n\n\n<p>No Museu Hist\u00f3rico e Cultural \u2013 Solar do Bar\u00e3o, a programa\u00e7\u00e3o traz a&nbsp;<a href=\"https:\/\/cultura.jundiai.sp.gov.br\/exposicoes\/exposicao-de-presepios-2022\/\" target=\"_blank\" rel=\"noreferrer noopener\">tradicional exposi\u00e7\u00e3o de pres\u00e9pios<\/a>&nbsp;e a&nbsp;<a href=\"https:\/\/jundiai.sp.gov.br\/noticias\/2022\/12\/17\/presepio-vivo-leva-a-alegria-do-natal-para-os-jardins-do-solar-do-barao\/\">encena\u00e7\u00e3o de Pres\u00e9pio vivo nos jardins<\/a>&nbsp;em duas sess\u00f5es noturnas, sempre \u00e0s 19h30 e \u00e0s 20h30. Outra exposi\u00e7\u00e3o tem\u00e1tica que pode ser apreciada neste per\u00edodo \u00e9 a&nbsp;<a href=\"https:\/\/cultura.jundiai.sp.gov.br\/exposicoes\/papais-noeis\/\" target=\"_blank\" rel=\"noreferrer noopener\">exposi\u00e7\u00e3o de Papais No\u00e9is<\/a>, do artista Alex Roch, na Pinacoteca Municipal Di\u00f3genes Duarte Paes.<\/p>\n\n\n\n<figure class=\"wp-block-image\"><img decoding=\"async\" src=\"https:\/\/jundiai.sp.gov.br\/noticias\/wp-content\/uploads\/sites\/32\/2022\/12\/atracoes_circuito_natal_luz-1-1280x854.jpg\" alt=\"\" class=\"wp-image-307857\" \/><figcaption class=\"wp-element-caption\">Como todos os anos, a tradicional exposi\u00e7\u00e3o de pres\u00e9pios poder\u00e1 ser visitada at\u00e9 o dia 06 de janeiro<\/figcaption><\/figure>\n\n\n\n<p>Ainda nos jardins do Solar do Bar\u00e3o e pelas ruas do Centro, a ilumina\u00e7\u00e3o natalina est\u00e1 presente em t\u00faneis de luz e em \u00e1rvores, instala\u00e7\u00f5es ideais para que os visitantes garantam as fotos para as redes sociais e recorda\u00e7\u00f5es de fam\u00edlia.<\/p>\n\n\n\n<p>J\u00e1 os shows musicais gratuitos tamb\u00e9m seguem em exibi\u00e7\u00e3o nos palcos do Centro, como na Pra\u00e7a Ruy Barbosa, na Pra\u00e7a Marechal Floriano Peixoto (Pra\u00e7a do Coreto) e nas sacadas da Pinacoteca. Outras atra\u00e7\u00f5es itinerantes s\u00e3o as apresenta\u00e7\u00f5es art\u00edsticas no cal\u00e7ad\u00e3o da rua Bar\u00e3o, como teatros, apresenta\u00e7\u00f5es circenses e propostas interativas com o p\u00fablico.<\/p>\n\n\n\n<p><a href=\"https:\/\/jundiai.sp.gov.br\/circuitonatalluz\/\" target=\"_blank\" rel=\"noreferrer noopener\">CONFIRA A PROGRAMA\u00c7\u00c3O COMPLETA<\/a><\/p>\n\n\n\n<p>A Catedral Nossa Senhora do Desterro segue recebendo em sua fachada frontal, da Pra\u00e7a Governador Pedro de Toledo, as proje\u00e7\u00f5es luminosas com temas natalinos. As sess\u00f5es seguem \u00e0s 19h, 20h e 21h.<\/p>\n\n\n\n<figure class=\"wp-block-image\"><img decoding=\"async\" src=\"https:\/\/jundiai.sp.gov.br\/noticias\/wp-content\/uploads\/sites\/32\/2022\/12\/atracoes_circuito_natal_luz-2-1280x853.jpg\" alt=\"\" class=\"wp-image-307858\" \/><figcaption class=\"wp-element-caption\">T\u00faneis iluminados t\u00eam sido um dos \u201cqueridinhos\u201d dos visitantes. Inclusive por aqueles mais apaixonados<\/figcaption><\/figure>\n\n\n\n<p>As del\u00edcias gastron\u00f4micas \u00e0 venda nas barracas e food-trucks espalhados pelo Centro tamb\u00e9m seguem marcando presen\u00e7a. Em diversos pontos da rua Bar\u00e3o de Jundia\u00ed e rua do Ros\u00e1rio, e nas pra\u00e7as do Coreto e Ruy Barbosa, o card\u00e1pio completo garante aos visitantes: past\u00e9is, batatas fritas, comida \u00e1rabe, crepes, sushi, espetinhos, tapiocas, massas, lanches, hamb\u00fargueres, cachorros quentes, pizzas, doces em geral e de coco, a\u00e7a\u00ed, uvas e frutas em geral, cervejas, sucos, caldo de cana, e muito mais.<\/p>\n\n\n\n<p><strong>Bairros<\/strong><br>J\u00e1 nos bairros, a&nbsp;<a href=\"https:\/\/jundiai.sp.gov.br\/circuitonatalluz\/\" target=\"_blank\" rel=\"noreferrer noopener\">programa\u00e7\u00e3o do Circuito Natal Luz<\/a>&nbsp;segue com o desfile de trenzinho e interven\u00e7\u00f5es art\u00edsticas itinerantes no per\u00edodo da tarde pela Agapeama, Vila Progresso e Jardim do Lago nesta segunda (19); pela Vila Hortol\u00e2ndia, Vila Rio Branco, Jardim das Tulipas na quarta (21); pela Vila Arens, Vianelo, Nove de Julho e Vila Rami na quinta-feira (22).<\/p>\n\n\n\n<p>O Circuito Natal Luz \u00e9 uma realiza\u00e7\u00e3o da Prefeitura, em parceria com a Associa\u00e7\u00e3o Comercial e Empresarial (ACE), a C\u00e2mara de Dirigentes Lojistas (CDL), o Sindicato do Com\u00e9rcio Varejista (Sincomercio) e a Catedral Nossa Senhora do Desterro.<\/p>\n\n\n\n<figure class=\"wp-block-image\"><img decoding=\"async\" src=\"https:\/\/jundiai.sp.gov.br\/noticias\/wp-content\/uploads\/sites\/32\/2022\/12\/atracoes_circuito_natal_luz-3-1280x853.jpg\" alt=\"\" class=\"wp-image-307859\" \/><figcaption class=\"wp-element-caption\">Barracas e food-trucks est\u00e3o espalhados pelo Centro com as del\u00edcias gastron\u00f4micas da festa<\/figcaption><\/figure>\n\n\n\n<p><strong><em>(Fonte\/Imagem: Prefeitura de Jundia\u00ed)<\/em><\/strong><\/p>\n","protected":false},"excerpt":{"rendered":"<p>O\u00a0Circuito Natal Luz 2022\u00a0chega \u00e0 sua \u00faltima semana de programa\u00e7\u00e3o, cheio de atra\u00e7\u00f5es gratuitas.<\/p>\n","protected":false},"author":30,"featured_media":102743,"comment_status":"closed","ping_status":"0","sticky":false,"template":"","format":"standard","meta":{"footnotes":""},"categories":[8356,8354],"tags":[],"class_list":["post-102742","post","type-post","status-publish","format-standard","has-post-thumbnail","hentry","category-jundiai","category-lazer"],"_links":{"self":[{"href":"https:\/\/tvtecjundiai.com.br\/news\/wp-json\/wp\/v2\/posts\/102742","targetHints":{"allow":["GET"]}}],"collection":[{"href":"https:\/\/tvtecjundiai.com.br\/news\/wp-json\/wp\/v2\/posts"}],"about":[{"href":"https:\/\/tvtecjundiai.com.br\/news\/wp-json\/wp\/v2\/types\/post"}],"author":[{"embeddable":true,"href":"https:\/\/tvtecjundiai.com.br\/news\/wp-json\/wp\/v2\/users\/30"}],"replies":[{"embeddable":true,"href":"https:\/\/tvtecjundiai.com.br\/news\/wp-json\/wp\/v2\/comments?post=102742"}],"version-history":[{"count":1,"href":"https:\/\/tvtecjundiai.com.br\/news\/wp-json\/wp\/v2\/posts\/102742\/revisions"}],"predecessor-version":[{"id":102744,"href":"https:\/\/tvtecjundiai.com.br\/news\/wp-json\/wp\/v2\/posts\/102742\/revisions\/102744"}],"wp:featuredmedia":[{"embeddable":true,"href":"https:\/\/tvtecjundiai.com.br\/news\/wp-json\/wp\/v2\/media\/102743"}],"wp:attachment":[{"href":"https:\/\/tvtecjundiai.com.br\/news\/wp-json\/wp\/v2\/media?parent=102742"}],"wp:term":[{"taxonomy":"category","embeddable":true,"href":"https:\/\/tvtecjundiai.com.br\/news\/wp-json\/wp\/v2\/categories?post=102742"},{"taxonomy":"post_tag","embeddable":true,"href":"https:\/\/tvtecjundiai.com.br\/news\/wp-json\/wp\/v2\/tags?post=102742"}],"curies":[{"name":"wp","href":"https:\/\/api.w.org\/{rel}","templated":true}]}}