{"id":102748,"date":"2022-12-19T13:38:58","date_gmt":"2022-12-19T16:38:58","guid":{"rendered":"https:\/\/tvtecjundiai.com.br\/news\/?p=102748"},"modified":"2022-12-19T13:38:59","modified_gmt":"2022-12-19T16:38:59","slug":"apoio-tatico-motos-da-gmj-salva-homem-com-quadro-grave-de-parada-cardiorrespiratoria","status":"publish","type":"post","link":"https:\/\/tvtecjundiai.com.br\/news\/2022\/12\/19\/apoio-tatico-motos-da-gmj-salva-homem-com-quadro-grave-de-parada-cardiorrespiratoria\/","title":{"rendered":"Apoio T\u00e1tico Motos da GMJ salva homem com quadro grave de parada cardiorrespirat\u00f3ria"},"content":{"rendered":"\n<p>Um homem de 40 anos, morador no Jardim Tarum\u00e3, foi salvo por guardas municipais do Apoio T\u00e1tico Motos durante averigua\u00e7\u00e3o de ocorr\u00eancia no bairro no final da tarde deste domingo (18).<\/p>\n\n\n\n<p>De acordo com informa\u00e7\u00f5es da equipe, composta pelos guardas Moacir, Rafael e Marinho, o indiv\u00edduo, que sofre de problemas mentais, estava com quadro de parada cardiorrespirat\u00f3ria.<\/p>\n\n\n<div class=\"wp-block-image\">\n<figure class=\"aligncenter size-large is-resized\"><img loading=\"lazy\" decoding=\"async\" src=\"https:\/\/tvtecjundiai.com.br\/news\/wp-content\/uploads\/sites\/2\/2022\/12\/post-site-3-14-1536x864-1-1200x675.png\" alt=\"\" class=\"wp-image-102749\" width=\"663\" height=\"372\" srcset=\"https:\/\/tvtecjundiai.com.br\/news\/wp-content\/uploads\/sites\/2\/2022\/12\/post-site-3-14-1536x864-1-1200x675.png 1200w, https:\/\/tvtecjundiai.com.br\/news\/wp-content\/uploads\/sites\/2\/2022\/12\/post-site-3-14-1536x864-1-300x169.png 300w, https:\/\/tvtecjundiai.com.br\/news\/wp-content\/uploads\/sites\/2\/2022\/12\/post-site-3-14-1536x864-1-768x432.png 768w, https:\/\/tvtecjundiai.com.br\/news\/wp-content\/uploads\/sites\/2\/2022\/12\/post-site-3-14-1536x864-1.png 1280w\" sizes=\"auto, (max-width: 663px) 100vw, 663px\" \/><\/figure>\n<\/div>\n\n\n<p>\u201cFomos avisados pelo Centro de Opera\u00e7\u00f5es T\u00e1ticas 153 de que uma pessoa no bairro estava com quadro grave de parada cardiorrespirat\u00f3ria. A equipe do SAMU tinha acabado de chegar e notamos que os enfermeiros estavam esgotados na reanima\u00e7\u00e3o do indiv\u00edduo. Continuamos com as manobras por um bom tempo at\u00e9 que conseguimos reanim\u00e1-lo e sentir o batimento card\u00edaco\u201d, diz o GM Moacir.<\/p>\n\n\n\n<p>A v\u00edtima, que mora na rua Esp\u00edrito Santo, foi encaminhada pela equipe m\u00e9dica do SAMU at\u00e9 o pronto socorro do Hospital S\u00e3o Vicente. O homem permanece em observa\u00e7\u00e3o.<\/p>\n\n\n\n<p><strong><em>(Fonte\/Imagem: Guarda Municipal de Jundia\u00ed)<\/em><\/strong><\/p>\n","protected":false},"excerpt":{"rendered":"<p>A v\u00edtima foi encaminhada at\u00e9 o Hospital S\u00e3o Vicente e permanece em observa\u00e7\u00e3o<\/p>\n","protected":false},"author":30,"featured_media":102749,"comment_status":"closed","ping_status":"0","sticky":false,"template":"","format":"standard","meta":{"footnotes":""},"categories":[8356,1,4739],"tags":[],"class_list":["post-102748","post","type-post","status-publish","format-standard","has-post-thumbnail","hentry","category-jundiai","category-noticias","category-policia"],"_links":{"self":[{"href":"https:\/\/tvtecjundiai.com.br\/news\/wp-json\/wp\/v2\/posts\/102748","targetHints":{"allow":["GET"]}}],"collection":[{"href":"https:\/\/tvtecjundiai.com.br\/news\/wp-json\/wp\/v2\/posts"}],"about":[{"href":"https:\/\/tvtecjundiai.com.br\/news\/wp-json\/wp\/v2\/types\/post"}],"author":[{"embeddable":true,"href":"https:\/\/tvtecjundiai.com.br\/news\/wp-json\/wp\/v2\/users\/30"}],"replies":[{"embeddable":true,"href":"https:\/\/tvtecjundiai.com.br\/news\/wp-json\/wp\/v2\/comments?post=102748"}],"version-history":[{"count":1,"href":"https:\/\/tvtecjundiai.com.br\/news\/wp-json\/wp\/v2\/posts\/102748\/revisions"}],"predecessor-version":[{"id":102750,"href":"https:\/\/tvtecjundiai.com.br\/news\/wp-json\/wp\/v2\/posts\/102748\/revisions\/102750"}],"wp:featuredmedia":[{"embeddable":true,"href":"https:\/\/tvtecjundiai.com.br\/news\/wp-json\/wp\/v2\/media\/102749"}],"wp:attachment":[{"href":"https:\/\/tvtecjundiai.com.br\/news\/wp-json\/wp\/v2\/media?parent=102748"}],"wp:term":[{"taxonomy":"category","embeddable":true,"href":"https:\/\/tvtecjundiai.com.br\/news\/wp-json\/wp\/v2\/categories?post=102748"},{"taxonomy":"post_tag","embeddable":true,"href":"https:\/\/tvtecjundiai.com.br\/news\/wp-json\/wp\/v2\/tags?post=102748"}],"curies":[{"name":"wp","href":"https:\/\/api.w.org\/{rel}","templated":true}]}}