{"id":102793,"date":"2022-12-20T10:03:12","date_gmt":"2022-12-20T13:03:12","guid":{"rendered":"https:\/\/tvtecjundiai.com.br\/news\/?p=102793"},"modified":"2022-12-20T10:03:13","modified_gmt":"2022-12-20T13:03:13","slug":"empregadores-tem-esta-terca-20-para-pagar-a-2a-parcela-do-13o-salario","status":"publish","type":"post","link":"https:\/\/tvtecjundiai.com.br\/news\/2022\/12\/20\/empregadores-tem-esta-terca-20-para-pagar-a-2a-parcela-do-13o-salario\/","title":{"rendered":"Empregadores t\u00eam esta ter\u00e7a (20) para pagar a 2\u00aa parcela do 13\u00ba sal\u00e1rio"},"content":{"rendered":"\n<p>Os empregadores t\u00eam at\u00e9 esta ter\u00e7a-feira (20) para pagar a segunda parcela do 13\u00ba sal\u00e1rio, tamb\u00e9m conhecido como abono natalino. A primeira parcela teve que ser paga at\u00e9 30 de novembro.<\/p>\n\n\n\n<p>A segunda parte representa metade do sal\u00e1rio que o funcion\u00e1rio ganha \u2013 mas, sobre ela, incidem os descontos, como imposto de renda e INSS, o que faz com que ela seja menor do que a primeira, sobre a qual incide apenas o FGTS.<\/p>\n\n\n\n<p>Quem n\u00e3o receber a segunda parcela at\u00e9 a data limite deve procurar as Superintend\u00eancias do Trabalho ou as Ger\u00eancias do Trabalho para fazer a reclama\u00e7\u00e3o. Outra op\u00e7\u00e3o \u00e9 buscar orienta\u00e7\u00e3o no sindicato de cada categoria.<\/p>\n\n\n\n<p>Cabe ao empregador a decis\u00e3o de pagar em uma ou duas parcelas. Caso tenha optado por faz\u00ea-lo em uma \u00fanica vez, o pagamento integral deveria ter sido feito at\u00e9 30 de novembro.<\/p>\n\n\n<div class=\"wp-block-image\">\n<figure class=\"aligncenter size-full is-resized\"><img loading=\"lazy\" decoding=\"async\" src=\"https:\/\/tvtecjundiai.com.br\/news\/wp-content\/uploads\/sites\/2\/2022\/12\/real_moeda_dinheiro_mcajr_2904223669-1.jpg\" alt=\"\" class=\"wp-image-102798\" width=\"665\" height=\"443\" srcset=\"https:\/\/tvtecjundiai.com.br\/news\/wp-content\/uploads\/sites\/2\/2022\/12\/real_moeda_dinheiro_mcajr_2904223669-1.jpg 770w, https:\/\/tvtecjundiai.com.br\/news\/wp-content\/uploads\/sites\/2\/2022\/12\/real_moeda_dinheiro_mcajr_2904223669-1-300x200.jpg 300w, https:\/\/tvtecjundiai.com.br\/news\/wp-content\/uploads\/sites\/2\/2022\/12\/real_moeda_dinheiro_mcajr_2904223669-1-768x512.jpg 768w\" sizes=\"auto, (max-width: 665px) 100vw, 665px\" \/><\/figure>\n<\/div>\n\n\n<p>Caso o empregador n\u00e3o respeite o prazo do pagamento ou n\u00e3o pague o valor devido, poder\u00e1 ser autuado por um auditor-fiscal do Minist\u00e9rio do Trabalho no momento em que houver fiscaliza\u00e7\u00e3o, o que gerar\u00e1 uma multa de R$ 170,25 por empregado.<\/p>\n\n\n\n<p>O pagamento do 13\u00ba sal\u00e1rio \u00e9 feito com base no sal\u00e1rio de dezembro, exceto no caso de empregados que recebem sal\u00e1rios vari\u00e1veis, por meio de comiss\u00f5es ou porcentagens \u2013 nesse caso, o 13\u00ba deve perfazer a m\u00e9dia anual dos valores.<\/p>\n\n\n\n<p><strong>Quem tem direito<\/strong><\/p>\n\n\n\n<p>T\u00eam direito ao 13\u00ba sal\u00e1rio todos os trabalhadores do servi\u00e7o p\u00fablico e da iniciativa privada, urbano ou rural, avulso e dom\u00e9stico, al\u00e9m dos aposentados e pensionistas do Instituto Nacional do Seguro Social (INSS) \u2013 neste \u00faltimo caso, receberam as duas parcelas em abril e maio.<\/p>\n\n\n\n<p>O 13\u00ba sal\u00e1rio tem natureza de gratifica\u00e7\u00e3o natalina e est\u00e1 previsto na Lei 4.749\/1965.&nbsp;Todo trabalhador que atuou por 15 dias ou mais durante o ano e que n\u00e3o tenha sido demitido por justa causa tem direito \u00e0 gratifica\u00e7\u00e3o.<\/p>\n\n\n\n<p><em><strong>(Fonte: g1\/Imagem: Marcello Casal Jr\/Ag\u00eancia Brasil)<\/strong><\/em><\/p>\n","protected":false},"excerpt":{"rendered":"<p>Quem n\u00e3o receber a parcela at\u00e9 a data limite deve procurar as Superintend\u00eancias do Trabalho<\/p>\n","protected":false},"author":30,"featured_media":102798,"comment_status":"closed","ping_status":"0","sticky":false,"template":"","format":"standard","meta":{"footnotes":""},"categories":[2829,8356,1],"tags":[],"class_list":["post-102793","post","type-post","status-publish","format-standard","has-post-thumbnail","hentry","category-economia","category-jundiai","category-noticias"],"_links":{"self":[{"href":"https:\/\/tvtecjundiai.com.br\/news\/wp-json\/wp\/v2\/posts\/102793","targetHints":{"allow":["GET"]}}],"collection":[{"href":"https:\/\/tvtecjundiai.com.br\/news\/wp-json\/wp\/v2\/posts"}],"about":[{"href":"https:\/\/tvtecjundiai.com.br\/news\/wp-json\/wp\/v2\/types\/post"}],"author":[{"embeddable":true,"href":"https:\/\/tvtecjundiai.com.br\/news\/wp-json\/wp\/v2\/users\/30"}],"replies":[{"embeddable":true,"href":"https:\/\/tvtecjundiai.com.br\/news\/wp-json\/wp\/v2\/comments?post=102793"}],"version-history":[{"count":2,"href":"https:\/\/tvtecjundiai.com.br\/news\/wp-json\/wp\/v2\/posts\/102793\/revisions"}],"predecessor-version":[{"id":102799,"href":"https:\/\/tvtecjundiai.com.br\/news\/wp-json\/wp\/v2\/posts\/102793\/revisions\/102799"}],"wp:featuredmedia":[{"embeddable":true,"href":"https:\/\/tvtecjundiai.com.br\/news\/wp-json\/wp\/v2\/media\/102798"}],"wp:attachment":[{"href":"https:\/\/tvtecjundiai.com.br\/news\/wp-json\/wp\/v2\/media?parent=102793"}],"wp:term":[{"taxonomy":"category","embeddable":true,"href":"https:\/\/tvtecjundiai.com.br\/news\/wp-json\/wp\/v2\/categories?post=102793"},{"taxonomy":"post_tag","embeddable":true,"href":"https:\/\/tvtecjundiai.com.br\/news\/wp-json\/wp\/v2\/tags?post=102793"}],"curies":[{"name":"wp","href":"https:\/\/api.w.org\/{rel}","templated":true}]}}