{"id":102805,"date":"2022-12-20T13:16:31","date_gmt":"2022-12-20T16:16:31","guid":{"rendered":"https:\/\/tvtecjundiai.com.br\/news\/?p=102805"},"modified":"2022-12-20T13:16:35","modified_gmt":"2022-12-20T16:16:35","slug":"pe-de-ouvido-novos-totens-sao-instalados-nos-terminais-urbanos","status":"publish","type":"post","link":"https:\/\/tvtecjundiai.com.br\/news\/2022\/12\/20\/pe-de-ouvido-novos-totens-sao-instalados-nos-terminais-urbanos\/","title":{"rendered":"P\u00e9 de Ouvido: novos totens s\u00e3o instalados nos terminais urbanos"},"content":{"rendered":"\n<p>Como parte da&nbsp;<a rel=\"noreferrer noopener\" href=\"https:\/\/jundiai.sp.gov.br\/aniversario\/\" target=\"_blank\">programa\u00e7\u00e3o em comemora\u00e7\u00e3o pelo anivers\u00e1rio de 366 anos de Jundia\u00ed<\/a>, a Prefeitura instalou nos terminais de \u00f4nibus municipais novos totens da campanha P\u00e9 de Ouvido. Com um QR code impresso, as placas d\u00e3o acesso aos interessados para que ou\u00e7am, a partir de seus celulares, hist\u00f3rias de tradi\u00e7\u00f5es orais de todos os cantos do mundo, narradas por diferentes artistas da regi\u00e3o.<\/p>\n\n\n\n<p>A campanha \u201cP\u00e9 de Ouvido\u201d \u00e9 um desdobramento da iniciativa \u201cP\u00e9 de Inf\u00e2ncia\u201d, que tem como foco o desenvolvimento pleno dos cidad\u00e3os durante a inf\u00e2ncia, a partir do resgate de tradi\u00e7\u00f5es orais, brincadeiras e interc\u00e2mbio entre as gera\u00e7\u00f5es. A campanha \u00e9 uma proposta da Rede Urban95 da Funda\u00e7\u00e3o holandesa Bernard van Leer, respectivamente, uma rede mundial da qual Jundia\u00ed faz parte e uma importante parceira do Munic\u00edpio na implementa\u00e7\u00e3o de pol\u00edticas p\u00fablicas voltadas para a Inf\u00e2ncia, pelo programa municipal Cidade das Crian\u00e7as.<\/p>\n\n\n\n<p>A operadora de telemarketing Helen Monteiro aproveitou a passagem pelo terminal Hortol\u00e2ndia para mostrar a novidade ao filho Murilo, de dois anos. \u201cEm casa temos o h\u00e1bito de contar hist\u00f3rias para ele, pois entendo que isso seja importante para o desenvolvimento, e sei que na escola as professoras tamb\u00e9m contam bastante\u201d, comentou.<\/p>\n\n\n\n<figure class=\"wp-block-image\"><img decoding=\"async\" src=\"https:\/\/jundiai.sp.gov.br\/noticias\/wp-content\/uploads\/sites\/32\/2022\/12\/pe_de_ouvido_terminal_hortolandia_murilo_e_helen_monteiro_1-1280x854.jpg\" alt=\"\" class=\"wp-image-307918\" \/><figcaption class=\"wp-element-caption\">Helen apresentou a novidade para o filho Murilo enquanto esperavam o \u00f4nibus na volta da escola<\/figcaption><\/figure>\n\n\n\n<p>\u201cToda inf\u00e2ncia pede conta\u00e7\u00e3o de hist\u00f3rias e, com um inteligente trocadilho de palavras, os totens da campanha P\u00e9 de Ouvido d\u00e3o um incentivo aos pais e respons\u00e1veis por crian\u00e7as na cidade para que proporcionem para seus filhos esta experi\u00eancia, de passarem mais tempos juntos, compartilhando saberes e realizando trocas, t\u00e3o importantes para o desenvolvimento cognitivo e emocional deles\u201d, comentou o gestor de Cultura, Marcelo Peroni.<\/p>\n\n\n\n<p>Outros pontos da cidade j\u00e1 contavam com os totens da campanha, como o Pa\u00e7o Municipal, o Espa\u00e7o Expressa (antigo Complexo Fepasa), os jardins do Museu Hist\u00f3rico e Cultural \u2013 Solar do Bar\u00e3o.&nbsp;<a href=\"https:\/\/cultura.jundiai.sp.gov.br\/pe-de-infancia\/pe-de-ouvido\/\" target=\"_blank\" rel=\"noreferrer noopener\">Quem quiser pode ainda acessar as dez conta\u00e7\u00f5es de hist\u00f3rias dispon\u00edveis diretamente no site da Cultura<\/a>.<\/p>\n\n\n\n<p><strong>Mais a\u00e7\u00f5es nos terminais<\/strong><br>Tamb\u00e9m pela programa\u00e7\u00e3o de anivers\u00e1rio, cada um dos terminais tem recebido ao longo deste per\u00edodo interven\u00e7\u00f5es art\u00edsticas surpresas no formato de falshmobs e intera\u00e7\u00f5es com o p\u00fablico.<\/p>\n\n\n\n<p>Est\u00e3o programados para os pr\u00f3ximos dias as seguintes atra\u00e7\u00f5es, sempre \u00e0s 18h: Acaraj\u00e9 da Mona apresenta \u201cBaianas do Acaraj\u00e9\u201d no terminal Vila Arens nesta ter\u00e7a (20); Cia. TD Artes apresenta \u201cMatula Palha\u00e7os\u201d no terminal Cecap nesta quarta (21); e Tomada Cultural Produ\u00e7\u00f5es apresenta \u201cBaque Delas\u201d no terminal Rami nesta quinta-feira (22).<\/p>\n\n\n\n<figure class=\"wp-block-image\"><img decoding=\"async\" src=\"https:\/\/jundiai.sp.gov.br\/noticias\/wp-content\/uploads\/sites\/32\/2022\/12\/flashmob_terminal_central_preta_eu-12-1280x854.jpg\" alt=\"\" class=\"wp-image-307919\" \/><figcaption class=\"wp-element-caption\">Nessa segunda (19), uma das interven\u00e7\u00f5es foi realizada pelo coletivo #PretaEu no terminal Central<\/figcaption><\/figure>\n\n\n\n<p><em><strong>( Fonte\/ Imagens: Prefeitura de Jundia\u00ed)<\/strong><\/em><\/p>\n","protected":false},"excerpt":{"rendered":"<p>A campanha \u201cP\u00e9 de Ouvido\u201d \u00e9 um desdobramento da iniciativa \u201cP\u00e9 de Inf\u00e2ncia\u201d, que tem como foco o desenvolvimento pleno dos cidad\u00e3os durante a inf\u00e2ncia.<\/p>\n","protected":false},"author":27,"featured_media":102807,"comment_status":"closed","ping_status":"0","sticky":false,"template":"","format":"standard","meta":{"footnotes":""},"categories":[8356,1],"tags":[],"class_list":["post-102805","post","type-post","status-publish","format-standard","has-post-thumbnail","hentry","category-jundiai","category-noticias"],"_links":{"self":[{"href":"https:\/\/tvtecjundiai.com.br\/news\/wp-json\/wp\/v2\/posts\/102805","targetHints":{"allow":["GET"]}}],"collection":[{"href":"https:\/\/tvtecjundiai.com.br\/news\/wp-json\/wp\/v2\/posts"}],"about":[{"href":"https:\/\/tvtecjundiai.com.br\/news\/wp-json\/wp\/v2\/types\/post"}],"author":[{"embeddable":true,"href":"https:\/\/tvtecjundiai.com.br\/news\/wp-json\/wp\/v2\/users\/27"}],"replies":[{"embeddable":true,"href":"https:\/\/tvtecjundiai.com.br\/news\/wp-json\/wp\/v2\/comments?post=102805"}],"version-history":[{"count":1,"href":"https:\/\/tvtecjundiai.com.br\/news\/wp-json\/wp\/v2\/posts\/102805\/revisions"}],"predecessor-version":[{"id":102809,"href":"https:\/\/tvtecjundiai.com.br\/news\/wp-json\/wp\/v2\/posts\/102805\/revisions\/102809"}],"wp:featuredmedia":[{"embeddable":true,"href":"https:\/\/tvtecjundiai.com.br\/news\/wp-json\/wp\/v2\/media\/102807"}],"wp:attachment":[{"href":"https:\/\/tvtecjundiai.com.br\/news\/wp-json\/wp\/v2\/media?parent=102805"}],"wp:term":[{"taxonomy":"category","embeddable":true,"href":"https:\/\/tvtecjundiai.com.br\/news\/wp-json\/wp\/v2\/categories?post=102805"},{"taxonomy":"post_tag","embeddable":true,"href":"https:\/\/tvtecjundiai.com.br\/news\/wp-json\/wp\/v2\/tags?post=102805"}],"curies":[{"name":"wp","href":"https:\/\/api.w.org\/{rel}","templated":true}]}}