{"id":102806,"date":"2022-12-20T13:33:26","date_gmt":"2022-12-20T16:33:26","guid":{"rendered":"https:\/\/tvtecjundiai.com.br\/news\/?p=102806"},"modified":"2022-12-20T13:33:32","modified_gmt":"2022-12-20T16:33:32","slug":"saec-arrecada-brinquedos-para-pacientes-infantis","status":"publish","type":"post","link":"https:\/\/tvtecjundiai.com.br\/news\/2022\/12\/20\/saec-arrecada-brinquedos-para-pacientes-infantis\/","title":{"rendered":"SAEC arrecada brinquedos para pacientes infantis"},"content":{"rendered":"\n<p>Como ocorre tradicionalmente nos finais de ano, a equipe de colaboradores do Servi\u00e7o de Atendimento a Pacientes Especiais e Cr\u00f4nicos (SAEC) promove uma campanha de arrecada\u00e7\u00e3o de brinquedos, destinados aos pacientes infantis atendidos pela unidade. A a\u00e7\u00e3o conta com o apoio dos profissionais do Servi\u00e7o de Atendimento M\u00f3vel de Urg\u00eancia (SAMU).<\/p>\n\n\n\n<p>O SAEC oferece atendimento especial e exclusivo aos pacientes que necessitam de transporte para a realiza\u00e7\u00e3o de terapias, exames, consultas e altas hospitalares. A equipe conta com 65 profissionais, que realizam em m\u00e9dia 4.500 transportes por m\u00eas. Atualmente o servi\u00e7o atende 16 crian\u00e7as.<\/p>\n\n\n\n<p>A entrega dos brinquedos est\u00e1 prevista para os pr\u00f3ximos dias. Na ocasi\u00e3o, o encontro ser\u00e1 na base do SAEC, com muita alegria e emo\u00e7\u00e3o.<\/p>\n\n\n\n<figure class=\"wp-block-image size-large\"><img loading=\"lazy\" decoding=\"async\" width=\"1200\" height=\"540\" src=\"https:\/\/tvtecjundiai.com.br\/news\/wp-content\/uploads\/sites\/2\/2022\/12\/WhatsApp-Image-2022-12-20-at-13.06.55-1200x540.jpeg\" alt=\"\" class=\"wp-image-102808\" srcset=\"https:\/\/tvtecjundiai.com.br\/news\/wp-content\/uploads\/sites\/2\/2022\/12\/WhatsApp-Image-2022-12-20-at-13.06.55-1200x540.jpeg 1200w, https:\/\/tvtecjundiai.com.br\/news\/wp-content\/uploads\/sites\/2\/2022\/12\/WhatsApp-Image-2022-12-20-at-13.06.55-300x135.jpeg 300w, https:\/\/tvtecjundiai.com.br\/news\/wp-content\/uploads\/sites\/2\/2022\/12\/WhatsApp-Image-2022-12-20-at-13.06.55-768x346.jpeg 768w, https:\/\/tvtecjundiai.com.br\/news\/wp-content\/uploads\/sites\/2\/2022\/12\/WhatsApp-Image-2022-12-20-at-13.06.55.jpeg 1280w\" sizes=\"auto, (max-width: 1200px) 100vw, 1200px\" \/><\/figure>\n\n\n\n<p><\/p>\n\n\n\n<p><strong><em>(Fonte\/Imagem: Assessoria Hospital S\u00e3o Vicente)<\/em><\/strong><\/p>\n","protected":false},"excerpt":{"rendered":"<p>A campanha de Natal conta com o apoio dos profissionais do SAMU<\/p>\n","protected":false},"author":30,"featured_media":102808,"comment_status":"closed","ping_status":"0","sticky":false,"template":"","format":"standard","meta":{"footnotes":""},"categories":[8356,1],"tags":[],"class_list":["post-102806","post","type-post","status-publish","format-standard","has-post-thumbnail","hentry","category-jundiai","category-noticias"],"_links":{"self":[{"href":"https:\/\/tvtecjundiai.com.br\/news\/wp-json\/wp\/v2\/posts\/102806","targetHints":{"allow":["GET"]}}],"collection":[{"href":"https:\/\/tvtecjundiai.com.br\/news\/wp-json\/wp\/v2\/posts"}],"about":[{"href":"https:\/\/tvtecjundiai.com.br\/news\/wp-json\/wp\/v2\/types\/post"}],"author":[{"embeddable":true,"href":"https:\/\/tvtecjundiai.com.br\/news\/wp-json\/wp\/v2\/users\/30"}],"replies":[{"embeddable":true,"href":"https:\/\/tvtecjundiai.com.br\/news\/wp-json\/wp\/v2\/comments?post=102806"}],"version-history":[{"count":1,"href":"https:\/\/tvtecjundiai.com.br\/news\/wp-json\/wp\/v2\/posts\/102806\/revisions"}],"predecessor-version":[{"id":102814,"href":"https:\/\/tvtecjundiai.com.br\/news\/wp-json\/wp\/v2\/posts\/102806\/revisions\/102814"}],"wp:featuredmedia":[{"embeddable":true,"href":"https:\/\/tvtecjundiai.com.br\/news\/wp-json\/wp\/v2\/media\/102808"}],"wp:attachment":[{"href":"https:\/\/tvtecjundiai.com.br\/news\/wp-json\/wp\/v2\/media?parent=102806"}],"wp:term":[{"taxonomy":"category","embeddable":true,"href":"https:\/\/tvtecjundiai.com.br\/news\/wp-json\/wp\/v2\/categories?post=102806"},{"taxonomy":"post_tag","embeddable":true,"href":"https:\/\/tvtecjundiai.com.br\/news\/wp-json\/wp\/v2\/tags?post=102806"}],"curies":[{"name":"wp","href":"https:\/\/api.w.org\/{rel}","templated":true}]}}