{"id":102830,"date":"2022-12-20T15:32:41","date_gmt":"2022-12-20T18:32:41","guid":{"rendered":"https:\/\/tvtecjundiai.com.br\/news\/?p=102830"},"modified":"2022-12-20T15:32:42","modified_gmt":"2022-12-20T18:32:42","slug":"parque-da-cidade-e-mundo-das-criancas-estarao-fechados-no-natal-e-ano-novo","status":"publish","type":"post","link":"https:\/\/tvtecjundiai.com.br\/news\/2022\/12\/20\/parque-da-cidade-e-mundo-das-criancas-estarao-fechados-no-natal-e-ano-novo\/","title":{"rendered":"Parque da Cidade e Mundo das Crian\u00e7as estar\u00e3o fechados no Natal e Ano Novo"},"content":{"rendered":"\n<p>Os parques que integram o complexo administrado pela DAE Jundia\u00ed \u2013 Parque da Cidade e Mundo das Crian\u00e7as \u2013 ter\u00e3o o expediente alterado nos pr\u00f3ximos finais de semana em fun\u00e7\u00e3o do Natal e Ano Novo. Excepcionalmente nos dias 24, 25, 31 de dezembro e 1\u00ba de janeiro, os dois espa\u00e7os estar\u00e3o fechados.<\/p>\n\n\n<div class=\"wp-block-image\">\n<figure class=\"aligncenter size-large is-resized\"><img loading=\"lazy\" decoding=\"async\" src=\"https:\/\/tvtecjundiai.com.br\/news\/wp-content\/uploads\/sites\/2\/2022\/12\/parque_jardim_japones-11-1200x675.jpg\" alt=\"\" class=\"wp-image-102831\" width=\"689\" height=\"387\" srcset=\"https:\/\/tvtecjundiai.com.br\/news\/wp-content\/uploads\/sites\/2\/2022\/12\/parque_jardim_japones-11-1200x675.jpg 1200w, https:\/\/tvtecjundiai.com.br\/news\/wp-content\/uploads\/sites\/2\/2022\/12\/parque_jardim_japones-11-300x169.jpg 300w, https:\/\/tvtecjundiai.com.br\/news\/wp-content\/uploads\/sites\/2\/2022\/12\/parque_jardim_japones-11-768x432.jpg 768w, https:\/\/tvtecjundiai.com.br\/news\/wp-content\/uploads\/sites\/2\/2022\/12\/parque_jardim_japones-11.jpg 1280w\" sizes=\"auto, (max-width: 689px) 100vw, 689px\" \/><\/figure>\n<\/div>\n\n\n<p>Nos demais dias, o Parque da Cidade segue funcionando normalmente das 6h30 \u00e0s 19h (de segunda a sexta). Aos finais de semanas e feriados, o funcionamento \u00e9 das 6h30 \u00e0s 18hs. Todos os dias, o acesso \u00e9 permitido at\u00e9 uma hora antes do encerramento das atividades. \u00a0<\/p>\n\n\n\n<p>J\u00e1 o Mundo das Crian\u00e7as funciona de ter\u00e7a a domingo, das 7h \u00e0s 17h, com entrada autorizada at\u00e9 as 16h (\u00e0s segundas, o parque \u00e9 fechado para manuten\u00e7\u00e3o). Para visitar o Mundo aos finais de semana e feriados \u00e9 necess\u00e1rio agendar gratuitamente pelo site\u00a0<a href=\"http:\/\/www.mundodascriancasjundiai.com.br\/agendamento\/\">www.mundodascriancasjundiai.com.br\/agendamento\/<\/a>\u00a0. Novas datas s\u00e3o disponibilizadas sempre \u00e0s segundas, a partir do meio-dia.<\/p>\n\n\n\n<p><em><strong>(Fonte\/Imagem: Assessoria DAE Jundia\u00ed)<\/strong><\/em><\/p>\n","protected":false},"excerpt":{"rendered":"<p>Espa\u00e7os estar\u00e3o fechados nos dias 24, 25 e 31 de dezembro e 1\u00ba de janeiro<\/p>\n","protected":false},"author":30,"featured_media":102831,"comment_status":"closed","ping_status":"0","sticky":false,"template":"","format":"standard","meta":{"footnotes":""},"categories":[8356,8354,1],"tags":[],"class_list":["post-102830","post","type-post","status-publish","format-standard","has-post-thumbnail","hentry","category-jundiai","category-lazer","category-noticias"],"_links":{"self":[{"href":"https:\/\/tvtecjundiai.com.br\/news\/wp-json\/wp\/v2\/posts\/102830","targetHints":{"allow":["GET"]}}],"collection":[{"href":"https:\/\/tvtecjundiai.com.br\/news\/wp-json\/wp\/v2\/posts"}],"about":[{"href":"https:\/\/tvtecjundiai.com.br\/news\/wp-json\/wp\/v2\/types\/post"}],"author":[{"embeddable":true,"href":"https:\/\/tvtecjundiai.com.br\/news\/wp-json\/wp\/v2\/users\/30"}],"replies":[{"embeddable":true,"href":"https:\/\/tvtecjundiai.com.br\/news\/wp-json\/wp\/v2\/comments?post=102830"}],"version-history":[{"count":1,"href":"https:\/\/tvtecjundiai.com.br\/news\/wp-json\/wp\/v2\/posts\/102830\/revisions"}],"predecessor-version":[{"id":102832,"href":"https:\/\/tvtecjundiai.com.br\/news\/wp-json\/wp\/v2\/posts\/102830\/revisions\/102832"}],"wp:featuredmedia":[{"embeddable":true,"href":"https:\/\/tvtecjundiai.com.br\/news\/wp-json\/wp\/v2\/media\/102831"}],"wp:attachment":[{"href":"https:\/\/tvtecjundiai.com.br\/news\/wp-json\/wp\/v2\/media?parent=102830"}],"wp:term":[{"taxonomy":"category","embeddable":true,"href":"https:\/\/tvtecjundiai.com.br\/news\/wp-json\/wp\/v2\/categories?post=102830"},{"taxonomy":"post_tag","embeddable":true,"href":"https:\/\/tvtecjundiai.com.br\/news\/wp-json\/wp\/v2\/tags?post=102830"}],"curies":[{"name":"wp","href":"https:\/\/api.w.org\/{rel}","templated":true}]}}