{"id":102844,"date":"2022-12-21T08:50:17","date_gmt":"2022-12-21T11:50:17","guid":{"rendered":"https:\/\/tvtecjundiai.com.br\/news\/?p=102844"},"modified":"2022-12-21T08:50:24","modified_gmt":"2022-12-21T11:50:24","slug":"obras-do-centro-das-artes-avancam-e-tem-prazo-de-entrega-para-marco","status":"publish","type":"post","link":"https:\/\/tvtecjundiai.com.br\/news\/2022\/12\/21\/obras-do-centro-das-artes-avancam-e-tem-prazo-de-entrega-para-marco\/","title":{"rendered":"Obras do Centro das Artes avan\u00e7am e t\u00eam prazo de entrega para mar\u00e7o"},"content":{"rendered":"\n<p>Artistas de Jundia\u00ed fizeram nova vistoria \u00e0s obras do Centro das Artes, nesta segunda-feira (19), a convite da Unidade de Gest\u00e3o de Cultura (UGC) da Prefeitura. Com conclus\u00e3o prevista para mar\u00e7o, 77% dos servi\u00e7os est\u00e3o executados. O grupo conferiu detalhes de todos os ambientes do pr\u00e9dio e teve as suas d\u00favidas esclarecidas pelo gestor da \u00e1rea, Marcelo Peroni.<\/p>\n\n\n\n<p>\u201cO objetivo da visita \u00e9 apresentar para os artistas o andamento e o cuidado da Prefeitura com as obras, sempre acompanhadas pelas autoridades de preserva\u00e7\u00e3o do patrim\u00f4nio e pelo Corpo de Bombeiros. Ser\u00e1 um espa\u00e7o totalmente dedicado \u00e0 Cultura e com sua reabertura surgir\u00e3o tamb\u00e9m novas possibilidades para a classe e para a popula\u00e7\u00e3o\u201d, afirma Peroni.<\/p>\n\n\n\n<p>O prefeito Luiz Fernando Machado ressalta que a obra integra as interven\u00e7\u00f5es do Plano de Requalifica\u00e7\u00e3o e Reabilita\u00e7\u00e3o do Centro Hist\u00f3rico. \u201cA reforma completa do Centro das Artes tem como foco a preserva\u00e7\u00e3o deste importante patrim\u00f4nio hist\u00f3rico de Jundia\u00ed e leva em conta a voca\u00e7\u00e3o cultural de ocupa\u00e7\u00e3o do Centro, as demandas da classe art\u00edstica e as interven\u00e7\u00f5es necess\u00e1rias para o acesso universal de pessoas com defici\u00eancia\u201d.<\/p>\n\n\n\n<figure class=\"wp-block-image size-large\"><img loading=\"lazy\" decoding=\"async\" width=\"1200\" height=\"801\" src=\"https:\/\/tvtecjundiai.com.br\/news\/wp-content\/uploads\/sites\/2\/2022\/12\/obras-sala-gloria-rocha_fm_-9-1280x854-1-1200x801.jpg\" alt=\"\" class=\"wp-image-102845\" srcset=\"https:\/\/tvtecjundiai.com.br\/news\/wp-content\/uploads\/sites\/2\/2022\/12\/obras-sala-gloria-rocha_fm_-9-1280x854-1-1200x801.jpg 1200w, https:\/\/tvtecjundiai.com.br\/news\/wp-content\/uploads\/sites\/2\/2022\/12\/obras-sala-gloria-rocha_fm_-9-1280x854-1-300x200.jpg 300w, https:\/\/tvtecjundiai.com.br\/news\/wp-content\/uploads\/sites\/2\/2022\/12\/obras-sala-gloria-rocha_fm_-9-1280x854-1-768x512.jpg 768w, https:\/\/tvtecjundiai.com.br\/news\/wp-content\/uploads\/sites\/2\/2022\/12\/obras-sala-gloria-rocha_fm_-9-1280x854-1.jpg 1280w\" sizes=\"auto, (max-width: 1200px) 100vw, 1200px\" \/><figcaption class=\"wp-element-caption\">Espa\u00e7o ir\u00e1 ganhar uma nova sala de espet\u00e1culos no andar t\u00e9rreo, com at\u00e9 100 lugares<br><\/figcaption><\/figure>\n\n\n\n<p>Logo na entrada, o Centro das Artes ganha uma ampla \u00e1rea de conviv\u00eancia, com espa\u00e7o para apresenta\u00e7\u00f5es e proje\u00e7\u00f5es art\u00edsticas, central de bilheteria de todos os equipamentos da UGC, uma cafeteria e um emp\u00f3rio para comercializa\u00e7\u00e3o de produtos locais, como livros de autores jundiaienses e artesanato do Jundia\u00ed feito \u00e0 M\u00e3o. Ainda no espa\u00e7o, haver\u00e1 um ambiente de co-working do Jundia\u00ed Empreendedora.<\/p>\n\n\n\n<figure class=\"wp-block-image size-large\"><img loading=\"lazy\" decoding=\"async\" width=\"1200\" height=\"801\" src=\"https:\/\/tvtecjundiai.com.br\/news\/wp-content\/uploads\/sites\/2\/2022\/12\/obras-sala-gloria-rocha_fm_-4-1200x801.jpg\" alt=\"\" class=\"wp-image-102851\" srcset=\"https:\/\/tvtecjundiai.com.br\/news\/wp-content\/uploads\/sites\/2\/2022\/12\/obras-sala-gloria-rocha_fm_-4-1200x801.jpg 1200w, https:\/\/tvtecjundiai.com.br\/news\/wp-content\/uploads\/sites\/2\/2022\/12\/obras-sala-gloria-rocha_fm_-4-300x200.jpg 300w, https:\/\/tvtecjundiai.com.br\/news\/wp-content\/uploads\/sites\/2\/2022\/12\/obras-sala-gloria-rocha_fm_-4-768x512.jpg 768w, https:\/\/tvtecjundiai.com.br\/news\/wp-content\/uploads\/sites\/2\/2022\/12\/obras-sala-gloria-rocha_fm_-4.jpg 1280w\" sizes=\"auto, (max-width: 1200px) 100vw, 1200px\" \/><\/figure>\n\n\n\n<p>O diferencial do projeto, segundo o gestor, \u00e9 a manuten\u00e7\u00e3o da hist\u00f3ria do espa\u00e7o e, ao mesmo tempo, os aspectos inovadores que far\u00e3o da Sala Gl\u00f3ria Rocha um dos espa\u00e7os teatrais mais modernos do Brasil. O tratamento ac\u00fastico come\u00e7a desde o acesso, como barreiras, porta e cortinas, e segue em todo o espa\u00e7o, tanto nas paredes quanto no teto.<\/p>\n\n\n\n<p>A sala de espet\u00e1culo tamb\u00e9m ganha amplia\u00e7\u00e3o de seu p\u00e9 direito, maior \u00e1rea de palco e um corredor de rotunda, al\u00e9m de uma cabine de audiodescri\u00e7\u00e3o, ao lado da sala de som e luz. Al\u00e9m disso, dever\u00e1 receber, como pr\u00f3ximas interven\u00e7\u00f5es, sua nova roupagem g\u00eanica, cortinas e poltronas.<\/p>\n\n\n\n<figure class=\"wp-block-image size-large\"><img loading=\"lazy\" decoding=\"async\" width=\"1200\" height=\"801\" src=\"https:\/\/tvtecjundiai.com.br\/news\/wp-content\/uploads\/sites\/2\/2022\/12\/obras-sala-gloria-rocha_fm_-37-1280x854-1-1200x801.jpg\" alt=\"\" class=\"wp-image-102846\" srcset=\"https:\/\/tvtecjundiai.com.br\/news\/wp-content\/uploads\/sites\/2\/2022\/12\/obras-sala-gloria-rocha_fm_-37-1280x854-1-1200x801.jpg 1200w, https:\/\/tvtecjundiai.com.br\/news\/wp-content\/uploads\/sites\/2\/2022\/12\/obras-sala-gloria-rocha_fm_-37-1280x854-1-300x200.jpg 300w, https:\/\/tvtecjundiai.com.br\/news\/wp-content\/uploads\/sites\/2\/2022\/12\/obras-sala-gloria-rocha_fm_-37-1280x854-1-768x512.jpg 768w, https:\/\/tvtecjundiai.com.br\/news\/wp-content\/uploads\/sites\/2\/2022\/12\/obras-sala-gloria-rocha_fm_-37-1280x854-1.jpg 1280w\" sizes=\"auto, (max-width: 1200px) 100vw, 1200px\" \/><figcaption class=\"wp-element-caption\">Al\u00e9m da escada principal, o acesso ao piso superior poder\u00e1 ser feito tamb\u00e9m por elevador<br><\/figcaption><\/figure>\n\n\n\n<p><strong>Outras novidades<\/strong><br>O t\u00e9rreo do Centro das Artes tamb\u00e9m vai ganhar uma nova sala de espet\u00e1culos, com at\u00e9 100 lugares m\u00f3veis, para disposi\u00e7\u00e3o conforme a necessidade, e no andar superior, uma Galeria de Exposi\u00e7\u00f5es, com ilumina\u00e7\u00e3o c\u00eanica adequada. O acesso ao piso superior poder\u00e1 ser feito pela escada principal ou elevador, o que garante acessibilidade.<\/p>\n\n\n\n<p>Durante a visita, os artistas, ainda, puderam conferir tamb\u00e9m as novidades dos camarins, a nova sala para atendimento \u00e0 imprensa, o espa\u00e7o onde ser\u00e1 instalado o elevador para carregamento de cen\u00e1rios e equipamento, o corredor de acesso da produ\u00e7\u00e3o, al\u00e9m de banheiros e salas para usos m\u00faltiplos, e conheceram as propostas de interven\u00e7\u00f5es na rua Bar\u00e3o de Jundia\u00ed, em frente ao local.<\/p>\n\n\n\n<p>Para o dramaturgo Marcos Duarte, a visita foi o retorno a um espa\u00e7o cheio de mem\u00f3rias. \u201cA Prefeitura, finalmente, transformou a Sala Gl\u00f3ria Rocha num palco de teatro. Saio daqui com a sensa\u00e7\u00e3o de que foi uma obra que levou seu tempo por conta de seus importantes detalhes e de que ser\u00e1 entregue da melhor maneira poss\u00edvel, do jeito que a classe art\u00edstica e a popula\u00e7\u00e3o jundiaienses merecem\u201d, comentou Marcos, que j\u00e1 diz ter pisado aquele palco como ator, escritor, iluminador e cen\u00f3grafo.<\/p>\n\n\n\n<p>A visita tamb\u00e9m foi acompanhada por Vast\u00ed Atique e Alex Soares, respectivamente, diretores art\u00edsticos do Coral Municipal e da Cia. Jovem de Dan\u00e7a, corpos art\u00edsticos municipais. \u201cAqui vivemos Encontros de Corais fabulosos. Estou at\u00e9 emocionada de ver tantas melhorias surgindo\u201d, comentou Vast\u00ed.<\/p>\n\n\n\n<p>\u201cDurante a visita j\u00e1 pensei em poss\u00edveis espet\u00e1culos, talvez duos ou trios dos bailarinos da companhia, com os outros corpos art\u00edsticos com m\u00fasica ao vivo junto com a Orquestra ou com o Coral, algo que j\u00e1 est\u00e1 em nossos planos\u201d, declarou Alex.<\/p>\n\n\n\n<figure class=\"wp-block-image size-large\"><img loading=\"lazy\" decoding=\"async\" width=\"1200\" height=\"801\" src=\"https:\/\/tvtecjundiai.com.br\/news\/wp-content\/uploads\/sites\/2\/2022\/12\/visita_artistas_centro_das_artes_pa49-1-1280x854-1-1200x801.jpg\" alt=\"\" class=\"wp-image-102849\" srcset=\"https:\/\/tvtecjundiai.com.br\/news\/wp-content\/uploads\/sites\/2\/2022\/12\/visita_artistas_centro_das_artes_pa49-1-1280x854-1-1200x801.jpg 1200w, https:\/\/tvtecjundiai.com.br\/news\/wp-content\/uploads\/sites\/2\/2022\/12\/visita_artistas_centro_das_artes_pa49-1-1280x854-1-300x200.jpg 300w, https:\/\/tvtecjundiai.com.br\/news\/wp-content\/uploads\/sites\/2\/2022\/12\/visita_artistas_centro_das_artes_pa49-1-1280x854-1-768x512.jpg 768w, https:\/\/tvtecjundiai.com.br\/news\/wp-content\/uploads\/sites\/2\/2022\/12\/visita_artistas_centro_das_artes_pa49-1-1280x854-1.jpg 1280w\" sizes=\"auto, (max-width: 1200px) 100vw, 1200px\" \/><\/figure>\n\n\n\n<figure class=\"wp-block-image size-large\"><img loading=\"lazy\" decoding=\"async\" width=\"1200\" height=\"801\" src=\"https:\/\/tvtecjundiai.com.br\/news\/wp-content\/uploads\/sites\/2\/2022\/12\/visita_artistas_centro_das_artes_pa44-1-1280x854-3-1200x801.jpg\" alt=\"\" class=\"wp-image-102850\" srcset=\"https:\/\/tvtecjundiai.com.br\/news\/wp-content\/uploads\/sites\/2\/2022\/12\/visita_artistas_centro_das_artes_pa44-1-1280x854-3-1200x801.jpg 1200w, https:\/\/tvtecjundiai.com.br\/news\/wp-content\/uploads\/sites\/2\/2022\/12\/visita_artistas_centro_das_artes_pa44-1-1280x854-3-300x200.jpg 300w, https:\/\/tvtecjundiai.com.br\/news\/wp-content\/uploads\/sites\/2\/2022\/12\/visita_artistas_centro_das_artes_pa44-1-1280x854-3-768x512.jpg 768w, https:\/\/tvtecjundiai.com.br\/news\/wp-content\/uploads\/sites\/2\/2022\/12\/visita_artistas_centro_das_artes_pa44-1-1280x854-3.jpg 1280w\" sizes=\"auto, (max-width: 1200px) 100vw, 1200px\" \/><\/figure>\n\n\n\n<p>Entre os artistas que acompanharam a vistoria estiveram o dramaturgo Marcos Duarte e os diretores art\u00edsticos Alex Soares e Vast\u00ed Atique<\/p>\n\n\n\n<p><em><strong>( Fonte\/ Imagens: Prefeitura de Jundia\u00ed)<\/strong><\/em><\/p>\n","protected":false},"excerpt":{"rendered":"<p>A reforma completa do Centro das Artes, tem como foco a preserva\u00e7\u00e3o deste importante patrim\u00f4nio hist\u00f3rico de Jundia\u00ed.<\/p>\n","protected":false},"author":27,"featured_media":102851,"comment_status":"closed","ping_status":"0","sticky":false,"template":"","format":"standard","meta":{"footnotes":""},"categories":[8356,1],"tags":[],"class_list":["post-102844","post","type-post","status-publish","format-standard","has-post-thumbnail","hentry","category-jundiai","category-noticias"],"_links":{"self":[{"href":"https:\/\/tvtecjundiai.com.br\/news\/wp-json\/wp\/v2\/posts\/102844","targetHints":{"allow":["GET"]}}],"collection":[{"href":"https:\/\/tvtecjundiai.com.br\/news\/wp-json\/wp\/v2\/posts"}],"about":[{"href":"https:\/\/tvtecjundiai.com.br\/news\/wp-json\/wp\/v2\/types\/post"}],"author":[{"embeddable":true,"href":"https:\/\/tvtecjundiai.com.br\/news\/wp-json\/wp\/v2\/users\/27"}],"replies":[{"embeddable":true,"href":"https:\/\/tvtecjundiai.com.br\/news\/wp-json\/wp\/v2\/comments?post=102844"}],"version-history":[{"count":1,"href":"https:\/\/tvtecjundiai.com.br\/news\/wp-json\/wp\/v2\/posts\/102844\/revisions"}],"predecessor-version":[{"id":102852,"href":"https:\/\/tvtecjundiai.com.br\/news\/wp-json\/wp\/v2\/posts\/102844\/revisions\/102852"}],"wp:featuredmedia":[{"embeddable":true,"href":"https:\/\/tvtecjundiai.com.br\/news\/wp-json\/wp\/v2\/media\/102851"}],"wp:attachment":[{"href":"https:\/\/tvtecjundiai.com.br\/news\/wp-json\/wp\/v2\/media?parent=102844"}],"wp:term":[{"taxonomy":"category","embeddable":true,"href":"https:\/\/tvtecjundiai.com.br\/news\/wp-json\/wp\/v2\/categories?post=102844"},{"taxonomy":"post_tag","embeddable":true,"href":"https:\/\/tvtecjundiai.com.br\/news\/wp-json\/wp\/v2\/tags?post=102844"}],"curies":[{"name":"wp","href":"https:\/\/api.w.org\/{rel}","templated":true}]}}