{"id":102860,"date":"2022-12-21T10:00:37","date_gmt":"2022-12-21T13:00:37","guid":{"rendered":"https:\/\/tvtecjundiai.com.br\/news\/?p=102860"},"modified":"2022-12-21T10:00:38","modified_gmt":"2022-12-21T13:00:38","slug":"verao-comeca-nesta-quarta-feira-21-com-maxima-de-24c-em-jundiai","status":"publish","type":"post","link":"https:\/\/tvtecjundiai.com.br\/news\/2022\/12\/21\/verao-comeca-nesta-quarta-feira-21-com-maxima-de-24c-em-jundiai\/","title":{"rendered":"Ver\u00e3o come\u00e7a nesta quarta-feira (21), com m\u00e1xima de 24\u00b0C em Jundia\u00ed"},"content":{"rendered":"\n<p>Apesar de os \u00faltimos dias terem sido bastante abafados em Jundia\u00ed, o ver\u00e3o come\u00e7a oficialmente nesta quarta-feira (21). Nessa esta\u00e7\u00e3o, as temperaturas costumam ser elevadas e os dias s\u00e3o mais longos do que os dias das outras esta\u00e7\u00f5es, pois o sol nasce antes e se p\u00f5e depois do que o de costume. <\/p>\n\n\n\n<p>Segundo o Climatempo, nesta quarta-feira (21) o dia deve ser de sol e aumento de nuvens pela manh\u00e3, com pancadas de chuva \u00e0 tarde que devem somar apenas 5mm. \u00c0 noite o tempo fica aberto. Os term\u00f4metros ficam entre 17\u00b0C e 24\u00b0C.<\/p>\n\n\n<div class=\"wp-block-image\">\n<figure class=\"aligncenter size-full is-resized\"><img loading=\"lazy\" decoding=\"async\" src=\"https:\/\/tvtecjundiai.com.br\/news\/wp-content\/uploads\/sites\/2\/2022\/12\/WhatsApp-Image-2022-11-30-at-15.08.57-1.jpeg\" alt=\"\" class=\"wp-image-102861\" width=\"579\" height=\"434\" srcset=\"https:\/\/tvtecjundiai.com.br\/news\/wp-content\/uploads\/sites\/2\/2022\/12\/WhatsApp-Image-2022-11-30-at-15.08.57-1.jpeg 1024w, https:\/\/tvtecjundiai.com.br\/news\/wp-content\/uploads\/sites\/2\/2022\/12\/WhatsApp-Image-2022-11-30-at-15.08.57-1-300x225.jpeg 300w, https:\/\/tvtecjundiai.com.br\/news\/wp-content\/uploads\/sites\/2\/2022\/12\/WhatsApp-Image-2022-11-30-at-15.08.57-1-768x576.jpeg 768w\" sizes=\"auto, (max-width: 579px) 100vw, 579px\" \/><\/figure>\n<\/div>\n\n\n<p><em><strong>(Fonte: TVTEC Jundia\u00ed\/Imagem: Juliano Justino)<\/strong><\/em><\/p>\n","protected":false},"excerpt":{"rendered":"<p>Nessa esta\u00e7\u00e3o, as temperaturas costumam ser elevadas e os dias s\u00e3o mais longos<\/p>\n","protected":false},"author":30,"featured_media":102861,"comment_status":"closed","ping_status":"0","sticky":false,"template":"","format":"standard","meta":{"footnotes":""},"categories":[3185,8356,1],"tags":[],"class_list":["post-102860","post","type-post","status-publish","format-standard","has-post-thumbnail","hentry","category-clima","category-jundiai","category-noticias"],"_links":{"self":[{"href":"https:\/\/tvtecjundiai.com.br\/news\/wp-json\/wp\/v2\/posts\/102860","targetHints":{"allow":["GET"]}}],"collection":[{"href":"https:\/\/tvtecjundiai.com.br\/news\/wp-json\/wp\/v2\/posts"}],"about":[{"href":"https:\/\/tvtecjundiai.com.br\/news\/wp-json\/wp\/v2\/types\/post"}],"author":[{"embeddable":true,"href":"https:\/\/tvtecjundiai.com.br\/news\/wp-json\/wp\/v2\/users\/30"}],"replies":[{"embeddable":true,"href":"https:\/\/tvtecjundiai.com.br\/news\/wp-json\/wp\/v2\/comments?post=102860"}],"version-history":[{"count":1,"href":"https:\/\/tvtecjundiai.com.br\/news\/wp-json\/wp\/v2\/posts\/102860\/revisions"}],"predecessor-version":[{"id":102862,"href":"https:\/\/tvtecjundiai.com.br\/news\/wp-json\/wp\/v2\/posts\/102860\/revisions\/102862"}],"wp:featuredmedia":[{"embeddable":true,"href":"https:\/\/tvtecjundiai.com.br\/news\/wp-json\/wp\/v2\/media\/102861"}],"wp:attachment":[{"href":"https:\/\/tvtecjundiai.com.br\/news\/wp-json\/wp\/v2\/media?parent=102860"}],"wp:term":[{"taxonomy":"category","embeddable":true,"href":"https:\/\/tvtecjundiai.com.br\/news\/wp-json\/wp\/v2\/categories?post=102860"},{"taxonomy":"post_tag","embeddable":true,"href":"https:\/\/tvtecjundiai.com.br\/news\/wp-json\/wp\/v2\/tags?post=102860"}],"curies":[{"name":"wp","href":"https:\/\/api.w.org\/{rel}","templated":true}]}}