{"id":102863,"date":"2022-12-21T10:26:49","date_gmt":"2022-12-21T13:26:49","guid":{"rendered":"https:\/\/tvtecjundiai.com.br\/news\/?p=102863"},"modified":"2022-12-21T10:26:50","modified_gmt":"2022-12-21T13:26:50","slug":"cultura-promove-diversas-acoes-em-janeiro-para-as-ferias-da-garotada","status":"publish","type":"post","link":"https:\/\/tvtecjundiai.com.br\/news\/2022\/12\/21\/cultura-promove-diversas-acoes-em-janeiro-para-as-ferias-da-garotada\/","title":{"rendered":"Cultura promove diversas a\u00e7\u00f5es em janeiro para as f\u00e9rias da garotada"},"content":{"rendered":"\n<p>Para a alegria da garotada que ficar\u00e1 em Jundia\u00ed nas f\u00e9rias escolares de janeiro e para tranquilidade de seus pais e cuidadores, a Unidade de Gest\u00e3o de Cultura (UGC) promover\u00e1 uma s\u00e9rie de a\u00e7\u00f5es em quatro dos seus equipamentos: F\u00e1brica das Inf\u00e2ncias Japy, Biblioteca Nelson Foot, Biblioteca da Pracinha da Cultura no Vista Alegre e Teatro Polytheama, totalmente gratuitas.<\/p>\n\n\n\n<p>Para o gestor de Cultura, Marcelo Peroni, todas as a\u00e7\u00f5es programadas t\u00eam como proposta a utiliza\u00e7\u00e3o e apropria\u00e7\u00e3o dos espa\u00e7os p\u00fablicos pelas crian\u00e7as e seus familiares ou cuidadores, para que possam n\u00e3o apenas brincar e aprender, mas tamb\u00e9m conviver com outras crian\u00e7as e fam\u00edlias. \u201cPor meio de atividades l\u00fadicas, m\u00fasicas, hist\u00f3rias e encena\u00e7\u00f5es o Programa Municipal Cidade das Crian\u00e7as vai se solidificando. Ser\u00e1 um m\u00eas bastante movimentado e temos certeza de que as crian\u00e7as v\u00e3o aproveitar cada atividade que ser\u00e1 apresentada\u201d, destacou Peroni.<\/p>\n\n\n\n<figure class=\"wp-block-gallery has-nested-images columns-default is-cropped wp-block-gallery-1 is-layout-flex wp-block-gallery-is-layout-flex\">\n<figure class=\"wp-block-image size-large\"><img loading=\"lazy\" decoding=\"async\" width=\"851\" height=\"566\" data-id=\"102867\" src=\"https:\/\/tvtecjundiai.com.br\/news\/wp-content\/uploads\/sites\/2\/2022\/12\/charanga-tramp.jpg\" alt=\"\" class=\"wp-image-102867\" srcset=\"https:\/\/tvtecjundiai.com.br\/news\/wp-content\/uploads\/sites\/2\/2022\/12\/charanga-tramp.jpg 851w, https:\/\/tvtecjundiai.com.br\/news\/wp-content\/uploads\/sites\/2\/2022\/12\/charanga-tramp-300x200.jpg 300w, https:\/\/tvtecjundiai.com.br\/news\/wp-content\/uploads\/sites\/2\/2022\/12\/charanga-tramp-768x511.jpg 768w\" sizes=\"auto, (max-width: 851px) 100vw, 851px\" \/><\/figure>\n\n\n\n<figure class=\"wp-block-image size-large\"><img loading=\"lazy\" decoding=\"async\" width=\"1200\" height=\"801\" data-id=\"102868\" src=\"https:\/\/tvtecjundiai.com.br\/news\/wp-content\/uploads\/sites\/2\/2022\/12\/cia-biombo-1280x854-1-1200x801.jpg\" alt=\"\" class=\"wp-image-102868\" srcset=\"https:\/\/tvtecjundiai.com.br\/news\/wp-content\/uploads\/sites\/2\/2022\/12\/cia-biombo-1280x854-1-1200x801.jpg 1200w, https:\/\/tvtecjundiai.com.br\/news\/wp-content\/uploads\/sites\/2\/2022\/12\/cia-biombo-1280x854-1-300x200.jpg 300w, https:\/\/tvtecjundiai.com.br\/news\/wp-content\/uploads\/sites\/2\/2022\/12\/cia-biombo-1280x854-1-768x512.jpg 768w, https:\/\/tvtecjundiai.com.br\/news\/wp-content\/uploads\/sites\/2\/2022\/12\/cia-biombo-1280x854-1.jpg 1280w\" sizes=\"auto, (max-width: 1200px) 100vw, 1200px\" \/><\/figure>\n\n\n\n<figure class=\"wp-block-image size-large\"><img loading=\"lazy\" decoding=\"async\" width=\"1200\" height=\"900\" data-id=\"102869\" src=\"https:\/\/tvtecjundiai.com.br\/news\/wp-content\/uploads\/sites\/2\/2022\/12\/grifo-1280x960-1-1200x900.jpeg\" alt=\"\" class=\"wp-image-102869\" srcset=\"https:\/\/tvtecjundiai.com.br\/news\/wp-content\/uploads\/sites\/2\/2022\/12\/grifo-1280x960-1-1200x900.jpeg 1200w, https:\/\/tvtecjundiai.com.br\/news\/wp-content\/uploads\/sites\/2\/2022\/12\/grifo-1280x960-1-300x225.jpeg 300w, https:\/\/tvtecjundiai.com.br\/news\/wp-content\/uploads\/sites\/2\/2022\/12\/grifo-1280x960-1-768x576.jpeg 768w, https:\/\/tvtecjundiai.com.br\/news\/wp-content\/uploads\/sites\/2\/2022\/12\/grifo-1280x960-1.jpeg 1280w\" sizes=\"auto, (max-width: 1200px) 100vw, 1200px\" \/><\/figure>\n<\/figure>\n\n\n\n<figure class=\"wp-block-gallery has-nested-images columns-default is-cropped wp-block-gallery-2 is-layout-flex wp-block-gallery-is-layout-flex\">\n<figure class=\"wp-block-image size-large\"><img loading=\"lazy\" decoding=\"async\" width=\"1200\" height=\"800\" data-id=\"102870\" src=\"https:\/\/tvtecjundiai.com.br\/news\/wp-content\/uploads\/sites\/2\/2022\/12\/historias-e-origamis-1280x853-1-1200x800.jpg\" alt=\"\" class=\"wp-image-102870\" srcset=\"https:\/\/tvtecjundiai.com.br\/news\/wp-content\/uploads\/sites\/2\/2022\/12\/historias-e-origamis-1280x853-1-1200x800.jpg 1200w, https:\/\/tvtecjundiai.com.br\/news\/wp-content\/uploads\/sites\/2\/2022\/12\/historias-e-origamis-1280x853-1-300x200.jpg 300w, https:\/\/tvtecjundiai.com.br\/news\/wp-content\/uploads\/sites\/2\/2022\/12\/historias-e-origamis-1280x853-1-768x512.jpg 768w, https:\/\/tvtecjundiai.com.br\/news\/wp-content\/uploads\/sites\/2\/2022\/12\/historias-e-origamis-1280x853-1.jpg 1280w\" sizes=\"auto, (max-width: 1200px) 100vw, 1200px\" \/><\/figure>\n\n\n\n<figure class=\"wp-block-image size-large\"><img loading=\"lazy\" decoding=\"async\" width=\"1200\" height=\"675\" data-id=\"102871\" src=\"https:\/\/tvtecjundiai.com.br\/news\/wp-content\/uploads\/sites\/2\/2022\/12\/luizabitencourt-1280x720-1-1200x675.jpg\" alt=\"\" class=\"wp-image-102871\" srcset=\"https:\/\/tvtecjundiai.com.br\/news\/wp-content\/uploads\/sites\/2\/2022\/12\/luizabitencourt-1280x720-1-1200x675.jpg 1200w, https:\/\/tvtecjundiai.com.br\/news\/wp-content\/uploads\/sites\/2\/2022\/12\/luizabitencourt-1280x720-1-300x169.jpg 300w, https:\/\/tvtecjundiai.com.br\/news\/wp-content\/uploads\/sites\/2\/2022\/12\/luizabitencourt-1280x720-1-768x432.jpg 768w, https:\/\/tvtecjundiai.com.br\/news\/wp-content\/uploads\/sites\/2\/2022\/12\/luizabitencourt-1280x720-1.jpg 1280w\" sizes=\"auto, (max-width: 1200px) 100vw, 1200px\" \/><\/figure>\n<\/figure>\n\n\n\n<p>Em cada equipamento da Unidade de Cultura, as crian\u00e7as v\u00e3o encontrar um tipo de atividade. Na Biblioteca Nelson Foot e na Biblioteca da Pracinha da Cultura do Vista Alegre, ser\u00e3o conta\u00e7\u00e3o de hist\u00f3rias, teatro infantil e oficinas diversas, j\u00e1 a partir do dia 03 de janeiro (ter\u00e7a-feira).<\/p>\n\n\n\n<p>J\u00e1 na F\u00e1brica das Inf\u00e2ncias Japy, a programa\u00e7\u00e3o al\u00e9m de conta\u00e7\u00e3o de hist\u00f3rias, tamb\u00e9m haver\u00e1 oficinas de brincar, apresenta\u00e7\u00f5es musicais e circenses, com a primeira atividade programada para o dia 07 de janeiro (s\u00e1bado).<\/p>\n\n\n\n<figure class=\"wp-block-gallery has-nested-images columns-default is-cropped wp-block-gallery-3 is-layout-flex wp-block-gallery-is-layout-flex\">\n<figure class=\"wp-block-image size-large\"><img loading=\"lazy\" decoding=\"async\" width=\"500\" height=\"500\" data-id=\"102872\" src=\"https:\/\/tvtecjundiai.com.br\/news\/wp-content\/uploads\/sites\/2\/2022\/12\/amorah-foto-3.png\" alt=\"\" class=\"wp-image-102872\" srcset=\"https:\/\/tvtecjundiai.com.br\/news\/wp-content\/uploads\/sites\/2\/2022\/12\/amorah-foto-3.png 500w, https:\/\/tvtecjundiai.com.br\/news\/wp-content\/uploads\/sites\/2\/2022\/12\/amorah-foto-3-300x300.png 300w, https:\/\/tvtecjundiai.com.br\/news\/wp-content\/uploads\/sites\/2\/2022\/12\/amorah-foto-3-100x100.png 100w\" sizes=\"auto, (max-width: 500px) 100vw, 500px\" \/><\/figure>\n\n\n\n<figure class=\"wp-block-image size-large\"><img loading=\"lazy\" decoding=\"async\" width=\"1200\" height=\"800\" data-id=\"102873\" src=\"https:\/\/tvtecjundiai.com.br\/news\/wp-content\/uploads\/sites\/2\/2022\/12\/pracinha-cultura-1280x853-1-1200x800.jpg\" alt=\"\" class=\"wp-image-102873\" srcset=\"https:\/\/tvtecjundiai.com.br\/news\/wp-content\/uploads\/sites\/2\/2022\/12\/pracinha-cultura-1280x853-1-1200x800.jpg 1200w, https:\/\/tvtecjundiai.com.br\/news\/wp-content\/uploads\/sites\/2\/2022\/12\/pracinha-cultura-1280x853-1-300x200.jpg 300w, https:\/\/tvtecjundiai.com.br\/news\/wp-content\/uploads\/sites\/2\/2022\/12\/pracinha-cultura-1280x853-1-768x512.jpg 768w, https:\/\/tvtecjundiai.com.br\/news\/wp-content\/uploads\/sites\/2\/2022\/12\/pracinha-cultura-1280x853-1.jpg 1280w\" sizes=\"auto, (max-width: 1200px) 100vw, 1200px\" \/><\/figure>\n\n\n\n<figure class=\"wp-block-image size-large\"><img loading=\"lazy\" decoding=\"async\" width=\"1200\" height=\"851\" data-id=\"102874\" src=\"https:\/\/tvtecjundiai.com.br\/news\/wp-content\/uploads\/sites\/2\/2022\/12\/rick-e-kelly-1200x851.jpg\" alt=\"\" class=\"wp-image-102874\" srcset=\"https:\/\/tvtecjundiai.com.br\/news\/wp-content\/uploads\/sites\/2\/2022\/12\/rick-e-kelly-1200x851.jpg 1200w, https:\/\/tvtecjundiai.com.br\/news\/wp-content\/uploads\/sites\/2\/2022\/12\/rick-e-kelly-300x213.jpg 300w, https:\/\/tvtecjundiai.com.br\/news\/wp-content\/uploads\/sites\/2\/2022\/12\/rick-e-kelly-768x544.jpg 768w, https:\/\/tvtecjundiai.com.br\/news\/wp-content\/uploads\/sites\/2\/2022\/12\/rick-e-kelly.jpg 1240w\" sizes=\"auto, (max-width: 1200px) 100vw, 1200px\" \/><\/figure>\n<\/figure>\n\n\n\n<p>No Teatro Polytheama acontecer\u00e3o espet\u00e1culos teatrais para o p\u00fablico infantojuvenil, com sess\u00f5es aos s\u00e1bados e domingos, sempre \u00e0s 16h, com entrada gratuita. No palco apresenta\u00e7\u00f5es de companhias consagradas como Circo M\u00ednimo, Cia. Delas, Cia. Circo de Bonecos e Cia. Trucks. A primeira apresenta\u00e7\u00e3o est\u00e1 prevista para o dia 15 de janeiro (domingo) e prosseguir\u00e3o nos dias 21, 22, 28 e 29 (s\u00e1bados e domingos).<\/p>\n\n\n\n<p>Confira a programa\u00e7\u00e3o em cada equipamento cultural:<\/p>\n\n\n\n<p><strong>Biblioteca da Pracinha da Cultura no Vista Alegre \u2013\u00a0antigo CEU das Artes (rua Cabo Edvaldo Quirino Santana, 46-110. Telefone (11) 4521-6193)<\/strong><\/p>\n\n\n\n<ul class=\"wp-block-list\">\n<li>Conta\u00e7\u00e3o de Hist\u00f3rias com a Cia. Giro no Biombo \u2013 dias 03, 10, 17, 24 e 31 de janeiro, das 17h \u00e0s 18h.<\/li>\n\n\n\n<li>Conta\u00e7\u00e3o de Hist\u00f3ria com a Cia. Cena 4 \u2013 dia 05, das 17h \u00e0s 18h.<\/li>\n\n\n\n<li>Conta\u00e7\u00e3o de Hist\u00f3ria com a Cia. Rabo de Cutia \u2013 dia 12, das 17h \u00e0s 18h.<\/li>\n\n\n\n<li>L\u00ea no Ninho com brincadeiras musicadas com Luiza Bitencourt e Gabriel Pereira \u2013 dia 19, das 16h \u00e0s 17h.<\/li>\n\n\n\n<li>Espet\u00e1culo \u201cCharanga da Tramp\u201d com a Cia. Tramp de Palha\u00e7os \u2013 dia 26, das 17h \u00e0s 18h.<\/li>\n<\/ul>\n\n\n\n<p><strong>Biblioteca Nelson Foot \u2013\u00a0Complexo Argos \u2013 rua Dr. Cavalcanti, 396 \u2013 Vila Arens. Telefone (11) 4527-2110.<\/strong><\/p>\n\n\n\n<ul class=\"wp-block-list\">\n<li>Conta\u00e7\u00e3o de Hist\u00f3rias com a Cia. Giro no Biombo \u2013 dia 7, das 11h \u00e0s 12h.<\/li>\n\n\n\n<li>Oficina Gentileza Gera Gentileza \u2013 Oficina de Pulseirinhas, com Eliane Diana Nunes e Rhanna \u2013 dia 9, das 16h \u00e0s 18h.<\/li>\n\n\n\n<li>Espet\u00e1culo \u201c A dona Baratinha\u201d, com Cia. Rick Kelly \u2013 dia 10, das 16h \u00e0s 17h.<\/li>\n\n\n\n<li>Conta\u00e7\u00e3o de Hist\u00f3ria com Oficina, com Cia. Giro no Biombo \u2013 dia 11, das 16h \u00e0s 18h.<\/li>\n\n\n\n<li>Espet\u00e1culo \u201c Os Marinheiros\u201d, com Cia. Grifo Teatro \u2013 dia 12, das 16h \u00e0s 17h.<\/li>\n\n\n\n<li>Conta\u00e7\u00e3o de hist\u00f3ria com Oficina, com Cia. Rabo de Cutia \u2013 dia 13, das 16h \u00e0s 18h.<\/li>\n\n\n\n<li>L\u00ea no Ninho com brincadeiras musicais, com Luiza Bitencourt e Gabriel Pereira \u2013 dia 14, das 11h \u00e0s 12h.<\/li>\n\n\n\n<li>Conta\u00e7\u00e3o de Hist\u00f3ria, com Luiza Bitencourt e Gabriel Pereira \u2013 dia 16, das 16h \u00e0s 17h.<\/li>\n\n\n\n<li>Oficina de Barquinhos de Papel, com Luiza Bitencourt e Gabriel Pereira, dia 16, das 17h \u00e0s 18h.<\/li>\n\n\n\n<li>Oficina de Leitura: \u201d Lendo o mundo: livro imagem\u201d, com M\u00e1rcio Martelli e Eliana Diana \u2013 dia 17, das 16h \u00e0s 18h.<\/li>\n\n\n\n<li>Conta\u00e7\u00e3o de Hist\u00f3ria com Oficina, com Cia. Giro no Biombo \u2013 dia 18, das 16h \u00e0s 18h.<\/li>\n\n\n\n<li>Conta\u00e7\u00e3o de Hist\u00f3ria com Oficina, com Cia. Inspirarte \u2013 dia 19, das 16h \u00e0s 18h.<\/li>\n\n\n\n<li>Conta\u00e7\u00e3o de Hist\u00f3ria, com Luiza Bitencourt e Gabriel Pereira \u2013 dia 20, das 16h \u00e0s 17h.<\/li>\n\n\n\n<li>Oficina do Ponto ao Conto, com Edivaldo Zanotti e Luiza Bitencourt \u2013 dia 20, das 17h \u00e0s 18h.<\/li>\n\n\n\n<li>Conta\u00e7\u00e3o de hist\u00f3ria, com Cia. Rabo de Cutia \u2013 dia 21, das 11h \u00e0s 12h.<\/li>\n\n\n\n<li>Curso Livre: Manual pr\u00e1tico para leitura \u2013 com Gustavo Salmazo \u2013&nbsp; dias 21 e 28, das 10h \u00e0s 12h.<\/li>\n\n\n\n<li>Conta\u00e7\u00e3o de Hist\u00f3ria com Oficina, com a Cia. Uni Verso &amp; Prosa \u2013 dia 25, das 16h \u00e0s 18h.<\/li>\n\n\n\n<li>Conta\u00e7\u00e3o de Hist\u00f3ria, com a Cia. Contando com Encanto \u2013 dia 26, das 16h \u00e0s 18h.<\/li>\n<\/ul>\n\n\n\n<p><\/p>\n\n\n\n<figure class=\"wp-block-gallery has-nested-images columns-default is-cropped wp-block-gallery-4 is-layout-flex wp-block-gallery-is-layout-flex\">\n<figure class=\"wp-block-image size-large\"><img loading=\"lazy\" decoding=\"async\" width=\"798\" height=\"529\" data-id=\"102876\" src=\"https:\/\/tvtecjundiai.com.br\/news\/wp-content\/uploads\/sites\/2\/2022\/12\/cia-circo-bonecos-1.jpg\" alt=\"\" class=\"wp-image-102876\" srcset=\"https:\/\/tvtecjundiai.com.br\/news\/wp-content\/uploads\/sites\/2\/2022\/12\/cia-circo-bonecos-1.jpg 798w, https:\/\/tvtecjundiai.com.br\/news\/wp-content\/uploads\/sites\/2\/2022\/12\/cia-circo-bonecos-1-300x199.jpg 300w, https:\/\/tvtecjundiai.com.br\/news\/wp-content\/uploads\/sites\/2\/2022\/12\/cia-circo-bonecos-1-768x509.jpg 768w\" sizes=\"auto, (max-width: 798px) 100vw, 798px\" \/><\/figure>\n\n\n\n<figure class=\"wp-block-image size-large\"><img loading=\"lazy\" decoding=\"async\" width=\"614\" height=\"428\" data-id=\"102877\" src=\"https:\/\/tvtecjundiai.com.br\/news\/wp-content\/uploads\/sites\/2\/2022\/12\/cia-delas-de-teatro.jpg\" alt=\"\" class=\"wp-image-102877\" srcset=\"https:\/\/tvtecjundiai.com.br\/news\/wp-content\/uploads\/sites\/2\/2022\/12\/cia-delas-de-teatro.jpg 614w, https:\/\/tvtecjundiai.com.br\/news\/wp-content\/uploads\/sites\/2\/2022\/12\/cia-delas-de-teatro-300x209.jpg 300w\" sizes=\"auto, (max-width: 614px) 100vw, 614px\" \/><\/figure>\n\n\n\n<figure class=\"wp-block-image size-large\"><img loading=\"lazy\" decoding=\"async\" width=\"1000\" height=\"668\" data-id=\"102878\" src=\"https:\/\/tvtecjundiai.com.br\/news\/wp-content\/uploads\/sites\/2\/2022\/12\/cia-truks.jpg\" alt=\"\" class=\"wp-image-102878\" srcset=\"https:\/\/tvtecjundiai.com.br\/news\/wp-content\/uploads\/sites\/2\/2022\/12\/cia-truks.jpg 1000w, https:\/\/tvtecjundiai.com.br\/news\/wp-content\/uploads\/sites\/2\/2022\/12\/cia-truks-300x200.jpg 300w, https:\/\/tvtecjundiai.com.br\/news\/wp-content\/uploads\/sites\/2\/2022\/12\/cia-truks-768x513.jpg 768w\" sizes=\"auto, (max-width: 1000px) 100vw, 1000px\" \/><\/figure>\n<\/figure>\n\n\n<div class=\"wp-block-image\">\n<figure class=\"aligncenter size-full\"><img loading=\"lazy\" decoding=\"async\" width=\"640\" height=\"425\" src=\"https:\/\/tvtecjundiai.com.br\/news\/wp-content\/uploads\/sites\/2\/2022\/12\/circo-minimo.jpg\" alt=\"\" class=\"wp-image-102879\" srcset=\"https:\/\/tvtecjundiai.com.br\/news\/wp-content\/uploads\/sites\/2\/2022\/12\/circo-minimo.jpg 640w, https:\/\/tvtecjundiai.com.br\/news\/wp-content\/uploads\/sites\/2\/2022\/12\/circo-minimo-300x199.jpg 300w\" sizes=\"auto, (max-width: 640px) 100vw, 640px\" \/><\/figure>\n<\/div>\n\n\n<p><strong>F\u00e1brica das Inf\u00e2ncias Japy \u2013\u00a0rua Lacerda Franco, 175 \u2013 Vila Arens. Telefone (11) 4521- 0971<\/strong><\/p>\n\n\n\n<ul class=\"wp-block-list\">\n<li>Pit Stop de Brincar, com a equipe da Amorah Eventos \u2013 dia 7, \u00e0s 10h30.<\/li>\n\n\n\n<li>Performance Musicais em Libras, com Luciano Germano \u2013 dia 8, \u00e0s 10h30.<\/li>\n\n\n\n<li>Contos e Cantos, com a Cena 4 \u2013 conta\u00e7\u00e3o de hist\u00f3rias e m\u00fasicas \u2013 dia 12, \u00e0s 14h.<\/li>\n\n\n\n<li>Oficina Natureza que Inspira, com Juliana Fernandes \u2013 dia 13, \u00e0s 14h.<\/li>\n\n\n\n<li>Hist\u00f3rias contadas com Origamis, com Irene Mitsue Tanabe \u2013 dia 14, \u00e0s 10h30.<\/li>\n\n\n\n<li>Al\u00e9m do Muro, cultura, entretenimento e jogos de tabuleiro, com Bruno Davi Kretzmann \u2013 dia 15, \u00e0s 10h30.<\/li>\n\n\n\n<li>Oficina M\u00e3os na Terra \u2013 Bolas de Sementes, com Daniele Ceratti \u2013 dia 19, \u00e0s 14h.<\/li>\n\n\n\n<li>Conta\u00e7\u00e3o de hist\u00f3ria e oficina de confec\u00e7\u00e3o de bonecas Abayoni, com integrantes do Coletivo #pretaeu \u2013 dia 20, \u00e0s 14h.<\/li>\n\n\n\n<li>Su\u00edtes Cl\u00e1ssicas \u2013 apresenta\u00e7\u00e3o de Dan\u00e7a, com Camila Pelegrini Pupo Milani \u2013 dia 21, \u00e0s 10h30.<\/li>\n\n\n\n<li>Conta\u00e7\u00e3o de hist\u00f3ria, com o ator Daniel Dutra \u2013 dia 22, \u00e0s 10h30.<\/li>\n\n\n\n<li>T\u00e9cnicas circenses, com o ator Carlos Pasqualin \u2013 dia 26, \u00e0s 14h.<\/li>\n\n\n\n<li>Musicaliza\u00e7\u00e3o infantil \u2013 dia 27, \u00e0s 14h.<\/li>\n\n\n\n<li>Cururu Cantorias, com Let\u00edcia dos Passos Rosa \u2013 dia 28, \u00e0s 10h30.<\/li>\n\n\n\n<li>Rhanna na Cidade das Crian\u00e7as \u2013 show musical infantil \u2013 dia 29, \u00e0s 10h30.<\/li>\n<\/ul>\n\n\n\n<p><strong>Teatro Polytheama \u2013&nbsp;<\/strong>rua Bar\u00e3o de Jundia\u00ed, 176, Centro. Telefone (11) 4586-2472<\/p>\n\n\n\n<p>Programa\u00e7\u00e3o \u201c Do Poly para as Crian\u00e7as\u201d \u2013 espet\u00e1culos sempre \u00e0s 16h, s\u00e1bados e domingos. Entrada gratuita \u2013 dois ingressos por pessoa, que podem ser retirados na bilheteria do teatro sempre um dia antes das apresenta\u00e7\u00f5es e na Internet, na plataforma Sympla.<\/p>\n\n\n\n<ul class=\"wp-block-list\">\n<li>Dia 15 \u2013 \u201cCircus a Nova Tourn\u00e9e\u201d \u2013 Cia. Circo de Bonecos<\/li>\n\n\n\n<li>Dia 21 \u2013 espet\u00e1culo a ser confirmado<\/li>\n\n\n\n<li>Dia 22 \u2013 \u201c Sonhat\u00f3rio\u201d \u2013 Cia. Trks<\/li>\n\n\n\n<li>Dia 28 \u2013 \u201c Simbad, o Navegante\u201d \u2013 Circo M\u00ednimo<\/li>\n\n\n\n<li>Dia 29 \u2013 \u201c Maria e os Insetos\u201d \u2013 Cia. Delas de Teatro<\/li>\n<\/ul>\n\n\n\n<p><strong><em>(Fonte: Prefeitura de Jundia\u00ed\/Imagens: Divulga\u00e7\u00e3o)<\/em><\/strong><\/p>\n","protected":false},"excerpt":{"rendered":"<p>As a\u00e7\u00f5es programadas t\u00eam como proposta a utiliza\u00e7\u00e3o e apropria\u00e7\u00e3o dos espa\u00e7os p\u00fablicos pelas crian\u00e7as<\/p>\n","protected":false},"author":30,"featured_media":102869,"comment_status":"closed","ping_status":"0","sticky":false,"template":"","format":"standard","meta":{"footnotes":""},"categories":[8356,8354,1],"tags":[],"class_list":["post-102863","post","type-post","status-publish","format-standard","has-post-thumbnail","hentry","category-jundiai","category-lazer","category-noticias"],"_links":{"self":[{"href":"https:\/\/tvtecjundiai.com.br\/news\/wp-json\/wp\/v2\/posts\/102863","targetHints":{"allow":["GET"]}}],"collection":[{"href":"https:\/\/tvtecjundiai.com.br\/news\/wp-json\/wp\/v2\/posts"}],"about":[{"href":"https:\/\/tvtecjundiai.com.br\/news\/wp-json\/wp\/v2\/types\/post"}],"author":[{"embeddable":true,"href":"https:\/\/tvtecjundiai.com.br\/news\/wp-json\/wp\/v2\/users\/30"}],"replies":[{"embeddable":true,"href":"https:\/\/tvtecjundiai.com.br\/news\/wp-json\/wp\/v2\/comments?post=102863"}],"version-history":[{"count":2,"href":"https:\/\/tvtecjundiai.com.br\/news\/wp-json\/wp\/v2\/posts\/102863\/revisions"}],"predecessor-version":[{"id":102880,"href":"https:\/\/tvtecjundiai.com.br\/news\/wp-json\/wp\/v2\/posts\/102863\/revisions\/102880"}],"wp:featuredmedia":[{"embeddable":true,"href":"https:\/\/tvtecjundiai.com.br\/news\/wp-json\/wp\/v2\/media\/102869"}],"wp:attachment":[{"href":"https:\/\/tvtecjundiai.com.br\/news\/wp-json\/wp\/v2\/media?parent=102863"}],"wp:term":[{"taxonomy":"category","embeddable":true,"href":"https:\/\/tvtecjundiai.com.br\/news\/wp-json\/wp\/v2\/categories?post=102863"},{"taxonomy":"post_tag","embeddable":true,"href":"https:\/\/tvtecjundiai.com.br\/news\/wp-json\/wp\/v2\/tags?post=102863"}],"curies":[{"name":"wp","href":"https:\/\/api.w.org\/{rel}","templated":true}]}}