{"id":102881,"date":"2022-12-21T10:47:21","date_gmt":"2022-12-21T13:47:21","guid":{"rendered":"https:\/\/tvtecjundiai.com.br\/news\/?p=102881"},"modified":"2022-12-21T10:47:26","modified_gmt":"2022-12-21T13:47:26","slug":"retrospectiva-2022-acoes-de-educacao-no-transito-impactam-diversos-publicos","status":"publish","type":"post","link":"https:\/\/tvtecjundiai.com.br\/news\/2022\/12\/21\/retrospectiva-2022-acoes-de-educacao-no-transito-impactam-diversos-publicos\/","title":{"rendered":"Retrospectiva 2022: A\u00e7\u00f5es de Educa\u00e7\u00e3o no Tr\u00e2nsito impactam diversos p\u00fablicos"},"content":{"rendered":"\n<p>As a\u00e7\u00f5es de Educa\u00e7\u00e3o do Tr\u00e2nsito realizadas pela Unidade de Gest\u00e3o de Mobilidade e Transporte (UGMT) foram destinadas a diferentes p\u00fablicos, em 2022. Palestras, blitz educativas, abordagens em locais de grande movimenta\u00e7\u00e3o e mensagens espalhadas pela cidade serviram para orientar sobre a import\u00e2ncia do respeito, empatia e as normas para preservar vidas.<\/p>\n\n\n\n<p>Com alunos do 3\u00ba ano do Ensino M\u00e9dio sendo alvo do projeto \u2018Minha 1\u00aa Habilita\u00e7\u00e3o\u2019, o Departamento de Tr\u00e2nsito da Unidade de Gest\u00e3o de Mobilidade e Transporte (UGMT) ministrou palestras sobre as leis e os cuidados no tr\u00e2nsito, em escolas estaduais.<\/p>\n\n\n\n<figure class=\"wp-block-image size-large\"><img loading=\"lazy\" decoding=\"async\" width=\"1200\" height=\"746\" src=\"https:\/\/tvtecjundiai.com.br\/news\/wp-content\/uploads\/sites\/2\/2022\/12\/acoes-escolas-estaduais-1200x746.jpeg\" alt=\"\" class=\"wp-image-102882\" srcset=\"https:\/\/tvtecjundiai.com.br\/news\/wp-content\/uploads\/sites\/2\/2022\/12\/acoes-escolas-estaduais-1200x746.jpeg 1200w, https:\/\/tvtecjundiai.com.br\/news\/wp-content\/uploads\/sites\/2\/2022\/12\/acoes-escolas-estaduais-300x187.jpeg 300w, https:\/\/tvtecjundiai.com.br\/news\/wp-content\/uploads\/sites\/2\/2022\/12\/acoes-escolas-estaduais-768x478.jpeg 768w, https:\/\/tvtecjundiai.com.br\/news\/wp-content\/uploads\/sites\/2\/2022\/12\/acoes-escolas-estaduais.jpeg 1280w\" sizes=\"auto, (max-width: 1200px) 100vw, 1200px\" \/><figcaption class=\"wp-element-caption\">Palestras para alunos do 3\u00ba ano do Ensino M\u00e9dio abordaram sobre as leis e os cuidados no tr\u00e2nsito<\/figcaption><\/figure>\n\n\n\n<p>O agente de tr\u00e2nsito, Vagner Quintiliano, conversou com os estudantes transmitindo informa\u00e7\u00f5es importantes como o processo de forma\u00e7\u00e3o e exame para obten\u00e7\u00e3o da Permiss\u00e3o Para Dirigir (PPD); as condi\u00e7\u00f5es adversas que envolvem os jovens condutores; infra\u00e7\u00f5es, medidas administrativas e penalidades que envolvem a primeira habilita\u00e7\u00e3o; al\u00e9m dos crimes de tr\u00e2nsito.<\/p>\n\n\n\n<p><strong>Semana do Tr\u00e2nsito<\/strong>\u00a0<\/p>\n\n\n\n<p>De 18 a 25 de setembro, a UGMT realizou atividades diversas na Semana do Tr\u00e2nsito. Com cerca de 20 atividades, quase 4 mil pessoas receberam mensagens de conscientiza\u00e7\u00e3o sobre a seguran\u00e7a vi\u00e1ria, principalmente, os motociclistas que, proporcionalmente, lideram as estat\u00edsticas de envolvimento em acidentes de tr\u00e2nsito com ferimentos graves e mortes.<\/p>\n\n\n\n<p>Foram ministradas palestras em escolas, a\u00e7\u00f5es educativas no Parque da Cidade e nas passarelas em parceria com as concession\u00e1rias que administram as rodovias da regi\u00e3o, minicidades, a\u00e7\u00e3o \u2018Ponto Cego\u2019 e o Dia D, uma opera\u00e7\u00e3o em conjunto com a Pol\u00edcia Militar, Pol\u00edcia Militar Rodovi\u00e1ria e Corpo de Bombeiros. Al\u00e9m disso, banners, faixas e outdoors foram espalhados pela cidade.<\/p>\n\n\n\n<figure class=\"wp-block-image size-large\"><img loading=\"lazy\" decoding=\"async\" width=\"1200\" height=\"800\" src=\"https:\/\/tvtecjundiai.com.br\/news\/wp-content\/uploads\/sites\/2\/2022\/12\/semana-nacional-do-transito_fm_-18-1200x800.jpg\" alt=\"\" class=\"wp-image-102883\" srcset=\"https:\/\/tvtecjundiai.com.br\/news\/wp-content\/uploads\/sites\/2\/2022\/12\/semana-nacional-do-transito_fm_-18-1200x800.jpg 1200w, https:\/\/tvtecjundiai.com.br\/news\/wp-content\/uploads\/sites\/2\/2022\/12\/semana-nacional-do-transito_fm_-18-300x200.jpg 300w, https:\/\/tvtecjundiai.com.br\/news\/wp-content\/uploads\/sites\/2\/2022\/12\/semana-nacional-do-transito_fm_-18-768x512.jpg 768w, https:\/\/tvtecjundiai.com.br\/news\/wp-content\/uploads\/sites\/2\/2022\/12\/semana-nacional-do-transito_fm_-18.jpg 1280w\" sizes=\"auto, (max-width: 1200px) 100vw, 1200px\" \/><figcaption class=\"wp-element-caption\">Na Semana do Tr\u00e2nsito, cerca de 4 mil pessoas receberam orienta\u00e7\u00f5es sobre a seguran\u00e7a vi\u00e1ria<\/figcaption><\/figure>\n\n\n\n<p><strong>Cidade das Crian\u00e7as, Jundia\u00ed debate seguran\u00e7a no tr\u00e2nsito e mobilidade<\/strong><\/p>\n\n\n\n<p>A seguran\u00e7a no tr\u00e2nsito e mobilidade foram amplamente debatidas em 2022. Uma das a\u00e7\u00f5es, com equipe intersetorial de diversas Unidades de Gest\u00e3o, resultou na forma\u00e7\u00e3o de sensibiliza\u00e7\u00e3o sobre \u201cVis\u00e3o Zero\u201d, conceito que busca reduzir a zero o n\u00famero de mortes no tr\u00e2nsito.<\/p>\n\n\n\n<p>O encontro comemorativo ao Dia da Inf\u00e2ncia (24\/08) foi promovido pela Unidade de Gest\u00e3o de Mobilidade e Transporte (UGMT), e contou com as apresenta\u00e7\u00f5es de representantes da WRI Brasil, bra\u00e7o nacional do \u201cWorld Resources Institute\u201d, e da Iniciativa Bloomberg para Seguran\u00e7a Vi\u00e1ria Global, organiza\u00e7\u00f5es parceiras da Prefeitura desde 2021, que visam promover o conceito de Ruas Completas, para cria\u00e7\u00e3o de vias que contemplem confortavelmente todos os usu\u00e1rios, principalmente os mais vulner\u00e1veis, como crian\u00e7as, idosos e pedestres em geral, incluindo tamb\u00e9m os meios de transporte e a vegeta\u00e7\u00e3o.<\/p>\n\n\n\n<p>\u201cJundia\u00ed, Cidade das Crian\u00e7as, desenvolve a\u00e7\u00f5es e projetos de pol\u00edticas p\u00fablicas voltadas para elas. Um dos pedidos que foram entregues pelo nosso Primeiro Comit\u00ea das Crian\u00e7as, no fim de 2019, era com a seguran\u00e7a no tr\u00e2nsito, principalmente, porque elas estavam preocupadas com a velocidade dos ve\u00edculos em frente \u00e0 escola em que estudava. Esse tema tem sido tratado de modo intersetorial pela Prefeitura\u201d, ressalta o prefeito, Luiz Fernando Machado.<\/p>\n\n\n\n<figure class=\"wp-block-image size-large\"><img loading=\"lazy\" decoding=\"async\" width=\"1200\" height=\"800\" src=\"https:\/\/tvtecjundiai.com.br\/news\/wp-content\/uploads\/sites\/2\/2022\/12\/reuniao_forum_paulista_de_mobilidade_urbana-416-1200x800.jpg\" alt=\"\" class=\"wp-image-102884\" srcset=\"https:\/\/tvtecjundiai.com.br\/news\/wp-content\/uploads\/sites\/2\/2022\/12\/reuniao_forum_paulista_de_mobilidade_urbana-416-1200x800.jpg 1200w, https:\/\/tvtecjundiai.com.br\/news\/wp-content\/uploads\/sites\/2\/2022\/12\/reuniao_forum_paulista_de_mobilidade_urbana-416-300x200.jpg 300w, https:\/\/tvtecjundiai.com.br\/news\/wp-content\/uploads\/sites\/2\/2022\/12\/reuniao_forum_paulista_de_mobilidade_urbana-416-768x512.jpg 768w, https:\/\/tvtecjundiai.com.br\/news\/wp-content\/uploads\/sites\/2\/2022\/12\/reuniao_forum_paulista_de_mobilidade_urbana-416.jpg 1280w\" sizes=\"auto, (max-width: 1200px) 100vw, 1200px\" \/><figcaption class=\"wp-element-caption\">Durante o F\u00f3rum Paulista, representantes de munic\u00edpios trataram sobre os desafios e as solu\u00e7\u00f5es para mobilidade urbana<\/figcaption><\/figure>\n\n\n\n<p><strong>F\u00f3rum Paulista<\/strong><\/p>\n\n\n\n<p>Com organiza\u00e7\u00e3o da UGMT e coordena\u00e7\u00e3o do F\u00f3rum Paulista de Secret\u00e1rios e Dirigentes P\u00fablicos de Mobilidade Urbana, Jundia\u00ed sediou a 83\u00aa Reuni\u00e3o do F\u00f3rum Paulista de Secret\u00e1rios e Dirigentes P\u00fablicos de Mobilidade Urbana, em agosto, no Audit\u00f3rio do CIESP.<\/p>\n\n\n\n<p>Palestras e muita troca de experi\u00eancias entre os representantes dos munic\u00edpios marcaram o evento que tratou sobre desafios e solu\u00e7\u00f5es para a mobilidade urbana.<\/p>\n\n\n\n<p><strong><em>(Fonte\/Imagens: Prefeitura de Jundia\u00ed)<\/em><\/strong><\/p>\n","protected":false},"excerpt":{"rendered":"<p>Este ano foram palestras, blitz educativas e abordagens em locais de grande movimenta\u00e7\u00e3o<\/p>\n","protected":false},"author":30,"featured_media":102883,"comment_status":"closed","ping_status":"0","sticky":false,"template":"","format":"standard","meta":{"footnotes":""},"categories":[8356,1,6151,3059],"tags":[],"class_list":["post-102881","post","type-post","status-publish","format-standard","has-post-thumbnail","hentry","category-jundiai","category-noticias","category-transito","category-transportes"],"_links":{"self":[{"href":"https:\/\/tvtecjundiai.com.br\/news\/wp-json\/wp\/v2\/posts\/102881","targetHints":{"allow":["GET"]}}],"collection":[{"href":"https:\/\/tvtecjundiai.com.br\/news\/wp-json\/wp\/v2\/posts"}],"about":[{"href":"https:\/\/tvtecjundiai.com.br\/news\/wp-json\/wp\/v2\/types\/post"}],"author":[{"embeddable":true,"href":"https:\/\/tvtecjundiai.com.br\/news\/wp-json\/wp\/v2\/users\/30"}],"replies":[{"embeddable":true,"href":"https:\/\/tvtecjundiai.com.br\/news\/wp-json\/wp\/v2\/comments?post=102881"}],"version-history":[{"count":1,"href":"https:\/\/tvtecjundiai.com.br\/news\/wp-json\/wp\/v2\/posts\/102881\/revisions"}],"predecessor-version":[{"id":102885,"href":"https:\/\/tvtecjundiai.com.br\/news\/wp-json\/wp\/v2\/posts\/102881\/revisions\/102885"}],"wp:featuredmedia":[{"embeddable":true,"href":"https:\/\/tvtecjundiai.com.br\/news\/wp-json\/wp\/v2\/media\/102883"}],"wp:attachment":[{"href":"https:\/\/tvtecjundiai.com.br\/news\/wp-json\/wp\/v2\/media?parent=102881"}],"wp:term":[{"taxonomy":"category","embeddable":true,"href":"https:\/\/tvtecjundiai.com.br\/news\/wp-json\/wp\/v2\/categories?post=102881"},{"taxonomy":"post_tag","embeddable":true,"href":"https:\/\/tvtecjundiai.com.br\/news\/wp-json\/wp\/v2\/tags?post=102881"}],"curies":[{"name":"wp","href":"https:\/\/api.w.org\/{rel}","templated":true}]}}