{"id":102887,"date":"2022-12-21T13:43:38","date_gmt":"2022-12-21T16:43:38","guid":{"rendered":"https:\/\/tvtecjundiai.com.br\/news\/?p=102887"},"modified":"2022-12-21T13:43:39","modified_gmt":"2022-12-21T16:43:39","slug":"comercio-de-jundiai-funciona-em-horario-especial-ate-a-vespera-de-natal","status":"publish","type":"post","link":"https:\/\/tvtecjundiai.com.br\/news\/2022\/12\/21\/comercio-de-jundiai-funciona-em-horario-especial-ate-a-vespera-de-natal\/","title":{"rendered":"Com\u00e9rcio de Jundia\u00ed funciona em hor\u00e1rio especial at\u00e9 a v\u00e9spera de Natal"},"content":{"rendered":"\n<p>O com\u00e9rcio de Jundia\u00ed tem hor\u00e1rio especial at\u00e9 o dia 24 de dezembro. At\u00e9 sexta-feira (23), as lojas poder\u00e3o funcionar das 9h \u00e0s 22h. No dia 24, v\u00e9spera do Natal, o hor\u00e1rio \u00e9 das 9h \u00e0s 18h.<\/p>\n\n\n\n<p>Edison Maltoni, presidente do Sindicato do Com\u00e9rcio Varejista de Jundia\u00ed e Regi\u00e3o (Sincomercio) e da C\u00e2mara de Dirigentes Lojistas (CDL), afirma que o Natal \u00e9 o melhor per\u00edodo para o com\u00e9rcio. \u201cEste \u00e9 o momento dos lojistas investirem em promo\u00e7\u00f5es, apostar em produtos para presentear, pensar em formas diferenciadas de pagamento, atrair os consumidores com decora\u00e7\u00f5es nas vitrines e outros atrativos. Nossa expectativa de crescimento nas vendas \u00e9 de 13% em rela\u00e7\u00e3o ao Natal de 2021. Roupas, cal\u00e7ados, perfumes e cosm\u00e9ticos, eletr\u00f4nicos, brinquedos e acess\u00f3rios est\u00e3o entre os produtos preferidos dos consumidores\u201d, diz Maltoni.<\/p>\n\n\n<div class=\"wp-block-image\">\n<figure class=\"aligncenter size-large is-resized\"><img loading=\"lazy\" decoding=\"async\" src=\"https:\/\/tvtecjundiai.com.br\/news\/wp-content\/uploads\/sites\/2\/2022\/12\/centro_natal-1200x800.jpg\" alt=\"\" class=\"wp-image-102888\" width=\"651\" height=\"434\" srcset=\"https:\/\/tvtecjundiai.com.br\/news\/wp-content\/uploads\/sites\/2\/2022\/12\/centro_natal-1200x800.jpg 1200w, https:\/\/tvtecjundiai.com.br\/news\/wp-content\/uploads\/sites\/2\/2022\/12\/centro_natal-300x200.jpg 300w, https:\/\/tvtecjundiai.com.br\/news\/wp-content\/uploads\/sites\/2\/2022\/12\/centro_natal-768x512.jpg 768w, https:\/\/tvtecjundiai.com.br\/news\/wp-content\/uploads\/sites\/2\/2022\/12\/centro_natal.jpg 1280w\" sizes=\"auto, (max-width: 651px) 100vw, 651px\" \/><\/figure>\n<\/div>\n\n\n<p><strong>Expresso Natalino e Trupe de Natal<\/strong><\/p>\n\n\n\n<p>Os passeios gratuitos no trenzinho Expresso Natalino, na companhia da Trupe do Natal prosseguem at\u00e9 sexta-feira (23). Nesta quarta (21) e quinta-feira (22), o embarque na Pra\u00e7a da Alegria, localizada na Pra\u00e7a Marechal Floriano Peixoto (Pra\u00e7a do Coreto), ser\u00e1 das 18h \u00e0s 21h. J\u00e1 na sexta-feira (23), os passeios ser\u00e3o das 15h \u00e0s 21h. Enquanto o p\u00fablico aguarda o embarque, \u00e9 poss\u00edvel tirar fotos e interagir com o Papai Noel, Noelete, o querido casal Mickey e Minnie e Pato Donald.<\/p>\n\n\n\n<p><strong>Circuito Gastron\u00f4mico<\/strong><\/p>\n\n\n\n<p>O Circuito Gastron\u00f4mico, coordenado pela CDL e Sincomercio, conta com food trucks diversos distribu\u00eddos em seis pontos pela regi\u00e3o Central, como nas ruas do Ros\u00e1rio e Bar\u00e3o de Jundia\u00ed e Pra\u00e7a Ruy Barbosa. O hor\u00e1rio de funcionamento \u00e9 de segunda a sexta-feira, das 10h \u00e0s 22h30 e aos s\u00e1bados, das 10h \u00e0s 18h30. No domingo o hor\u00e1rio de funcionamento \u00e9 opcional.<\/p>\n\n\n\n<p><em><strong>(Fonte: Assessoria Sincomercio Jundia\u00ed\/Imagem: Prefeitura de Jundia\u00ed)<\/strong><\/em><\/p>\n","protected":false},"excerpt":{"rendered":"<p>At\u00e9 sexta-feira (23), as lojas poder\u00e3o funcionar das 9h \u00e0s 22h<\/p>\n","protected":false},"author":30,"featured_media":102888,"comment_status":"closed","ping_status":"0","sticky":false,"template":"","format":"standard","meta":{"footnotes":""},"categories":[2834,8356,1],"tags":[],"class_list":["post-102887","post","type-post","status-publish","format-standard","has-post-thumbnail","hentry","category-cidades","category-jundiai","category-noticias"],"_links":{"self":[{"href":"https:\/\/tvtecjundiai.com.br\/news\/wp-json\/wp\/v2\/posts\/102887","targetHints":{"allow":["GET"]}}],"collection":[{"href":"https:\/\/tvtecjundiai.com.br\/news\/wp-json\/wp\/v2\/posts"}],"about":[{"href":"https:\/\/tvtecjundiai.com.br\/news\/wp-json\/wp\/v2\/types\/post"}],"author":[{"embeddable":true,"href":"https:\/\/tvtecjundiai.com.br\/news\/wp-json\/wp\/v2\/users\/30"}],"replies":[{"embeddable":true,"href":"https:\/\/tvtecjundiai.com.br\/news\/wp-json\/wp\/v2\/comments?post=102887"}],"version-history":[{"count":1,"href":"https:\/\/tvtecjundiai.com.br\/news\/wp-json\/wp\/v2\/posts\/102887\/revisions"}],"predecessor-version":[{"id":102889,"href":"https:\/\/tvtecjundiai.com.br\/news\/wp-json\/wp\/v2\/posts\/102887\/revisions\/102889"}],"wp:featuredmedia":[{"embeddable":true,"href":"https:\/\/tvtecjundiai.com.br\/news\/wp-json\/wp\/v2\/media\/102888"}],"wp:attachment":[{"href":"https:\/\/tvtecjundiai.com.br\/news\/wp-json\/wp\/v2\/media?parent=102887"}],"wp:term":[{"taxonomy":"category","embeddable":true,"href":"https:\/\/tvtecjundiai.com.br\/news\/wp-json\/wp\/v2\/categories?post=102887"},{"taxonomy":"post_tag","embeddable":true,"href":"https:\/\/tvtecjundiai.com.br\/news\/wp-json\/wp\/v2\/tags?post=102887"}],"curies":[{"name":"wp","href":"https:\/\/api.w.org\/{rel}","templated":true}]}}