{"id":102908,"date":"2022-12-22T08:50:57","date_gmt":"2022-12-22T11:50:57","guid":{"rendered":"https:\/\/tvtecjundiai.com.br\/news\/?p=102908"},"modified":"2022-12-22T08:51:29","modified_gmt":"2022-12-22T11:51:29","slug":"coleta-de-lixo-noturna-sera-antecipada-nos-dias-24-e-31-de-dezembro","status":"publish","type":"post","link":"https:\/\/tvtecjundiai.com.br\/news\/2022\/12\/22\/coleta-de-lixo-noturna-sera-antecipada-nos-dias-24-e-31-de-dezembro\/","title":{"rendered":"Coleta de lixo noturna ser\u00e1 antecipada nos dias 24 e 31 de dezembro"},"content":{"rendered":"\n<p>Nos pr\u00f3ximos s\u00e1bados, dias 24 e 31 de dezembro, a coleta de lixo noturna ser\u00e1 feita em hor\u00e1rios especiais. Ao inv\u00e9s de iniciar \u00e0s 19h, os trabalhos ser\u00e3o adiantados e come\u00e7ar\u00e3o a partir das 17h. Portanto, os coletores passar\u00e3o em cada um dos bairros onde j\u00e1 acontece a coleta duas horas antes do normal.<\/p>\n\n\n\n<p>A medida visa antecipar o final do expediente para que os trabalhadores tenham a oportunidade de passar as tradicionais datas comemorativas de final de ano com seus familiares.<\/p>\n\n\n\n<figure class=\"wp-block-image size-large\"><img loading=\"lazy\" decoding=\"async\" width=\"1200\" height=\"800\" src=\"https:\/\/tvtecjundiai.com.br\/news\/wp-content\/uploads\/sites\/2\/2022\/12\/coleta-de-lixo-organico_c_-33-1280x853-1-1200x800.jpg\" alt=\"\" class=\"wp-image-102910\" srcset=\"https:\/\/tvtecjundiai.com.br\/news\/wp-content\/uploads\/sites\/2\/2022\/12\/coleta-de-lixo-organico_c_-33-1280x853-1-1200x800.jpg 1200w, https:\/\/tvtecjundiai.com.br\/news\/wp-content\/uploads\/sites\/2\/2022\/12\/coleta-de-lixo-organico_c_-33-1280x853-1-300x200.jpg 300w, https:\/\/tvtecjundiai.com.br\/news\/wp-content\/uploads\/sites\/2\/2022\/12\/coleta-de-lixo-organico_c_-33-1280x853-1-768x512.jpg 768w, https:\/\/tvtecjundiai.com.br\/news\/wp-content\/uploads\/sites\/2\/2022\/12\/coleta-de-lixo-organico_c_-33-1280x853-1.jpg 1280w\" sizes=\"auto, (max-width: 1200px) 100vw, 1200px\" \/><figcaption class=\"wp-element-caption\">Coleta de lixo ser\u00e1 feita com hor\u00e1rios antecipados<\/figcaption><\/figure>\n\n\n\n<p>\u201cA medida \u00e9 importante para n\u00e3o interromper a coleta e atender o cidad\u00e3o, al\u00e9m de permitir que os coletores consigam estejam junto da fam\u00edlia, j\u00e1 que em dias normais de trabalho eles encerram o servi\u00e7o na madrugada\u201d, avalia o Diretor de Limpeza da Unidade de Gest\u00e3o de Infraestrutura e Servi\u00e7os P\u00fablicos, M\u00e1rcio Moraes.<\/p>\n\n\n\n<p><em><strong>(Fonte\/Imagem: Prefeitura de Jundia\u00ed)<\/strong><\/em><\/p>\n","protected":false},"excerpt":{"rendered":"<p>Ao inv\u00e9s de iniciar \u00e0s 19h, os trabalhos ser\u00e3o adiantados e come\u00e7ar\u00e3o a partir das 17h<\/p>\n","protected":false},"author":30,"featured_media":102910,"comment_status":"closed","ping_status":"0","sticky":false,"template":"","format":"standard","meta":{"footnotes":""},"categories":[2834,8356,1],"tags":[],"class_list":["post-102908","post","type-post","status-publish","format-standard","has-post-thumbnail","hentry","category-cidades","category-jundiai","category-noticias"],"_links":{"self":[{"href":"https:\/\/tvtecjundiai.com.br\/news\/wp-json\/wp\/v2\/posts\/102908","targetHints":{"allow":["GET"]}}],"collection":[{"href":"https:\/\/tvtecjundiai.com.br\/news\/wp-json\/wp\/v2\/posts"}],"about":[{"href":"https:\/\/tvtecjundiai.com.br\/news\/wp-json\/wp\/v2\/types\/post"}],"author":[{"embeddable":true,"href":"https:\/\/tvtecjundiai.com.br\/news\/wp-json\/wp\/v2\/users\/30"}],"replies":[{"embeddable":true,"href":"https:\/\/tvtecjundiai.com.br\/news\/wp-json\/wp\/v2\/comments?post=102908"}],"version-history":[{"count":1,"href":"https:\/\/tvtecjundiai.com.br\/news\/wp-json\/wp\/v2\/posts\/102908\/revisions"}],"predecessor-version":[{"id":102911,"href":"https:\/\/tvtecjundiai.com.br\/news\/wp-json\/wp\/v2\/posts\/102908\/revisions\/102911"}],"wp:featuredmedia":[{"embeddable":true,"href":"https:\/\/tvtecjundiai.com.br\/news\/wp-json\/wp\/v2\/media\/102910"}],"wp:attachment":[{"href":"https:\/\/tvtecjundiai.com.br\/news\/wp-json\/wp\/v2\/media?parent=102908"}],"wp:term":[{"taxonomy":"category","embeddable":true,"href":"https:\/\/tvtecjundiai.com.br\/news\/wp-json\/wp\/v2\/categories?post=102908"},{"taxonomy":"post_tag","embeddable":true,"href":"https:\/\/tvtecjundiai.com.br\/news\/wp-json\/wp\/v2\/tags?post=102908"}],"curies":[{"name":"wp","href":"https:\/\/api.w.org\/{rel}","templated":true}]}}