{"id":102921,"date":"2022-12-22T09:46:21","date_gmt":"2022-12-22T12:46:21","guid":{"rendered":"https:\/\/tvtecjundiai.com.br\/news\/?p=102921"},"modified":"2022-12-22T09:46:22","modified_gmt":"2022-12-22T12:46:22","slug":"pedidos-comovem-papai-noel-do-centro-de-jundiai","status":"publish","type":"post","link":"https:\/\/tvtecjundiai.com.br\/news\/2022\/12\/22\/pedidos-comovem-papai-noel-do-centro-de-jundiai\/","title":{"rendered":"Pedidos comovem Papai Noel do Centro de Jundia\u00ed"},"content":{"rendered":"\n<p>Nem s\u00f3 de pedidos de roupas ou brinquedos vive um Papai Noel. Quando incorpora o personagem, o ator torna-se um s\u00edmbolo de esperan\u00e7a e sonhos e, \u00e0s vezes, escuta frases que escapam na ingenuidade de uma crian\u00e7a, que ele nem sempre est\u00e1 preparado para ouvir. \u00c9 o que revela o ator David Castilho, que este ano est\u00e1 encantando crian\u00e7as e adultos na Casa de Vidro do Papai Noel da Associa\u00e7\u00e3o Comercial Empresarial (ACE) de Jundia\u00ed, instalada na pra\u00e7a da Catedral.<\/p>\n\n\n\n<p>Entre uma foto e outra, David escuta atentamente os pedidos do p\u00fablico e vez ou outra recebe cartinhas, que guarda com carinho. Algumas visitas, no entanto, s\u00e3o marcantes. Logo nos primeiros dias como Papai Noel da ACE, ele foi surpreendido com o pedido de presente de Natal de uma garotinha. \u201cEla gostaria de ganhar um amigo\u201d, conta. Uma outra, em cadeira de rodas, tamb\u00e9m comoveu David. \u201cEla me disse que seu desejo de Natal era que as amigas fossem t\u00e3o felizes quanto ela.\u201d<\/p>\n\n\n<div class=\"wp-block-image\">\n<figure class=\"aligncenter size-large is-resized\"><img loading=\"lazy\" decoding=\"async\" src=\"https:\/\/tvtecjundiai.com.br\/news\/wp-content\/uploads\/sites\/2\/2022\/12\/52551666869_2e102461f7_o-1200x800.jpg\" alt=\"\" class=\"wp-image-102922\" width=\"725\" height=\"483\" srcset=\"https:\/\/tvtecjundiai.com.br\/news\/wp-content\/uploads\/sites\/2\/2022\/12\/52551666869_2e102461f7_o-1200x800.jpg 1200w, https:\/\/tvtecjundiai.com.br\/news\/wp-content\/uploads\/sites\/2\/2022\/12\/52551666869_2e102461f7_o-300x200.jpg 300w, https:\/\/tvtecjundiai.com.br\/news\/wp-content\/uploads\/sites\/2\/2022\/12\/52551666869_2e102461f7_o-768x512.jpg 768w, https:\/\/tvtecjundiai.com.br\/news\/wp-content\/uploads\/sites\/2\/2022\/12\/52551666869_2e102461f7_o.jpg 1280w\" sizes=\"auto, (max-width: 725px) 100vw, 725px\" \/><\/figure>\n<\/div>\n\n\n<p>Nem s\u00f3 as crian\u00e7as despertam a emo\u00e7\u00e3o. No in\u00edcio de seu trabalho no Centro, neste ano, David ficou emocionado com um rapaz, com idade em torno de 40 anos, que lhe pediu um abra\u00e7o e chorando, revelou: \u201cmeu pai tamb\u00e9m trabalhava como Papai Noel e foi embora este ano.\u201d \u00a0David abra\u00e7ou e confortou o rapaz, dizendo: \u201cTenho certeza que seu pai foi um grande Papai Noel.\u201d<\/p>\n\n\n\n<p>Quando o homem virou as costas e foi embora, David pensou em seu futuro, imaginando que daqui alguns anos tamb\u00e9m ter\u00e1 este tipo de lembran\u00e7a. \u201cSei que no per\u00edodo do Natal, para onde eu olhar, vou lembrar do meu pai.\u201d<\/p>\n\n\n\n<p>O pai dele \u00e9 Manoel Castilho, 77 anos, que juntamente com a m\u00e3e Maria da Gra\u00e7a, 67, trabalham como Papai Noel e Mam\u00e3e Noel neste per\u00edodo de Natal. Eles eram de S\u00e3o Paulo e vieram para Jundia\u00ed h\u00e1 5 anos para trabalhar em um shopping. \u201cEles se apaixonaram por Jundia\u00ed e decidiram mudar para a cidade. O contrato do aluguel da minha casa estava terminando. Depois de conversar com minha esposa e minha filha, tamb\u00e9m decidimos mudar para Jundia\u00ed.\u201d<\/p>\n\n\n\n<p>Na cidade, o primeiro trabalho de David como Papai Noel foi no Mercad\u00e3o da Ferrovi\u00e1rios, em 2018. \u201cFiz outros trabalhos nos anos seguintes, mas nada comparado ao que estou vivenciando este ano. O contato com as pessoas \u00e9 muito legal, \u00e9 o que mais me emociona.\u201d<\/p>\n\n\n\n<p><strong>De palha\u00e7o a s\u00f3sia de J\u00f4 e Le\u00e3o Lobo<\/strong><\/p>\n\n\n\n<p>David tem 42 anos e come\u00e7ou a trabalhar como ator aos 18, em pe\u00e7as de teatro em uma igreja evang\u00e9lica. Nesta \u00e9poca, se encantou por uma menina que trabalhava como palha\u00e7a e, para conquist\u00e1-la, come\u00e7ou a atuar como palha\u00e7o animando festas. \u201cIsso me deu o treinamento necess\u00e1rio para o improviso, que uso at\u00e9 hoje.\u201d<\/p>\n\n\n\n<p>Anos depois, al\u00e9m de dar aulas de teatro, David come\u00e7ou a fazer figura\u00e7\u00f5es em televis\u00e3o e a criar personagens, o que lhe garantiu participa\u00e7\u00e3o no programa \u201cA Pra\u00e7a \u00e9 Nossa\u201d, como s\u00f3sia de J\u00f4 Soares.<\/p>\n\n\n\n<p>Este trabalho o aproximou do ator e humorista Alexandre Porpetone, que iria estrear um quadro interpretando Mama Porpeta, uma par\u00f3dia da Mamma Bruschetta. \u201cEle me convidou para fazer o s\u00f3sia do Le\u00e3o Lobo, a\u00ed virei o Le\u00e3o Loco. Foi muito bacana porque uma vez encontrei o Le\u00e3o no corredor do SBT e ele me disse que se sentia homenageado. Era uma par\u00f3dia sem ser pejorativo.\u201d<\/p>\n\n\n\n<p>Quem quiser conhecer David como Papai Noel, ele est\u00e1 na Casa de Vidro da ACE Jundia\u00ed at\u00e9 sexta-feira, das 14h30 \u00e0s 21h30.<\/p>\n\n\n\n<p><em><strong>(Fonte: Assessoria ACE Jundia\u00ed\/Imagem: Prefeitura de Jundia\u00ed)<\/strong><\/em><\/p>\n","protected":false},"excerpt":{"rendered":"<p>Crian\u00e7as e adultos se emocionam na presen\u00e7a do Bom Velhinho<\/p>\n","protected":false},"author":30,"featured_media":102922,"comment_status":"closed","ping_status":"0","sticky":false,"template":"","format":"standard","meta":{"footnotes":""},"categories":[2834,29,8356,1],"tags":[],"class_list":["post-102921","post","type-post","status-publish","format-standard","has-post-thumbnail","hentry","category-cidades","category-destaque","category-jundiai","category-noticias"],"_links":{"self":[{"href":"https:\/\/tvtecjundiai.com.br\/news\/wp-json\/wp\/v2\/posts\/102921","targetHints":{"allow":["GET"]}}],"collection":[{"href":"https:\/\/tvtecjundiai.com.br\/news\/wp-json\/wp\/v2\/posts"}],"about":[{"href":"https:\/\/tvtecjundiai.com.br\/news\/wp-json\/wp\/v2\/types\/post"}],"author":[{"embeddable":true,"href":"https:\/\/tvtecjundiai.com.br\/news\/wp-json\/wp\/v2\/users\/30"}],"replies":[{"embeddable":true,"href":"https:\/\/tvtecjundiai.com.br\/news\/wp-json\/wp\/v2\/comments?post=102921"}],"version-history":[{"count":1,"href":"https:\/\/tvtecjundiai.com.br\/news\/wp-json\/wp\/v2\/posts\/102921\/revisions"}],"predecessor-version":[{"id":102923,"href":"https:\/\/tvtecjundiai.com.br\/news\/wp-json\/wp\/v2\/posts\/102921\/revisions\/102923"}],"wp:featuredmedia":[{"embeddable":true,"href":"https:\/\/tvtecjundiai.com.br\/news\/wp-json\/wp\/v2\/media\/102922"}],"wp:attachment":[{"href":"https:\/\/tvtecjundiai.com.br\/news\/wp-json\/wp\/v2\/media?parent=102921"}],"wp:term":[{"taxonomy":"category","embeddable":true,"href":"https:\/\/tvtecjundiai.com.br\/news\/wp-json\/wp\/v2\/categories?post=102921"},{"taxonomy":"post_tag","embeddable":true,"href":"https:\/\/tvtecjundiai.com.br\/news\/wp-json\/wp\/v2\/tags?post=102921"}],"curies":[{"name":"wp","href":"https:\/\/api.w.org\/{rel}","templated":true}]}}