{"id":102928,"date":"2022-12-22T10:50:25","date_gmt":"2022-12-22T13:50:25","guid":{"rendered":"https:\/\/tvtecjundiai.com.br\/news\/?p=102928"},"modified":"2022-12-22T10:50:29","modified_gmt":"2022-12-22T13:50:29","slug":"em-jornal-bilingue-emeb-divulga-atividades-para-a-comunidade","status":"publish","type":"post","link":"https:\/\/tvtecjundiai.com.br\/news\/2022\/12\/22\/em-jornal-bilingue-emeb-divulga-atividades-para-a-comunidade\/","title":{"rendered":"Em jornal bil\u00edngue, EMEB divulga atividades para a comunidade"},"content":{"rendered":"\n<p>Atividades vivenciadas pelos 464 alunos da EMEB Professora Armanda Santina Polenti, no bairro Jundia\u00ed Mirim, est\u00e3o publicadas no jornal da escola. O diferencial do \u201cNosso Modo de Ser\u201d \u00e9 ser bil\u00edngue, em portugu\u00eas e ingl\u00eas, oportunizando o contato de estudantes e tamb\u00e9m de seus familiares com a L\u00edngua Inglesa, que est\u00e1 presente no ensino municipal desde os 4 anos, a partir do programa Escola Inovadora da Unidade de Gest\u00e3o de Educa\u00e7\u00e3o (UGE).<\/p>\n\n\n\n<p>Elaborado e produzido pela professora Cibele de Jesus Capatto, a edi\u00e7\u00e3o com 10 p\u00e1ginas foi enviada de maneira virtual \u00e0s fam\u00edlias e tamb\u00e9m foi disponibilizada no mural da unidade. \u201cEsse projeto visa incentivar o aprendizado da l\u00edngua estrangeira e a alfabetiza\u00e7\u00e3o das crian\u00e7as, al\u00e9m de ser mais uma forma de nos comunicarmos com a comunidade, com os pais. V\u00e1rios momentos vividos neste ano fazem parte desta edi\u00e7\u00e3o\u201d, destaca a professora.<\/p>\n\n\n\n<figure class=\"wp-block-image size-large\"><img loading=\"lazy\" decoding=\"async\" width=\"1200\" height=\"801\" src=\"https:\/\/tvtecjundiai.com.br\/news\/wp-content\/uploads\/sites\/2\/2022\/12\/emeb-armanda-projeto-de-ingles_fm_-12-1280x854-1-1200x801.jpg\" alt=\"\" class=\"wp-image-102931\" srcset=\"https:\/\/tvtecjundiai.com.br\/news\/wp-content\/uploads\/sites\/2\/2022\/12\/emeb-armanda-projeto-de-ingles_fm_-12-1280x854-1-1200x801.jpg 1200w, https:\/\/tvtecjundiai.com.br\/news\/wp-content\/uploads\/sites\/2\/2022\/12\/emeb-armanda-projeto-de-ingles_fm_-12-1280x854-1-300x200.jpg 300w, https:\/\/tvtecjundiai.com.br\/news\/wp-content\/uploads\/sites\/2\/2022\/12\/emeb-armanda-projeto-de-ingles_fm_-12-1280x854-1-768x512.jpg 768w, https:\/\/tvtecjundiai.com.br\/news\/wp-content\/uploads\/sites\/2\/2022\/12\/emeb-armanda-projeto-de-ingles_fm_-12-1280x854-1.jpg 1280w\" sizes=\"auto, (max-width: 1200px) 100vw, 1200px\" \/><figcaption class=\"wp-element-caption\">O jornal tamb\u00e9m tem uma vers\u00e3o online, que foi encaminhada para as fam\u00edlias<\/figcaption><\/figure>\n\n\n\n<p>Alunos do segundo ano ficaram encantados com o produto final, resultado das aulas da disciplina e do uso da tecnologia na escola, por meio dos chromebooks disponibilizados \u00e0 todas as EMEBs de Ensino Fundamental no in\u00edcio do ano. \u201cFicou muito bonito e eu consegui ler tudinho. Eu adoro as aulas de ingl\u00eas\u201d, disse Sofia Dion\u00edsio. \u201cGostei muito de tudo. Eu participei desses eventos\u201d, falou Pedro Henrique, enquanto observada as fotos.<\/p>\n\n\n\n<p>Para a gestora de Educa\u00e7\u00e3o, Vast\u00ed Ferrari Marques, o projeto da EMEB traz aprendizagens significativas e relevantes para a vida dos estudantes. \u201cO Programa Escola Inovadora oferta diversidade cultural e a L\u00edngua Inglesa desde os primeiros anos, para estimular a compreens\u00e3o das diferentes formas de pensar, sentir, viver e agir. Al\u00e9m disso, visa com que a aprendizagem aconte\u00e7a de forma natural. Esse jornal \u00e9 exemplo de um bom projeto que permite n\u00e3o s\u00f3 aos nossos meninos e meninas, mas as fam\u00edlias serem inseridas no mundo bil\u00edngue\u201d, ressalta.<\/p>\n\n\n\n<p>\u201cUsando os recursos digitais, as crian\u00e7as vivenciaram a experi\u00eancia de tornar p\u00fablica e de forma bil\u00edngue, todas as a\u00e7\u00f5es que acontecem na escola. Esse aprendizado, elas levar\u00e3o para a vida\u201d, acrescenta a coordenadora Pedag\u00f3gica da \u00c1rea de L\u00edngua Inglesa da UGE, Adnan Fachini de Bortolo.<\/p>\n\n\n\n<figure class=\"wp-block-gallery has-nested-images columns-default is-cropped wp-block-gallery-1 is-layout-flex wp-block-gallery-is-layout-flex\">\n<figure class=\"wp-block-image size-large\"><img loading=\"lazy\" decoding=\"async\" width=\"1200\" height=\"801\" data-id=\"102932\" src=\"https:\/\/tvtecjundiai.com.br\/news\/wp-content\/uploads\/sites\/2\/2022\/12\/emeb-armanda-projeto-de-ingles_fm_-6-1280x854-1-1200x801.jpg\" alt=\"\" class=\"wp-image-102932\" srcset=\"https:\/\/tvtecjundiai.com.br\/news\/wp-content\/uploads\/sites\/2\/2022\/12\/emeb-armanda-projeto-de-ingles_fm_-6-1280x854-1-1200x801.jpg 1200w, https:\/\/tvtecjundiai.com.br\/news\/wp-content\/uploads\/sites\/2\/2022\/12\/emeb-armanda-projeto-de-ingles_fm_-6-1280x854-1-300x200.jpg 300w, https:\/\/tvtecjundiai.com.br\/news\/wp-content\/uploads\/sites\/2\/2022\/12\/emeb-armanda-projeto-de-ingles_fm_-6-1280x854-1-768x512.jpg 768w, https:\/\/tvtecjundiai.com.br\/news\/wp-content\/uploads\/sites\/2\/2022\/12\/emeb-armanda-projeto-de-ingles_fm_-6-1280x854-1.jpg 1280w\" sizes=\"auto, (max-width: 1200px) 100vw, 1200px\" \/><\/figure>\n\n\n\n<figure class=\"wp-block-image size-large\"><img loading=\"lazy\" decoding=\"async\" width=\"1200\" height=\"801\" data-id=\"102933\" src=\"https:\/\/tvtecjundiai.com.br\/news\/wp-content\/uploads\/sites\/2\/2022\/12\/emeb-armanda-projeto-de-ingles_fm_-23-1280x854-1-1200x801.jpg\" alt=\"\" class=\"wp-image-102933\" srcset=\"https:\/\/tvtecjundiai.com.br\/news\/wp-content\/uploads\/sites\/2\/2022\/12\/emeb-armanda-projeto-de-ingles_fm_-23-1280x854-1-1200x801.jpg 1200w, https:\/\/tvtecjundiai.com.br\/news\/wp-content\/uploads\/sites\/2\/2022\/12\/emeb-armanda-projeto-de-ingles_fm_-23-1280x854-1-300x200.jpg 300w, https:\/\/tvtecjundiai.com.br\/news\/wp-content\/uploads\/sites\/2\/2022\/12\/emeb-armanda-projeto-de-ingles_fm_-23-1280x854-1-768x512.jpg 768w, https:\/\/tvtecjundiai.com.br\/news\/wp-content\/uploads\/sites\/2\/2022\/12\/emeb-armanda-projeto-de-ingles_fm_-23-1280x854-1.jpg 1280w\" sizes=\"auto, (max-width: 1200px) 100vw, 1200px\" \/><\/figure>\n<\/figure>\n\n\n\n<p><\/p>\n\n\n\n<p><strong><em>(Fonte\/Imagens: Prefeitura de Jundia\u00ed)<\/em><\/strong><\/p>\n","protected":false},"excerpt":{"rendered":"<p>Alunos do segundo ano ficaram encantados com as aulas<\/p>\n","protected":false},"author":30,"featured_media":102933,"comment_status":"closed","ping_status":"0","sticky":false,"template":"","format":"standard","meta":{"footnotes":""},"categories":[2828,8356,1],"tags":[],"class_list":["post-102928","post","type-post","status-publish","format-standard","has-post-thumbnail","hentry","category-educacao","category-jundiai","category-noticias"],"_links":{"self":[{"href":"https:\/\/tvtecjundiai.com.br\/news\/wp-json\/wp\/v2\/posts\/102928","targetHints":{"allow":["GET"]}}],"collection":[{"href":"https:\/\/tvtecjundiai.com.br\/news\/wp-json\/wp\/v2\/posts"}],"about":[{"href":"https:\/\/tvtecjundiai.com.br\/news\/wp-json\/wp\/v2\/types\/post"}],"author":[{"embeddable":true,"href":"https:\/\/tvtecjundiai.com.br\/news\/wp-json\/wp\/v2\/users\/30"}],"replies":[{"embeddable":true,"href":"https:\/\/tvtecjundiai.com.br\/news\/wp-json\/wp\/v2\/comments?post=102928"}],"version-history":[{"count":1,"href":"https:\/\/tvtecjundiai.com.br\/news\/wp-json\/wp\/v2\/posts\/102928\/revisions"}],"predecessor-version":[{"id":102934,"href":"https:\/\/tvtecjundiai.com.br\/news\/wp-json\/wp\/v2\/posts\/102928\/revisions\/102934"}],"wp:featuredmedia":[{"embeddable":true,"href":"https:\/\/tvtecjundiai.com.br\/news\/wp-json\/wp\/v2\/media\/102933"}],"wp:attachment":[{"href":"https:\/\/tvtecjundiai.com.br\/news\/wp-json\/wp\/v2\/media?parent=102928"}],"wp:term":[{"taxonomy":"category","embeddable":true,"href":"https:\/\/tvtecjundiai.com.br\/news\/wp-json\/wp\/v2\/categories?post=102928"},{"taxonomy":"post_tag","embeddable":true,"href":"https:\/\/tvtecjundiai.com.br\/news\/wp-json\/wp\/v2\/tags?post=102928"}],"curies":[{"name":"wp","href":"https:\/\/api.w.org\/{rel}","templated":true}]}}