{"id":102940,"date":"2022-12-27T10:24:07","date_gmt":"2022-12-27T13:24:07","guid":{"rendered":"https:\/\/tvtecjundiai.com.br\/news\/?p=102940"},"modified":"2022-12-27T10:24:08","modified_gmt":"2022-12-27T13:24:08","slug":"super-feirao-zera-divida-da-cdl-jundiai-auxilia-consumidores-ate-dia-29-de-dezembro","status":"publish","type":"post","link":"https:\/\/tvtecjundiai.com.br\/news\/2022\/12\/27\/super-feirao-zera-divida-da-cdl-jundiai-auxilia-consumidores-ate-dia-29-de-dezembro\/","title":{"rendered":"&#8216;Super Feir\u00e3o Zera D\u00edvida&#8217; da CDL Jundia\u00ed auxilia consumidores at\u00e9 dia 29 de dezembro"},"content":{"rendered":"\n<p>Vai at\u00e9 o dia 29 de dezembro a segunda edi\u00e7\u00e3o do &#8216;Super Feir\u00e3o Zera D\u00edvida&#8217; para ajudar o consumidor a colocar suas contas em ordem de forma facilitada. O atendimento acontece presencialmente de segunda a quinta-feira, das 8h \u00e0s 17h, na C\u00e2mara de Dirigentes Lojistas de Jundia\u00ed (CDL), localizada na rua Senador Fonseca, 651, no Centro. N\u00e3o \u00e9 necess\u00e1rio agendamento.<\/p>\n\n\n\n<p>Durante o Super Feir\u00e3o, os interessados ter\u00e3o um atendimento exclusivo para verificar suas pend\u00eancias financeiras a partir dos bancos de dados do Servi\u00e7o de Prote\u00e7\u00e3o ao Cr\u00e9dito (SPC) e da Serasa Experian.<\/p>\n\n\n<div class=\"wp-block-image\">\n<figure class=\"aligncenter size-full is-resized\"><img loading=\"lazy\" decoding=\"async\" src=\"https:\/\/tvtecjundiai.com.br\/news\/wp-content\/uploads\/sites\/2\/2022\/12\/divida.jpg\" alt=\"\" class=\"wp-image-103091\" width=\"596\" height=\"395\" srcset=\"https:\/\/tvtecjundiai.com.br\/news\/wp-content\/uploads\/sites\/2\/2022\/12\/divida.jpg 655w, https:\/\/tvtecjundiai.com.br\/news\/wp-content\/uploads\/sites\/2\/2022\/12\/divida-300x199.jpg 300w\" sizes=\"auto, (max-width: 596px) 100vw, 596px\" \/><\/figure>\n<\/div>\n\n\n<p>A primeira edi\u00e7\u00e3o do \u201cSuper Feir\u00e3o Zera D\u00edvida\u201d aconteceu em novembro de 2021 com cerca de 250 atendimentos de consumidores de Jundia\u00ed e Regi\u00e3o. Este ano, desde o primeiro dia da a\u00e7\u00e3o, iniciada em 16 de novembro, s\u00e3o atendidas presencialmente, em m\u00e9dia, 25 pessoas por dia, al\u00e9m das orienta\u00e7\u00f5es via telefone.<\/p>\n\n\n\n<p>\u201cTrata-se de uma a\u00e7\u00e3o important\u00edssima para auxiliar aqueles que desejam quitar suas d\u00edvidas e, assim, planejarem suas pr\u00f3ximas compras com tranquilidade. \u00c9 poss\u00edvel negociar qualquer tipo de d\u00edvida como banc\u00e1ria, de IPTU, IPVA e outras. O pagamento pode ser feito \u00e0 vista, via PIX ou parcelado em at\u00e9 18 vezes\u201d, afirma Edison Maltoni, presidente da CDL Jundia\u00ed.<\/p>\n\n\n\n<p><em><strong>(Fonte: Assessoria Sincomercio Jundia\u00ed\/Imagem: Canva)<\/strong><\/em><\/p>\n","protected":false},"excerpt":{"rendered":"<p>A\u00e7\u00e3o permite negociar qualquer tipo de d\u00edvida em at\u00e9 18 vezes<\/p>\n","protected":false},"author":30,"featured_media":103091,"comment_status":"closed","ping_status":"0","sticky":false,"template":"","format":"standard","meta":{"footnotes":""},"categories":[8356,1],"tags":[],"class_list":["post-102940","post","type-post","status-publish","format-standard","has-post-thumbnail","hentry","category-jundiai","category-noticias"],"_links":{"self":[{"href":"https:\/\/tvtecjundiai.com.br\/news\/wp-json\/wp\/v2\/posts\/102940","targetHints":{"allow":["GET"]}}],"collection":[{"href":"https:\/\/tvtecjundiai.com.br\/news\/wp-json\/wp\/v2\/posts"}],"about":[{"href":"https:\/\/tvtecjundiai.com.br\/news\/wp-json\/wp\/v2\/types\/post"}],"author":[{"embeddable":true,"href":"https:\/\/tvtecjundiai.com.br\/news\/wp-json\/wp\/v2\/users\/30"}],"replies":[{"embeddable":true,"href":"https:\/\/tvtecjundiai.com.br\/news\/wp-json\/wp\/v2\/comments?post=102940"}],"version-history":[{"count":2,"href":"https:\/\/tvtecjundiai.com.br\/news\/wp-json\/wp\/v2\/posts\/102940\/revisions"}],"predecessor-version":[{"id":103092,"href":"https:\/\/tvtecjundiai.com.br\/news\/wp-json\/wp\/v2\/posts\/102940\/revisions\/103092"}],"wp:featuredmedia":[{"embeddable":true,"href":"https:\/\/tvtecjundiai.com.br\/news\/wp-json\/wp\/v2\/media\/103091"}],"wp:attachment":[{"href":"https:\/\/tvtecjundiai.com.br\/news\/wp-json\/wp\/v2\/media?parent=102940"}],"wp:term":[{"taxonomy":"category","embeddable":true,"href":"https:\/\/tvtecjundiai.com.br\/news\/wp-json\/wp\/v2\/categories?post=102940"},{"taxonomy":"post_tag","embeddable":true,"href":"https:\/\/tvtecjundiai.com.br\/news\/wp-json\/wp\/v2\/tags?post=102940"}],"curies":[{"name":"wp","href":"https:\/\/api.w.org\/{rel}","templated":true}]}}