{"id":102969,"date":"2022-12-23T08:47:23","date_gmt":"2022-12-23T11:47:23","guid":{"rendered":"https:\/\/tvtecjundiai.com.br\/news\/?p=102969"},"modified":"2022-12-23T09:31:30","modified_gmt":"2022-12-23T12:31:30","slug":"cultura-abre-votacao-popular-para-concurso-de-decoracao-natalina","status":"publish","type":"post","link":"https:\/\/tvtecjundiai.com.br\/news\/2022\/12\/23\/cultura-abre-votacao-popular-para-concurso-de-decoracao-natalina\/","title":{"rendered":"Cultura abre vota\u00e7\u00e3o popular para concurso de Decora\u00e7\u00e3o Natalina"},"content":{"rendered":"\n<p>Como parte do concurso de Decora\u00e7\u00e3o Natalina 2022, a Unidade de Gest\u00e3o de Cultura (UGC) divulgou em sua p\u00e1gina oficial no Facebook as nove concorrentes deste ano e que podem ser escolhidas na categoria de aclama\u00e7\u00e3o popular. O concurso faz parte da&nbsp;programa\u00e7\u00e3o do Circuito Natal Luz 2022.<\/p>\n\n\n\n<p><a href=\"https:\/\/www.facebook.com\/346547998873454\/posts\/pfbid0WAqvW3suESJQtNMYdDv7kj1tNS5oFytMmcyhKw6vBydUh7LfAFmjJJmJHUWxsmqUl\/?d=w&amp;mibextid=qC1gEa\" target=\"_blank\" rel=\"noreferrer noopener\">PARTICIPE DA VOTA\u00c7\u00c3O<\/a><\/p>\n\n\n\n<p>A vota\u00e7\u00e3o foi iniciada na tarde desta quinta-feira (22) e seguir\u00e1 at\u00e9 as 23h59 da pr\u00f3xima segunda-feira (26) e o im\u00f3vel ou estabelecimento vencedor ser\u00e1 contemplado com o trof\u00e9u \u201cNatal Jundia\u00ed \u2013 Voto Popular\u201d.<\/p>\n\n\n\n<p>As fotos de cada concorrente comp\u00f5em um \u00e1lbum e a contagem dos votos ser\u00e1 feita a partir das curtidas feitas em cada uma dessas fotos. N\u00e3o ser\u00e3o consideradas para contagem de votos as curtidas feitas no \u00e1lbum geral, em postagens compartilhadas e curtidas feitas em data posterior ao encerramento da apura\u00e7\u00e3o.<\/p>\n\n\n\n<p>Os resultados da vota\u00e7\u00e3o popular no Facebook, bem como os premiados nas Categorias Estabelecimento Comercial e Im\u00f3vel Residencial \u2013 estas duas \u00faltimas premiadas com dinheiro -, ser\u00e3o divulgados no dia 06 de janeiro do ano que vem.<\/p>\n\n\n\n<figure class=\"wp-block-image size-large\"><img loading=\"lazy\" decoding=\"async\" width=\"1200\" height=\"808\" src=\"https:\/\/tvtecjundiai.com.br\/news\/wp-content\/uploads\/sites\/2\/2022\/12\/52536272867_be8e467afc_o-1200x808.jpg\" alt=\"\" class=\"wp-image-102970\" srcset=\"https:\/\/tvtecjundiai.com.br\/news\/wp-content\/uploads\/sites\/2\/2022\/12\/52536272867_be8e467afc_o-1200x808.jpg 1200w, https:\/\/tvtecjundiai.com.br\/news\/wp-content\/uploads\/sites\/2\/2022\/12\/52536272867_be8e467afc_o-300x202.jpg 300w, https:\/\/tvtecjundiai.com.br\/news\/wp-content\/uploads\/sites\/2\/2022\/12\/52536272867_be8e467afc_o-768x517.jpg 768w, https:\/\/tvtecjundiai.com.br\/news\/wp-content\/uploads\/sites\/2\/2022\/12\/52536272867_be8e467afc_o.jpg 1215w\" sizes=\"auto, (max-width: 1200px) 100vw, 1200px\" \/><figcaption class=\"wp-element-caption\">As fotos dos concorrentes est\u00e3o dispon\u00edveis na p\u00e1gina da Unidade de Cultura no Facebook<\/figcaption><\/figure>\n\n\n\n<p><strong><em>(Fonte\/Imagem: Prefeitura de Jundia\u00ed)<\/em><\/strong><\/p>\n","protected":false},"excerpt":{"rendered":"<p>A vota\u00e7\u00e3o seguir\u00e1 at\u00e9 as 23h59 da pr\u00f3xima segunda-feira (26)<\/p>\n","protected":false},"author":30,"featured_media":102970,"comment_status":"closed","ping_status":"0","sticky":false,"template":"","format":"standard","meta":{"footnotes":""},"categories":[2833,29,8356,1],"tags":[],"class_list":["post-102969","post","type-post","status-publish","format-standard","has-post-thumbnail","hentry","category-cultura","category-destaque","category-jundiai","category-noticias"],"_links":{"self":[{"href":"https:\/\/tvtecjundiai.com.br\/news\/wp-json\/wp\/v2\/posts\/102969","targetHints":{"allow":["GET"]}}],"collection":[{"href":"https:\/\/tvtecjundiai.com.br\/news\/wp-json\/wp\/v2\/posts"}],"about":[{"href":"https:\/\/tvtecjundiai.com.br\/news\/wp-json\/wp\/v2\/types\/post"}],"author":[{"embeddable":true,"href":"https:\/\/tvtecjundiai.com.br\/news\/wp-json\/wp\/v2\/users\/30"}],"replies":[{"embeddable":true,"href":"https:\/\/tvtecjundiai.com.br\/news\/wp-json\/wp\/v2\/comments?post=102969"}],"version-history":[{"count":2,"href":"https:\/\/tvtecjundiai.com.br\/news\/wp-json\/wp\/v2\/posts\/102969\/revisions"}],"predecessor-version":[{"id":102982,"href":"https:\/\/tvtecjundiai.com.br\/news\/wp-json\/wp\/v2\/posts\/102969\/revisions\/102982"}],"wp:featuredmedia":[{"embeddable":true,"href":"https:\/\/tvtecjundiai.com.br\/news\/wp-json\/wp\/v2\/media\/102970"}],"wp:attachment":[{"href":"https:\/\/tvtecjundiai.com.br\/news\/wp-json\/wp\/v2\/media?parent=102969"}],"wp:term":[{"taxonomy":"category","embeddable":true,"href":"https:\/\/tvtecjundiai.com.br\/news\/wp-json\/wp\/v2\/categories?post=102969"},{"taxonomy":"post_tag","embeddable":true,"href":"https:\/\/tvtecjundiai.com.br\/news\/wp-json\/wp\/v2\/tags?post=102969"}],"curies":[{"name":"wp","href":"https:\/\/api.w.org\/{rel}","templated":true}]}}