{"id":102972,"date":"2022-12-23T09:30:16","date_gmt":"2022-12-23T12:30:16","guid":{"rendered":"https:\/\/tvtecjundiai.com.br\/news\/?p=102972"},"modified":"2022-12-23T09:30:17","modified_gmt":"2022-12-23T12:30:17","slug":"natal-sera-ensolarado-mas-ha-previsao-de-pancadas-de-chuva-em-jundiai","status":"publish","type":"post","link":"https:\/\/tvtecjundiai.com.br\/news\/2022\/12\/23\/natal-sera-ensolarado-mas-ha-previsao-de-pancadas-de-chuva-em-jundiai\/","title":{"rendered":"Natal ser\u00e1 ensolarado, mas h\u00e1 previs\u00e3o de pancadas de chuva em Jundia\u00ed"},"content":{"rendered":"\n<p>Neste Natal, que acontece no primeiro fim de semana do Ver\u00e3o, a previs\u00e3o \u00e9 de sol e r\u00e1pidas pancadas de chuva em Jundia\u00ed. Segundo o Climatempo, a temperatura pode variar entre 16\u00b0C e 27\u00b0C.<\/p>\n\n\n\n<p>Nesta sexta-feira (23), o dia \u00e9 de sol e aumento de nuvens pela manh\u00e3, com curtas pancadas de chuva \u00e0 tarde que devem somar apenas 4mm. \u00c0 noite, o tempo fica aberto. Os term\u00f4metros ficam entre 15\u00b0C e 26\u00b0C.<\/p>\n\n\n<div class=\"wp-block-image\">\n<figure class=\"aligncenter size-full is-resized\"><img loading=\"lazy\" decoding=\"async\" src=\"https:\/\/tvtecjundiai.com.br\/news\/wp-content\/uploads\/sites\/2\/2022\/12\/WhatsApp-Image-2022-11-28-at-10.41.59-768x576-1.jpeg\" alt=\"\" class=\"wp-image-102980\" width=\"632\" height=\"474\" srcset=\"https:\/\/tvtecjundiai.com.br\/news\/wp-content\/uploads\/sites\/2\/2022\/12\/WhatsApp-Image-2022-11-28-at-10.41.59-768x576-1.jpeg 768w, https:\/\/tvtecjundiai.com.br\/news\/wp-content\/uploads\/sites\/2\/2022\/12\/WhatsApp-Image-2022-11-28-at-10.41.59-768x576-1-300x225.jpeg 300w\" sizes=\"auto, (max-width: 632px) 100vw, 632px\" \/><\/figure>\n<\/div>\n\n\n<p>No s\u00e1bado (24), v\u00e9spera de Natal, o dia \u00e9 de sol e aumento de nuvens pela manh\u00e3, com pancadas de chuva \u00e0 tarde, que devem somar apenas 8mm. \u00c0 noite, o tempo fica aberto. A temperatura fica entre 16\u00b0C e 26\u00b0C.<\/p>\n\n\n\n<p>No domingo (25), dia de Natal, a previs\u00e3o \u00e9 de sol com algumas nuvens e pancadas de chuva r\u00e1pidas durante o dia e \u00e0 noite, que devem somar 10mm. Os term\u00f4metros ficam entre 16\u00b0C e 27\u00b0C.<\/p>\n\n\n\n<p><em><strong>(Fonte: TVTEC Jundia\u00ed\/Imagem: Juliano Justino)<\/strong><\/em><\/p>\n","protected":false},"excerpt":{"rendered":"<p>Segundo o Climatempo, a temperatura pode variar entre 16\u00b0C e 27\u00b0C<\/p>\n","protected":false},"author":30,"featured_media":102980,"comment_status":"closed","ping_status":"0","sticky":false,"template":"","format":"standard","meta":{"footnotes":""},"categories":[3185,8356,1],"tags":[],"class_list":["post-102972","post","type-post","status-publish","format-standard","has-post-thumbnail","hentry","category-clima","category-jundiai","category-noticias"],"_links":{"self":[{"href":"https:\/\/tvtecjundiai.com.br\/news\/wp-json\/wp\/v2\/posts\/102972","targetHints":{"allow":["GET"]}}],"collection":[{"href":"https:\/\/tvtecjundiai.com.br\/news\/wp-json\/wp\/v2\/posts"}],"about":[{"href":"https:\/\/tvtecjundiai.com.br\/news\/wp-json\/wp\/v2\/types\/post"}],"author":[{"embeddable":true,"href":"https:\/\/tvtecjundiai.com.br\/news\/wp-json\/wp\/v2\/users\/30"}],"replies":[{"embeddable":true,"href":"https:\/\/tvtecjundiai.com.br\/news\/wp-json\/wp\/v2\/comments?post=102972"}],"version-history":[{"count":1,"href":"https:\/\/tvtecjundiai.com.br\/news\/wp-json\/wp\/v2\/posts\/102972\/revisions"}],"predecessor-version":[{"id":102981,"href":"https:\/\/tvtecjundiai.com.br\/news\/wp-json\/wp\/v2\/posts\/102972\/revisions\/102981"}],"wp:featuredmedia":[{"embeddable":true,"href":"https:\/\/tvtecjundiai.com.br\/news\/wp-json\/wp\/v2\/media\/102980"}],"wp:attachment":[{"href":"https:\/\/tvtecjundiai.com.br\/news\/wp-json\/wp\/v2\/media?parent=102972"}],"wp:term":[{"taxonomy":"category","embeddable":true,"href":"https:\/\/tvtecjundiai.com.br\/news\/wp-json\/wp\/v2\/categories?post=102972"},{"taxonomy":"post_tag","embeddable":true,"href":"https:\/\/tvtecjundiai.com.br\/news\/wp-json\/wp\/v2\/tags?post=102972"}],"curies":[{"name":"wp","href":"https:\/\/api.w.org\/{rel}","templated":true}]}}