{"id":103064,"date":"2022-12-27T08:36:40","date_gmt":"2022-12-27T11:36:40","guid":{"rendered":"https:\/\/tvtecjundiai.com.br\/news\/?p=103064"},"modified":"2022-12-27T08:36:41","modified_gmt":"2022-12-27T11:36:41","slug":"retrospectiva-2022-mobilidade-avanca-com-obra-do-complexo-viario-samuel-martins","status":"publish","type":"post","link":"https:\/\/tvtecjundiai.com.br\/news\/2022\/12\/27\/retrospectiva-2022-mobilidade-avanca-com-obra-do-complexo-viario-samuel-martins\/","title":{"rendered":"Retrospectiva 2022: Mobilidade avan\u00e7a com obra do Complexo Vi\u00e1rio Samuel Martins"},"content":{"rendered":"\n<p>Com in\u00edcio das obram em setembro e previs\u00e3o de t\u00e9rmino em 18 meses, o complexo vi\u00e1rio Samuel Martins foi o principal investimento em infraestrutura vi\u00e1ria no ano de 2022. Or\u00e7ada em R$ 30 milh\u00f5es, o que inclui repasse do Governo do Estado e contrapartida do munic\u00edpio, a obra est\u00e1 cerca de 20% finalizada.<\/p>\n\n\n\n<p>O dispositivo, localizado na Regi\u00e3o Sul, contar\u00e1 com viaduto, al\u00e7as e t\u00fanel para a interliga\u00e7\u00e3o da avenida 14 de Dezembro com a avenida Samuel Martins e Estrada Velha. \u201cOs investimentos em infraestrutura est\u00e3o entre as principais marcas do Governo. A obra ir\u00e1 melhorar o fluxo do tr\u00e2nsito local e trar\u00e1 mais qualidade de vida aos moradores e pessoas que trafegam naquela regi\u00e3o\u201d, avalia o Prefeito Luiz Fernando Machado.<\/p>\n\n\n<div class=\"wp-block-image\">\n<figure class=\"aligncenter size-large is-resized\"><img loading=\"lazy\" decoding=\"async\" src=\"https:\/\/tvtecjundiai.com.br\/news\/wp-content\/uploads\/sites\/2\/2022\/12\/obras_interligacao_samuel_martins_pa-13-1280x854-1-1200x801.jpg\" alt=\"\" class=\"wp-image-103065\" width=\"700\" height=\"467\" srcset=\"https:\/\/tvtecjundiai.com.br\/news\/wp-content\/uploads\/sites\/2\/2022\/12\/obras_interligacao_samuel_martins_pa-13-1280x854-1-1200x801.jpg 1200w, https:\/\/tvtecjundiai.com.br\/news\/wp-content\/uploads\/sites\/2\/2022\/12\/obras_interligacao_samuel_martins_pa-13-1280x854-1-300x200.jpg 300w, https:\/\/tvtecjundiai.com.br\/news\/wp-content\/uploads\/sites\/2\/2022\/12\/obras_interligacao_samuel_martins_pa-13-1280x854-1-768x512.jpg 768w, https:\/\/tvtecjundiai.com.br\/news\/wp-content\/uploads\/sites\/2\/2022\/12\/obras_interligacao_samuel_martins_pa-13-1280x854-1.jpg 1280w\" sizes=\"auto, (max-width: 700px) 100vw, 700px\" \/><figcaption class=\"wp-element-caption\">Complexo Vi\u00e1rio Samuel Martins est\u00e1 com 20% das obras conclu\u00eddas<\/figcaption><\/figure>\n<\/div>\n\n\n<p>Para o gestor de Governo e Finan\u00e7as (UGGF), Jos\u00e9 Antonio Parimoschi, Jundia\u00ed se desenvolve com base no planejamento global, incluindo a realidade social e urbana da cidade. \u201c\u00c9 uma a\u00e7\u00e3o prevista em nosso Plano de Mobilidade Urbana. O principal objetivo \u00e9 destravar os principais pontos e gargalos da infraestrutura vi\u00e1ria do munic\u00edpio. As finan\u00e7as em ordem permitiram os conv\u00eanios e aportes necess\u00e1rios para realizar essa grande obra\u201d, afirma Parimoschi.<\/p>\n\n\n\n<p><strong>Regi\u00e3o Sul<br><\/strong>Ao lado do Complexo Vi\u00e1rio, est\u00e1 sendo constru\u00eddo o Centro de Seguran\u00e7a e Urg\u00eancia e Emerg\u00eancia, que contemplar\u00e1 a sede da Guarda Municipal, Defesa Civil e Servi\u00e7o de Atendimento M\u00f3vel de Urg\u00eancia e Emerg\u00eancia (Samu) e Servi\u00e7o de Atendimento a Pacientes Especiais e Cr\u00f4nicos (Saec), al\u00e9m do centro de monitoramento do Tr\u00e2nsito.<\/p>\n\n\n\n<p>Outra obra naquela regi\u00e3o \u00e9 o Centro M\u00e9dico de Especialidades e Diagn\u00f3stico que funcionar\u00e1 junto com Pronto Atendimento (PA). Os servi\u00e7os est\u00e3o em andamento, com previs\u00e3o de entrega para o primeiro semestre de 2024.<\/p>\n\n\n\n<p><em><strong>(Fonte\/Imagem: Prefeitura de Jundia\u00ed)<\/strong><\/em><\/p>\n","protected":false},"excerpt":{"rendered":"<p>Or\u00e7ada em R$ 30 milh\u00f5es, a obra est\u00e1 cerca de 20% finalizada<\/p>\n","protected":false},"author":30,"featured_media":103065,"comment_status":"closed","ping_status":"0","sticky":false,"template":"","format":"standard","meta":{"footnotes":""},"categories":[8356,1,6151],"tags":[],"class_list":["post-103064","post","type-post","status-publish","format-standard","has-post-thumbnail","hentry","category-jundiai","category-noticias","category-transito"],"_links":{"self":[{"href":"https:\/\/tvtecjundiai.com.br\/news\/wp-json\/wp\/v2\/posts\/103064","targetHints":{"allow":["GET"]}}],"collection":[{"href":"https:\/\/tvtecjundiai.com.br\/news\/wp-json\/wp\/v2\/posts"}],"about":[{"href":"https:\/\/tvtecjundiai.com.br\/news\/wp-json\/wp\/v2\/types\/post"}],"author":[{"embeddable":true,"href":"https:\/\/tvtecjundiai.com.br\/news\/wp-json\/wp\/v2\/users\/30"}],"replies":[{"embeddable":true,"href":"https:\/\/tvtecjundiai.com.br\/news\/wp-json\/wp\/v2\/comments?post=103064"}],"version-history":[{"count":1,"href":"https:\/\/tvtecjundiai.com.br\/news\/wp-json\/wp\/v2\/posts\/103064\/revisions"}],"predecessor-version":[{"id":103066,"href":"https:\/\/tvtecjundiai.com.br\/news\/wp-json\/wp\/v2\/posts\/103064\/revisions\/103066"}],"wp:featuredmedia":[{"embeddable":true,"href":"https:\/\/tvtecjundiai.com.br\/news\/wp-json\/wp\/v2\/media\/103065"}],"wp:attachment":[{"href":"https:\/\/tvtecjundiai.com.br\/news\/wp-json\/wp\/v2\/media?parent=103064"}],"wp:term":[{"taxonomy":"category","embeddable":true,"href":"https:\/\/tvtecjundiai.com.br\/news\/wp-json\/wp\/v2\/categories?post=103064"},{"taxonomy":"post_tag","embeddable":true,"href":"https:\/\/tvtecjundiai.com.br\/news\/wp-json\/wp\/v2\/tags?post=103064"}],"curies":[{"name":"wp","href":"https:\/\/api.w.org\/{rel}","templated":true}]}}