{"id":103078,"date":"2022-12-27T09:24:08","date_gmt":"2022-12-27T12:24:08","guid":{"rendered":"https:\/\/tvtecjundiai.com.br\/news\/?p=103078"},"modified":"2022-12-27T09:30:28","modified_gmt":"2022-12-27T12:30:28","slug":"em-pesquisa-pacientes-aprovam-servico-de-saude","status":"publish","type":"post","link":"https:\/\/tvtecjundiai.com.br\/news\/2022\/12\/27\/em-pesquisa-pacientes-aprovam-servico-de-saude\/","title":{"rendered":"Em pesquisa, pacientes aprovam servi\u00e7o de sa\u00fade de Jundia\u00ed"},"content":{"rendered":"\n<p>A avalia\u00e7\u00e3o positiva dos servi\u00e7os ofertados pela rede de sa\u00fade de Jundia\u00ed supera os 80%. Os dados est\u00e3o em pesquisa realizada a partir dos totens \u201cGuardi\u00e3o da Sa\u00fade\u201d, entre os meses de maio e agosto \u2013 segundo quadrimestre do ano. Os 15 equipamentos espalhados pela cidade s\u00e3o conectados via internet e permitem ao usu\u00e1rio opinar e registrar cr\u00edticas, elogios, sugest\u00f5es e reclama\u00e7\u00f5es sem a necessidade de identifica\u00e7\u00e3o.<br><br>Dos 9.424 usu\u00e1rios participantes no per\u00edodo, 85% indicam os servi\u00e7os prestados pela Prefeitura de Jundia\u00ed, por meio da Unidade de Gest\u00e3o de Promo\u00e7\u00e3o da Sa\u00fade (UGPS), para outras pessoas.<br><br>Al\u00e9m desse quesito, o mun\u00edcipe pode responder outras tr\u00eas quest\u00f5es de m\u00faltiplas escolhas. No per\u00edodo, no quesito recep\u00e7\u00e3o, 81% avaliaram positivamente (56% \u00f3timo e 25% bom); em profissionais, a valida\u00e7\u00e3o chega a 77% (54% \u00f3timo e 23% bom); e em limpeza, higiene e organiza\u00e7\u00e3o, as avali\u00e7\u00f5es como \u00f3timo e bom somam 83% (54% \u00f3timo e 29% bom).<\/p>\n\n\n\n<p>O sistema \u00e9 um dos principais instrumentos utilizados pela gest\u00e3o para que a popula\u00e7\u00e3o se comunique com a Prefeitura, apontando o que \u00e9 necess\u00e1rio melhorar e o que est\u00e1 correto.<\/p>\n\n\n\n<figure class=\"wp-block-image size-large\"><img loading=\"lazy\" decoding=\"async\" width=\"1200\" height=\"721\" src=\"https:\/\/tvtecjundiai.com.br\/news\/wp-content\/uploads\/sites\/2\/2022\/12\/grafico-guardiao-da-saude-1200x721.png\" alt=\"\" class=\"wp-image-103079\" srcset=\"https:\/\/tvtecjundiai.com.br\/news\/wp-content\/uploads\/sites\/2\/2022\/12\/grafico-guardiao-da-saude-1200x721.png 1200w, https:\/\/tvtecjundiai.com.br\/news\/wp-content\/uploads\/sites\/2\/2022\/12\/grafico-guardiao-da-saude-300x180.png 300w, https:\/\/tvtecjundiai.com.br\/news\/wp-content\/uploads\/sites\/2\/2022\/12\/grafico-guardiao-da-saude-768x461.png 768w, https:\/\/tvtecjundiai.com.br\/news\/wp-content\/uploads\/sites\/2\/2022\/12\/grafico-guardiao-da-saude.png 1280w\" sizes=\"auto, (max-width: 1200px) 100vw, 1200px\" \/><\/figure>\n\n\n\n<p>\u201cCom base nessas opini\u00f5es, qualificamos os servi\u00e7os, organizamos o atendimento e trazemos uma melhor forma de cuidar do usu\u00e1rio da nossa rede. A sa\u00fade \u00e9 a nossa prioridade e, desde 2017, investimentos na melhoria da ambi\u00eancia e em tecnologia, e tamb\u00e9m na implementa\u00e7\u00e3o do atendimento humanizado, por meio de capacita\u00e7\u00f5es voltadas aos servidores e da amplia\u00e7\u00e3o do Programa Posso Ajudar. Pelo que indica a avalia\u00e7\u00e3o, estamos no caminho certo\u201d, ressalta o prefeito Luiz Fernando Machado.<\/p>\n\n\n\n<p>\u201cTodas as indica\u00e7\u00f5es s\u00e3o recebidas em tempo real pela gest\u00e3o. As pontua\u00e7\u00f5es negativas, ou seja, com indicativo de ruim \u2013 em torno de 7%, em m\u00e9dia \u2013 s\u00e3o extremamente importantes e s\u00e3o analisadas pontualmente para que, de imediato, sejam feitas as interven\u00e7\u00f5es com as equipes para a solu\u00e7\u00e3o\u201d, informa o gestor de Promo\u00e7\u00e3o da Sa\u00fade, Tiago Texera.<\/p>\n\n\n\n<figure class=\"wp-block-image size-large\"><img loading=\"lazy\" decoding=\"async\" width=\"1200\" height=\"803\" src=\"https:\/\/tvtecjundiai.com.br\/news\/wp-content\/uploads\/sites\/2\/2022\/12\/nova-ubs-jundiai-mirim-posso-ajudar-e-totem-guardiao-da-saude-priscila-regina-rodrigues-garcia_fm_-7-1200x803.jpg\" alt=\"\" class=\"wp-image-103080\" srcset=\"https:\/\/tvtecjundiai.com.br\/news\/wp-content\/uploads\/sites\/2\/2022\/12\/nova-ubs-jundiai-mirim-posso-ajudar-e-totem-guardiao-da-saude-priscila-regina-rodrigues-garcia_fm_-7-1200x803.jpg 1200w, https:\/\/tvtecjundiai.com.br\/news\/wp-content\/uploads\/sites\/2\/2022\/12\/nova-ubs-jundiai-mirim-posso-ajudar-e-totem-guardiao-da-saude-priscila-regina-rodrigues-garcia_fm_-7-300x201.jpg 300w, https:\/\/tvtecjundiai.com.br\/news\/wp-content\/uploads\/sites\/2\/2022\/12\/nova-ubs-jundiai-mirim-posso-ajudar-e-totem-guardiao-da-saude-priscila-regina-rodrigues-garcia_fm_-7-768x514.jpg 768w, https:\/\/tvtecjundiai.com.br\/news\/wp-content\/uploads\/sites\/2\/2022\/12\/nova-ubs-jundiai-mirim-posso-ajudar-e-totem-guardiao-da-saude-priscila-regina-rodrigues-garcia_fm_-7.jpg 1280w\" sizes=\"auto, (max-width: 1200px) 100vw, 1200px\" \/><figcaption class=\"wp-element-caption\">Ap\u00f3s conhecer a ferramenta, Priscila participou da pesquisa<br><\/figcaption><\/figure>\n\n\n\n<p><strong>Facilidade<\/strong><br>Para a dona de casa Priscila Regina Rodrigues Garcia, que utilizou o equipamento pela primeira vez na UBS Jundia\u00ed Mirim, deixar sua avalia\u00e7\u00e3o foi importante. \u201cFoi bom poder opinar e de um jeito t\u00e3o f\u00e1cil\u201d.<\/p>\n\n\n\n<p>\u201c\u00c9 uma ferramenta muito bacana para que fiquem sabendo na Prefeitura o que achamos do servi\u00e7o e como fomos atendidos. Foi muito r\u00e1pido fazer o meu registro\u201d, tamb\u00e9m comentou a dona de casa Maria Regina Patelli.<\/p>\n\n\n\n<p>Ao todo, desde o in\u00edcio da opera\u00e7\u00e3o do \u201cGuardi\u00e3o da Sa\u00fade\u201d, 153.193 avalia\u00e7\u00f5es foram registradas no sistema. Novo balan\u00e7o ser\u00e1 divulgado no final do terceiro quadrimestre do ano.<\/p>\n\n\n\n<figure class=\"wp-block-image size-large\"><img loading=\"lazy\" decoding=\"async\" width=\"1200\" height=\"800\" src=\"https:\/\/tvtecjundiai.com.br\/news\/wp-content\/uploads\/sites\/2\/2022\/12\/nova-ubs-jundiai-mirim-posso-ajudar-e-totem-guardiao-da-saude-maria-regina-patelli_fm_-12-1200x800.jpg\" alt=\"\" class=\"wp-image-103081\" srcset=\"https:\/\/tvtecjundiai.com.br\/news\/wp-content\/uploads\/sites\/2\/2022\/12\/nova-ubs-jundiai-mirim-posso-ajudar-e-totem-guardiao-da-saude-maria-regina-patelli_fm_-12-1200x800.jpg 1200w, https:\/\/tvtecjundiai.com.br\/news\/wp-content\/uploads\/sites\/2\/2022\/12\/nova-ubs-jundiai-mirim-posso-ajudar-e-totem-guardiao-da-saude-maria-regina-patelli_fm_-12-300x200.jpg 300w, https:\/\/tvtecjundiai.com.br\/news\/wp-content\/uploads\/sites\/2\/2022\/12\/nova-ubs-jundiai-mirim-posso-ajudar-e-totem-guardiao-da-saude-maria-regina-patelli_fm_-12-768x512.jpg 768w, https:\/\/tvtecjundiai.com.br\/news\/wp-content\/uploads\/sites\/2\/2022\/12\/nova-ubs-jundiai-mirim-posso-ajudar-e-totem-guardiao-da-saude-maria-regina-patelli_fm_-12.jpg 1280w\" sizes=\"auto, (max-width: 1200px) 100vw, 1200px\" \/><figcaption class=\"wp-element-caption\">Maria Regina aprovou a ferramenta e deixou sua opini\u00e3o registrada<br><\/figcaption><\/figure>\n\n\n\n<p><strong>Posso Ajudar<\/strong><br>A UGPS, tamb\u00e9m dentro das a\u00e7\u00f5es que proporcionam qualifica\u00e7\u00e3o ao atendimento, tem o Programa Posso Ajudar, servi\u00e7o baseado na orienta\u00e7\u00e3o feita por atendente qualificado para solucionar as d\u00favidas dos pacientes, antes ou ap\u00f3s consultas ou procedimentos realizados.<\/p>\n\n\n\n<p>Al\u00e9m das 35 UBSs, em locais como o Centro de Conviv\u00eancia, Cultura, Trabalho e Gera\u00e7\u00e3o de Renda (CECCO), a Academia de Sa\u00fade e o Centro de Testagem e Aconselhamento (CTA), os usu\u00e1rios s\u00e3o recepcionados e acolhidos pelos atendentes, o que tamb\u00e9m otimiza o tempo de perman\u00eancia nos servi\u00e7os.<\/p>\n\n\n\n<p>\u201c\u00c9 fundamental que o bom atendimento comece na porta de entrada do servi\u00e7o e que o usu\u00e1rio possa monitorar a qualidade dos nossos servi\u00e7os, indicando melhorias necess\u00e1rias e apontando o que est\u00e1 dando certo. Desta forma, vamos melhorando cada vez mais as pol\u00edticas p\u00fablicas a partir de planejamento estrat\u00e9gico em sa\u00fade\u201d, acrescenta a diretora do Departamento de Planejamento, Gest\u00e3o e Finan\u00e7as da UGPS, Daniela Regina Tafarelo Zito.<\/p>\n\n\n\n<p><strong><em>( Fonte\/Imagens: Prefeitura de Jundia\u00ed)<\/em><\/strong><\/p>\n","protected":false},"excerpt":{"rendered":"<p>Os dados est\u00e3o em pesquisa realizada a partir dos totens \u201cGuardi\u00e3o da Sa\u00fade\u201d<\/p>\n","protected":false},"author":27,"featured_media":103082,"comment_status":"closed","ping_status":"0","sticky":false,"template":"","format":"standard","meta":{"footnotes":""},"categories":[29,8356,1,2839,8355],"tags":[],"class_list":["post-103078","post","type-post","status-publish","format-standard","has-post-thumbnail","hentry","category-destaque","category-jundiai","category-noticias","category-saude","category-saude-3"],"_links":{"self":[{"href":"https:\/\/tvtecjundiai.com.br\/news\/wp-json\/wp\/v2\/posts\/103078","targetHints":{"allow":["GET"]}}],"collection":[{"href":"https:\/\/tvtecjundiai.com.br\/news\/wp-json\/wp\/v2\/posts"}],"about":[{"href":"https:\/\/tvtecjundiai.com.br\/news\/wp-json\/wp\/v2\/types\/post"}],"author":[{"embeddable":true,"href":"https:\/\/tvtecjundiai.com.br\/news\/wp-json\/wp\/v2\/users\/27"}],"replies":[{"embeddable":true,"href":"https:\/\/tvtecjundiai.com.br\/news\/wp-json\/wp\/v2\/comments?post=103078"}],"version-history":[{"count":3,"href":"https:\/\/tvtecjundiai.com.br\/news\/wp-json\/wp\/v2\/posts\/103078\/revisions"}],"predecessor-version":[{"id":103086,"href":"https:\/\/tvtecjundiai.com.br\/news\/wp-json\/wp\/v2\/posts\/103078\/revisions\/103086"}],"wp:featuredmedia":[{"embeddable":true,"href":"https:\/\/tvtecjundiai.com.br\/news\/wp-json\/wp\/v2\/media\/103082"}],"wp:attachment":[{"href":"https:\/\/tvtecjundiai.com.br\/news\/wp-json\/wp\/v2\/media?parent=103078"}],"wp:term":[{"taxonomy":"category","embeddable":true,"href":"https:\/\/tvtecjundiai.com.br\/news\/wp-json\/wp\/v2\/categories?post=103078"},{"taxonomy":"post_tag","embeddable":true,"href":"https:\/\/tvtecjundiai.com.br\/news\/wp-json\/wp\/v2\/tags?post=103078"}],"curies":[{"name":"wp","href":"https:\/\/api.w.org\/{rel}","templated":true}]}}