{"id":103093,"date":"2022-12-27T11:44:47","date_gmt":"2022-12-27T14:44:47","guid":{"rendered":"https:\/\/tvtecjundiai.com.br\/news\/?p=103093"},"modified":"2022-12-27T11:44:47","modified_gmt":"2022-12-27T14:44:47","slug":"aarao-alves-e-o-novo-tecnico-do-paulista-de-jundiai","status":"publish","type":"post","link":"https:\/\/tvtecjundiai.com.br\/news\/2022\/12\/27\/aarao-alves-e-o-novo-tecnico-do-paulista-de-jundiai\/","title":{"rendered":"Aar\u00e3o Alves \u00e9 o novo t\u00e9cnico do Paulista de Jundia\u00ed"},"content":{"rendered":"\n<p>O Paulista de Jundia\u00ed anunciou nesta segunda-feira (26) o novo t\u00e9cnico do clube. Aar\u00e3o Alves dos Santos, de 48 anos, \u00e9 natural de Santos e desde 2005 atua como t\u00e9cnico. J\u00e1 dirigiu v\u00e1rias equipes nacionais e internacionais, entre elas o Santos F.C. e Shandong Luneng, da China. <\/p>\n\n\n\n<p>O treinador j\u00e1 teve passagem pelo Paulista em 2008, comandando o sub-20. Da categoria de base, Aar\u00e3o Alves foi comandar o time profissional do Galo. Em 2009, foi finalista da Copa Paulista e, no ano seguinte, comandou o time de Jundia\u00ed na s\u00e9rie A1 do Estadual.<\/p>\n\n\n<div class=\"wp-block-image\">\n<figure class=\"aligncenter size-full is-resized\"><img loading=\"lazy\" decoding=\"async\" src=\"https:\/\/tvtecjundiai.com.br\/news\/wp-content\/uploads\/sites\/2\/2022\/12\/novo-tecnico-paulista.jpg\" alt=\"\" class=\"wp-image-103097\" width=\"629\" height=\"442\" srcset=\"https:\/\/tvtecjundiai.com.br\/news\/wp-content\/uploads\/sites\/2\/2022\/12\/novo-tecnico-paulista.jpg 641w, https:\/\/tvtecjundiai.com.br\/news\/wp-content\/uploads\/sites\/2\/2022\/12\/novo-tecnico-paulista-300x211.jpg 300w\" sizes=\"auto, (max-width: 629px) 100vw, 629px\" \/><\/figure>\n<\/div>\n\n\n<p>De caracter\u00edsticas ofensivas e revelador de atletas com proje\u00e7\u00e3o na carreira, o novo t\u00e9cnico est\u00e1 se dedicando, junto com a diretoria do clube, para a forma\u00e7\u00e3o de uma equipe competitiva, visando o acesso em 2023.<\/p>\n\n\n\n<p>Nas pr\u00f3ximas semanas, ser\u00e3o divulgadas as contrata\u00e7\u00f5es para a temporada, datas de apresenta\u00e7\u00e3o do elenco e in\u00edcio dos treinamentos.<\/p>\n\n\n\n<p><em><strong>(Fonte: TVTEC Jundia\u00ed\/Imagem: Divulga\u00e7\u00e3o\/Paulista de Jundia\u00ed)<\/strong><\/em><\/p>\n","protected":false},"excerpt":{"rendered":"<p>O treinador j\u00e1 comandou o sub-20 do Galo e a equipe profissional<\/p>\n","protected":false},"author":30,"featured_media":103097,"comment_status":"closed","ping_status":"0","sticky":false,"template":"","format":"standard","meta":{"footnotes":""},"categories":[29,2827,8356,1],"tags":[],"class_list":["post-103093","post","type-post","status-publish","format-standard","has-post-thumbnail","hentry","category-destaque","category-esportes-e-lazer","category-jundiai","category-noticias"],"_links":{"self":[{"href":"https:\/\/tvtecjundiai.com.br\/news\/wp-json\/wp\/v2\/posts\/103093","targetHints":{"allow":["GET"]}}],"collection":[{"href":"https:\/\/tvtecjundiai.com.br\/news\/wp-json\/wp\/v2\/posts"}],"about":[{"href":"https:\/\/tvtecjundiai.com.br\/news\/wp-json\/wp\/v2\/types\/post"}],"author":[{"embeddable":true,"href":"https:\/\/tvtecjundiai.com.br\/news\/wp-json\/wp\/v2\/users\/30"}],"replies":[{"embeddable":true,"href":"https:\/\/tvtecjundiai.com.br\/news\/wp-json\/wp\/v2\/comments?post=103093"}],"version-history":[{"count":1,"href":"https:\/\/tvtecjundiai.com.br\/news\/wp-json\/wp\/v2\/posts\/103093\/revisions"}],"predecessor-version":[{"id":103100,"href":"https:\/\/tvtecjundiai.com.br\/news\/wp-json\/wp\/v2\/posts\/103093\/revisions\/103100"}],"wp:featuredmedia":[{"embeddable":true,"href":"https:\/\/tvtecjundiai.com.br\/news\/wp-json\/wp\/v2\/media\/103097"}],"wp:attachment":[{"href":"https:\/\/tvtecjundiai.com.br\/news\/wp-json\/wp\/v2\/media?parent=103093"}],"wp:term":[{"taxonomy":"category","embeddable":true,"href":"https:\/\/tvtecjundiai.com.br\/news\/wp-json\/wp\/v2\/categories?post=103093"},{"taxonomy":"post_tag","embeddable":true,"href":"https:\/\/tvtecjundiai.com.br\/news\/wp-json\/wp\/v2\/tags?post=103093"}],"curies":[{"name":"wp","href":"https:\/\/api.w.org\/{rel}","templated":true}]}}