{"id":103096,"date":"2022-12-27T11:46:52","date_gmt":"2022-12-27T14:46:52","guid":{"rendered":"https:\/\/tvtecjundiai.com.br\/news\/?p=103096"},"modified":"2022-12-27T11:47:35","modified_gmt":"2022-12-27T14:47:35","slug":"horta-urbana-do-jardim-do-lago-da-exemplo-de-saude-e-superacao","status":"publish","type":"post","link":"https:\/\/tvtecjundiai.com.br\/news\/2022\/12\/27\/horta-urbana-do-jardim-do-lago-da-exemplo-de-saude-e-superacao\/","title":{"rendered":"Horta Urbana do Jardim do Lago d\u00e1 exemplo de sa\u00fade e supera\u00e7\u00e3o"},"content":{"rendered":"\n<p>A horta urbana, localizada no Jardim do Lago, \u00e9 um exemplo de sucesso do Programa Horta Urbana, coordenado pela Unidade de Gest\u00e3o de Planejamento Urbano e Meio Ambiente (UGPUMA) para levar uma alimenta\u00e7\u00e3o mais saud\u00e1vel aos bairros. O local, inaugurado em agosto de 2021, produz alimentos livres de agrot\u00f3xicos, muito mais saud\u00e1veis para a popula\u00e7\u00e3o e tem ficado cada vez mais conhecido entre os moradores da regi\u00e3o.<\/p>\n\n\n\n<p>Segundo a coordenadora do Programa Horta Urbana Jundia\u00ed, Rita de Cassia Stringari, s\u00e3o muitos os benef\u00edcios trazidos pelas hortas. \u201cNelas, encontramos um amplo campo de estudos que vinculam as diferentes pr\u00e1ticas da agricultura urbana ao campo da promo\u00e7\u00e3o da sa\u00fade p\u00fablica. Em termos de sa\u00fade f\u00edsica, destacam-se os aspectos de consumo de alimentos saud\u00e1veis e a pr\u00e1tica de exerc\u00edcios f\u00edsicos associada \u00e0 opera\u00e7\u00e3o das atividades. J\u00e1 para a sa\u00fade mental, refer\u00eancias s\u00e3o identificadas no combate \u00e0 ansiedade e depress\u00e3o, em fun\u00e7\u00e3o do contato com a natureza e da socializa\u00e7\u00e3o proporcionada com a comunidade local e de praticantes\u201d, comenta.<\/p>\n\n\n\n<figure class=\"wp-block-image\"><img decoding=\"async\" src=\"https:\/\/jundiai.sp.gov.br\/noticias\/wp-content\/uploads\/sites\/32\/2022\/12\/horta-2-1280x720.jpg\" alt=\"\" class=\"wp-image-308299\" \/><figcaption class=\"wp-element-caption\">Canteiros da horta do Jardim do Lago forma a palavra Jesus Cristo<\/figcaption><\/figure>\n\n\n\n<p>E esses benef\u00edcios est\u00e3o sendo vivenciados tamb\u00e9m pelos permission\u00e1rios. Como no caso do seu A\u00edrton Ramos dos Santos, conhecido como \u201cMaradona\u201d, que \u00e9 o permission\u00e1rio da horta do Jardim do Lago. \u201cSeu Airton nos procurou na primeira edi\u00e7\u00e3o do Programa Horta Urbana Jundia\u00ed, em 2021, e tinha um sonho<strong>&nbsp;<\/strong>de&nbsp;ter uma horta pr\u00f3xima \u00e0 casa dele. E que os canteiros fossem no formato de letras que formassem as palavras \u2018Jesus Cristo&#8217;\u201d, comenta Rita. E foi desta maneira que eles foram constru\u00eddos: cada canteiro representa uma letra, e juntos formam as palavras desejadas.<\/p>\n\n\n\n<p>Na \u00e9poca, Maradona encontrava-se depressivo, hipertenso, com diabetes e obeso, pois havia perdido sua esposa na pandemia. Mesmo com a demora na chegada de todas as infraestruturas projetadas para o espa\u00e7o, ele n\u00e3o desanimou: arrega\u00e7ou as mangas e construiu o espa\u00e7o praticamente sozinho. No in\u00edcio, apenas o cercamento do espa\u00e7o e uma simples liga\u00e7\u00e3o de \u00e1gua pot\u00e1vel, unidos ao seu trabalho di\u00e1rio na terra com muito cuidado e capricho, foram suficientes para que o terreno baldio fosse transformado em um lindo espa\u00e7o de produ\u00e7\u00e3o de hortali\u00e7as vistosas e de muita qualidade. Sempre sem o uso de agrot\u00f3xicos.<\/p>\n\n\n\n<figure class=\"wp-block-image\"><img decoding=\"async\" src=\"https:\/\/jundiai.sp.gov.br\/noticias\/wp-content\/uploads\/sites\/32\/2022\/12\/horta-1-1280x720.jpg\" alt=\"\" class=\"wp-image-308300\" \/><figcaption class=\"wp-element-caption\">Seu A\u00edrton cuida da horta desde o in\u00edcio, h\u00e1 um ano e quatro meses<\/figcaption><\/figure>\n\n\n\n<p>Desde ent\u00e3o o permission\u00e1rio vem investindo pouco a pouco na sua horta, com ferramentas, terra f\u00e9rtil para incrementar o plantio, novas mudas e at\u00e9 mesmo com o material de conten\u00e7\u00e3o dos canteiros, e como consequ\u00eancia vem ganhando sua clientela e melhorando sua renda. \u201cO foco aqui n\u00e3o \u00e9 ganhar muito dinheiro, mas plantar e colher verduras de qualidade e de maneira totalmente natural. Utilizo apenas esterco e \u00e1gua, sem nenhum tipo de agrot\u00f3xico\u201d, comenta.<\/p>\n\n\n\n<p>Com o passar do tempo Maradona saiu da depress\u00e3o, emagreceu 25kg, controlou a diabetes e a press\u00e3o alta, e, hoje, est\u00e1 feliz da vida. \u201cN\u00e3o vejo a hora de clarear o dia para vir para a horta e cuidar das minhas verduras. E ainda temos ideias para melhorar o espa\u00e7o, que ser\u00e3o implantadas aos poucos\u201d, conta.&nbsp;<\/p>\n\n\n\n<p>O Programa Horta Urbana \u00e9 coordenado pelo Departamento de Urbanismo; mais informa\u00e7\u00f5es podem ser encontradas no site da Prefeitura, neste link:&nbsp;<a rel=\"noreferrer noopener\" href=\"https:\/\/jundiai.sp.gov.br\/planejamento-e-meio-ambiente\/programas\/hortas-urbanas\/\" target=\"_blank\">https:\/\/jundiai.sp.gov.br\/planejamento-e-meio-ambiente\/programas\/hortas-urbanas\/<\/a>.<\/p>\n\n\n\n<p><em><strong>(Fonte\/ Imagens: Prefeitura de Jundia\u00ed)<\/strong><\/em><\/p>\n","protected":false},"excerpt":{"rendered":"<p>O local, inaugurado em agosto de 2021, produz alimentos livres de agrot\u00f3xicos, muito mais saud\u00e1veis para a popula\u00e7\u00e3o.<\/p>\n","protected":false},"author":27,"featured_media":103099,"comment_status":"closed","ping_status":"0","sticky":false,"template":"","format":"standard","meta":{"footnotes":""},"categories":[8358,8356,1],"tags":[],"class_list":["post-103096","post","type-post","status-publish","format-standard","has-post-thumbnail","hentry","category-agricultura","category-jundiai","category-noticias"],"_links":{"self":[{"href":"https:\/\/tvtecjundiai.com.br\/news\/wp-json\/wp\/v2\/posts\/103096","targetHints":{"allow":["GET"]}}],"collection":[{"href":"https:\/\/tvtecjundiai.com.br\/news\/wp-json\/wp\/v2\/posts"}],"about":[{"href":"https:\/\/tvtecjundiai.com.br\/news\/wp-json\/wp\/v2\/types\/post"}],"author":[{"embeddable":true,"href":"https:\/\/tvtecjundiai.com.br\/news\/wp-json\/wp\/v2\/users\/27"}],"replies":[{"embeddable":true,"href":"https:\/\/tvtecjundiai.com.br\/news\/wp-json\/wp\/v2\/comments?post=103096"}],"version-history":[{"count":2,"href":"https:\/\/tvtecjundiai.com.br\/news\/wp-json\/wp\/v2\/posts\/103096\/revisions"}],"predecessor-version":[{"id":103102,"href":"https:\/\/tvtecjundiai.com.br\/news\/wp-json\/wp\/v2\/posts\/103096\/revisions\/103102"}],"wp:featuredmedia":[{"embeddable":true,"href":"https:\/\/tvtecjundiai.com.br\/news\/wp-json\/wp\/v2\/media\/103099"}],"wp:attachment":[{"href":"https:\/\/tvtecjundiai.com.br\/news\/wp-json\/wp\/v2\/media?parent=103096"}],"wp:term":[{"taxonomy":"category","embeddable":true,"href":"https:\/\/tvtecjundiai.com.br\/news\/wp-json\/wp\/v2\/categories?post=103096"},{"taxonomy":"post_tag","embeddable":true,"href":"https:\/\/tvtecjundiai.com.br\/news\/wp-json\/wp\/v2\/tags?post=103096"}],"curies":[{"name":"wp","href":"https:\/\/api.w.org\/{rel}","templated":true}]}}