{"id":103123,"date":"2022-12-27T17:05:12","date_gmt":"2022-12-27T20:05:12","guid":{"rendered":"https:\/\/tvtecjundiai.com.br\/news\/?p=103123"},"modified":"2022-12-27T17:05:16","modified_gmt":"2022-12-27T20:05:16","slug":"nesta-sexta-feira-30-sede-administrativa-e-postos-da-dae-nao-terao-expediente","status":"publish","type":"post","link":"https:\/\/tvtecjundiai.com.br\/news\/2022\/12\/27\/nesta-sexta-feira-30-sede-administrativa-e-postos-da-dae-nao-terao-expediente\/","title":{"rendered":"Nesta sexta-feira (30), sede administrativa e Postos da DAE n\u00e3o ter\u00e3o expediente"},"content":{"rendered":"\n<p>A DAE Jundia\u00ed informa que, nesta sexta-feira (30), a sede administrativa e os Postos de Atendimento da Vila Hortol\u00e2ndia, Ponte S\u00e3o Jo\u00e3o, Eloy Chaves, Centro e Poupatempo n\u00e3o ter\u00e3o expediente. No s\u00e1bado (31), o Poupatempo tamb\u00e9m estar\u00e1 fechado.<\/p>\n\n\n\n<figure class=\"wp-block-image\"><img decoding=\"async\" src=\"https:\/\/jundiai.sp.gov.br\/noticias\/wp-content\/uploads\/sites\/32\/2022\/12\/sede_dae-1280x854.jpg\" alt=\"\" class=\"wp-image-308343\" \/><figcaption class=\"wp-element-caption\">Atendimento na sede, na Vila Hortol\u00e2ndia, e nos Postos ser\u00e1 retomado na segunda-feira (2). Emerg\u00eancias podem ser informadas pelo 0800 0133 155<\/figcaption><\/figure>\n\n\n\n<p>Em caso de emerg\u00eancia, os mun\u00edcipes podem entrar em contato com a DAE pela Central de Relacionamento, no telefone 0800 0133 155, com atendimento 24 horas. Mais informa\u00e7\u00f5es tamb\u00e9m podem ser obtidas pelo site&nbsp;<a href=\"http:\/\/www.daejundiai.com.br\/\">www.daejundiai.com.br<\/a>.<\/p>\n\n\n\n<p><strong>Parques \u2013&nbsp;<\/strong>No dia 30, o Parque da Cidade abre das 6h30 \u00e0s 19 horas (com entrada at\u00e9 \u00e0s 18 horas) e o Mundo das Crian\u00e7as das 7 \u00e0s 17 horas (com entrada at\u00e9 \u00e0s 16 horas). Ambos estar\u00e3o fechados nos dias 31 de dezembro e 1\u00ba de janeiro.<\/p>\n\n\n\n<p>O Parque da Cidade volta na segunda-feira (2). O espa\u00e7o abre das 6h30 \u00e0s 19 horas, de segunda a sexta-feira; aos finais de semanas e feriados, funciona das 6h30 \u00e0s 18 horas, sempre com entrada at\u00e9 uma hora antes do fechamento.<\/p>\n\n\n\n<p>O Mundo das Crian\u00e7as retorna na ter\u00e7a (3). Funciona de ter\u00e7a a domingo, das 7 \u00e0s 17 horas, com entrada at\u00e9 \u00e0s 16 horas. Para visita\u00e7\u00e3o aos finais de semana e feriados, \u00e9 necess\u00e1rio agendamento pr\u00e9vio pelo site\u00a0<a href=\"http:\/\/www.mundodascriancasjundiai.com.br\/agendamento\/\">www.mundodascriancasjundiai.com.br\/agendamento\/<\/a>.<\/p>\n\n\n\n<p><strong><em>(Fonte\/Imagem: DAE Jundia\u00ed)<\/em><\/strong><\/p>\n","protected":false},"excerpt":{"rendered":"<p>Atendimento na sede, na Vila Hortol\u00e2ndia, e nos Postos ser\u00e1 retomado na segunda-feira (2).<\/p>\n","protected":false},"author":27,"featured_media":103124,"comment_status":"closed","ping_status":"0","sticky":false,"template":"","format":"standard","meta":{"footnotes":""},"categories":[8356],"tags":[],"class_list":["post-103123","post","type-post","status-publish","format-standard","has-post-thumbnail","hentry","category-jundiai"],"_links":{"self":[{"href":"https:\/\/tvtecjundiai.com.br\/news\/wp-json\/wp\/v2\/posts\/103123","targetHints":{"allow":["GET"]}}],"collection":[{"href":"https:\/\/tvtecjundiai.com.br\/news\/wp-json\/wp\/v2\/posts"}],"about":[{"href":"https:\/\/tvtecjundiai.com.br\/news\/wp-json\/wp\/v2\/types\/post"}],"author":[{"embeddable":true,"href":"https:\/\/tvtecjundiai.com.br\/news\/wp-json\/wp\/v2\/users\/27"}],"replies":[{"embeddable":true,"href":"https:\/\/tvtecjundiai.com.br\/news\/wp-json\/wp\/v2\/comments?post=103123"}],"version-history":[{"count":1,"href":"https:\/\/tvtecjundiai.com.br\/news\/wp-json\/wp\/v2\/posts\/103123\/revisions"}],"predecessor-version":[{"id":103125,"href":"https:\/\/tvtecjundiai.com.br\/news\/wp-json\/wp\/v2\/posts\/103123\/revisions\/103125"}],"wp:featuredmedia":[{"embeddable":true,"href":"https:\/\/tvtecjundiai.com.br\/news\/wp-json\/wp\/v2\/media\/103124"}],"wp:attachment":[{"href":"https:\/\/tvtecjundiai.com.br\/news\/wp-json\/wp\/v2\/media?parent=103123"}],"wp:term":[{"taxonomy":"category","embeddable":true,"href":"https:\/\/tvtecjundiai.com.br\/news\/wp-json\/wp\/v2\/categories?post=103123"},{"taxonomy":"post_tag","embeddable":true,"href":"https:\/\/tvtecjundiai.com.br\/news\/wp-json\/wp\/v2\/tags?post=103123"}],"curies":[{"name":"wp","href":"https:\/\/api.w.org\/{rel}","templated":true}]}}