{"id":103127,"date":"2022-12-28T09:06:07","date_gmt":"2022-12-28T12:06:07","guid":{"rendered":"https:\/\/tvtecjundiai.com.br\/news\/?p=103127"},"modified":"2022-12-28T09:06:15","modified_gmt":"2022-12-28T12:06:15","slug":"retrospectiva-2022-fumas-conquista-parcerias-e-convenios-para-habitacao","status":"publish","type":"post","link":"https:\/\/tvtecjundiai.com.br\/news\/2022\/12\/28\/retrospectiva-2022-fumas-conquista-parcerias-e-convenios-para-habitacao\/","title":{"rendered":"Retrospectiva 2022: Fumas conquista parcerias e conv\u00eanios para habita\u00e7\u00e3o"},"content":{"rendered":"\n<p>O ano de 2022 foi de grande avan\u00e7o para a Funda\u00e7\u00e3o Municipal de A\u00e7\u00e3o Social (FUMAS) da Prefeitura de Jundia\u00ed. Al\u00e9m da conquista de habita\u00e7\u00f5es a partir de parcerias e conv\u00eanios com o Governo do Estado de S\u00e3o Paulo, as a\u00e7\u00f5es envolvem atualiza\u00e7\u00e3o da legisla\u00e7\u00e3o de habita\u00e7\u00e3o, investimentos em reformas em estruturas e renova\u00e7\u00e3o de frota de ve\u00edculos, bem como in\u00edcio de avalia\u00e7\u00e3o para uso de tecnologias alternativas para sepultamentos fizeram parte das a\u00e7\u00f5es realizadas no ano.<\/p>\n\n\n\n<p>\u201cO ano de 2022 foi de intenso trabalho para a FUMAS e de grandes conquistas. Conseguimos avan\u00e7ar com projetos de habita\u00e7\u00e3o, na regi\u00e3o Oeste, Noroeste e Leste. S\u00e3o constru\u00e7\u00f5es de novas habita\u00e7\u00f5es, reformas no Novo Horizonte e requalifica\u00e7\u00e3o de assentamentos j\u00e1 existentes, como o Jardim Calif\u00f3rnia e a implanta\u00e7\u00e3o de infraestrutura para seguran\u00e7a e conforto dos moradores. S\u00e3o iniciativas que promovem a qualidade de vida e d\u00e3o mais&nbsp;dignidade para as fam\u00edlias que moram na cidade\u201d, comenta o superintendente da Fumas, Jos\u00e9 Galv\u00e3o de Braga Campos, o Tico.<\/p>\n\n\n\n<figure class=\"wp-block-image\"><img decoding=\"async\" src=\"https:\/\/jundiai.sp.gov.br\/noticias\/wp-content\/uploads\/sites\/32\/2022\/12\/visitas_melhorias_vetor_oeste-60.jpg\" alt=\"\" class=\"wp-image-308333\" \/><figcaption class=\"wp-element-caption\">Moradores do Jardim Novo Horizonte est\u00e3o tendo suas casas reformadas<\/figcaption><\/figure>\n\n\n\n<p>\u201cAinda temos que ressaltar a entrega de 230 t\u00edtulos de regulariza\u00e7\u00f5es em toda a cidade (Jardim Antonieta, Corrupira, Caxambu, Jardim do L\u00edrio e Medeiros\u201d, completou o superintendente, lembrando da import\u00e2ncia da&nbsp;revis\u00e3o do Plano Diretor Lei n\u00ba 9.321\/2019 para adequa\u00e7\u00e3o \u00e0 Pol\u00edtica Municipal de Habita\u00e7\u00e3o Lei n\u00ba 7.016\/2008, aprovada pela C\u00e2mara Municipal.&nbsp;<\/p>\n\n\n\n<p>O Vel\u00f3rio Municipal Adamastor Fernandes e os dois cemit\u00e9rios p\u00fablicos da cidade, Nossa Senhora do Montenegro e Nossa Senhora do Desterro, tamb\u00e9m receberam investimentos para a melhoria da qualidade do ambiente, conforto e seguran\u00e7a. Foram mais de R$ 700 mil investidos em estrutura, al\u00e9m da renova\u00e7\u00e3o de frota, com mais R$ 537 mil investidos.<\/p>\n\n\n\n<figure class=\"wp-block-image\"><img decoding=\"async\" src=\"https:\/\/jundiai.sp.gov.br\/noticias\/wp-content\/uploads\/sites\/32\/2022\/12\/fumas-renovacao-de-frota-do-servico-funerario-entrega-veiculos_fm_-10-1280x854.jpg\" alt=\"\" class=\"wp-image-308334\" \/><figcaption class=\"wp-element-caption\">Frota de ve\u00edculos do Vel\u00f3rio Municipal Adamastor Fernandes foi renovada em 2022<\/figcaption><\/figure>\n\n\n\n<p><strong>Tecnologia<\/strong><\/p>\n\n\n\n<p>Com foco no futuro, a Fumas tamb\u00e9m avan\u00e7a com estudos para a implanta\u00e7\u00e3o de servi\u00e7o de crema\u00e7\u00e3o e tanatopraxia, entre o rol de iniciativas dispon\u00edveis no sistema p\u00fablico. Ap\u00f3s aprova\u00e7\u00e3o de lei na C\u00e2mara, a equipe avan\u00e7a com a elabora\u00e7\u00e3o de edital para a licita\u00e7\u00e3o.\u00a0<\/p>\n\n\n\n<p><strong><em>(Fonte\/ Imagens: Prefeitura de Jundia\u00ed)<\/em><\/strong><\/p>\n","protected":false},"excerpt":{"rendered":"<p> S\u00e3o iniciativas que promovem a qualidade de vida, e d\u00e3o mais\u00a0dignidade para as fam\u00edlias que moram na cidade.<\/p>\n","protected":false},"author":27,"featured_media":103128,"comment_status":"closed","ping_status":"0","sticky":false,"template":"","format":"standard","meta":{"footnotes":""},"categories":[5985,8356,1],"tags":[],"class_list":["post-103127","post","type-post","status-publish","format-standard","has-post-thumbnail","hentry","category-habitacao","category-jundiai","category-noticias"],"_links":{"self":[{"href":"https:\/\/tvtecjundiai.com.br\/news\/wp-json\/wp\/v2\/posts\/103127","targetHints":{"allow":["GET"]}}],"collection":[{"href":"https:\/\/tvtecjundiai.com.br\/news\/wp-json\/wp\/v2\/posts"}],"about":[{"href":"https:\/\/tvtecjundiai.com.br\/news\/wp-json\/wp\/v2\/types\/post"}],"author":[{"embeddable":true,"href":"https:\/\/tvtecjundiai.com.br\/news\/wp-json\/wp\/v2\/users\/27"}],"replies":[{"embeddable":true,"href":"https:\/\/tvtecjundiai.com.br\/news\/wp-json\/wp\/v2\/comments?post=103127"}],"version-history":[{"count":1,"href":"https:\/\/tvtecjundiai.com.br\/news\/wp-json\/wp\/v2\/posts\/103127\/revisions"}],"predecessor-version":[{"id":103129,"href":"https:\/\/tvtecjundiai.com.br\/news\/wp-json\/wp\/v2\/posts\/103127\/revisions\/103129"}],"wp:featuredmedia":[{"embeddable":true,"href":"https:\/\/tvtecjundiai.com.br\/news\/wp-json\/wp\/v2\/media\/103128"}],"wp:attachment":[{"href":"https:\/\/tvtecjundiai.com.br\/news\/wp-json\/wp\/v2\/media?parent=103127"}],"wp:term":[{"taxonomy":"category","embeddable":true,"href":"https:\/\/tvtecjundiai.com.br\/news\/wp-json\/wp\/v2\/categories?post=103127"},{"taxonomy":"post_tag","embeddable":true,"href":"https:\/\/tvtecjundiai.com.br\/news\/wp-json\/wp\/v2\/tags?post=103127"}],"curies":[{"name":"wp","href":"https:\/\/api.w.org\/{rel}","templated":true}]}}