{"id":103140,"date":"2022-12-28T10:21:55","date_gmt":"2022-12-28T13:21:55","guid":{"rendered":"https:\/\/tvtecjundiai.com.br\/news\/?p=103140"},"modified":"2022-12-28T10:21:58","modified_gmt":"2022-12-28T13:21:58","slug":"retrospectiva-eu-sou-meu-bairro-historias-que-a-tvtec-contou-em-2022","status":"publish","type":"post","link":"https:\/\/tvtecjundiai.com.br\/news\/2022\/12\/28\/retrospectiva-eu-sou-meu-bairro-historias-que-a-tvtec-contou-em-2022\/","title":{"rendered":"Retrospectiva Eu sou meu Bairro: hist\u00f3rias que a TVTEC contou em 2022"},"content":{"rendered":"\n<p>O quadro &#8216;Eu sou meu Bairro&#8217;, apresentado pela rep\u00f3rter Luciana Coutinho, foi ao ar \u00e0s segundas, a cada 15 dias, no Facebook, Instagram e YouTube da TVTEC Jundia\u00ed. Nele, muitos bairros e moradores de Jundia\u00ed tiveram suas hist\u00f3rias contadas.<\/p>\n\n\n\n<p>Alguns personagens interessantes e bairros que conhecemos foram:<\/p>\n\n\n\n<ul class=\"wp-block-list\">\n<li>Dona Ernestina Oliveira, da Mercearia Oliveira, na Vila Esperan\u00e7a<\/li>\n\n\n\n<li>Dona Cezira Dalmazo e Isabel Macedo, do Jundia\u00ed Mirim<\/li>\n\n\n\n<li>Bel Polegato e dona Deuza Marretto, da Vila Rami<\/li>\n\n\n\n<li>Seu Leonello Vicente, da Ponte S\u00e3o Jo\u00e3o<\/li>\n\n\n\n<li>Eduardo Beltrame, do Parque da Represa<\/li>\n\n\n\n<li>Fabiana de Nuncio, da Vila Hortol\u00e2ndia<\/li>\n\n\n\n<li>Dona Norma Hernandes, do Eloy Chaves<\/li>\n\n\n\n<li>Dona Maria Concei\u00e7\u00e3o, da Vila Arens<\/li>\n\n\n\n<li>Dona Marlene Sette, Jos\u00e9 Ayres e Larry Cassaro, do Anhangaba\u00fa<\/li>\n<\/ul>\n\n\n\n<p>Assista a playlist!<\/p>\n\n\n\n<figure class=\"wp-block-embed is-type-video is-provider-youtube wp-block-embed-youtube wp-embed-aspect-16-9 wp-has-aspect-ratio\"><div class=\"wp-block-embed__wrapper\">\n<iframe loading=\"lazy\" title=\"#EuSouMeuBairro : Vila Esperan\u00e7a\" width=\"500\" height=\"281\" src=\"https:\/\/www.youtube.com\/embed\/5TuLlW7vFOE?list=PL55Jvjz-3jrjjuY5mScCUpvXn3-OcuJXG\" frameborder=\"0\" allow=\"accelerometer; autoplay; clipboard-write; encrypted-media; gyroscope; picture-in-picture; web-share\" referrerpolicy=\"strict-origin-when-cross-origin\" allowfullscreen><\/iframe>\n<\/div><\/figure>\n\n\n\n<p><\/p>\n\n\n\n<p><strong><em>(Fonte\/Imagem e V\u00eddeo: TVTEC Jundia\u00ed)<\/em><\/strong><\/p>\n","protected":false},"excerpt":{"rendered":"<p>Muitos bairros e moradores de Jundia\u00ed tiveram suas hist\u00f3rias contadas<\/p>\n","protected":false},"author":30,"featured_media":103142,"comment_status":"closed","ping_status":"0","sticky":false,"template":"","format":"standard","meta":{"footnotes":""},"categories":[2834,8356,1],"tags":[],"class_list":["post-103140","post","type-post","status-publish","format-standard","has-post-thumbnail","hentry","category-cidades","category-jundiai","category-noticias"],"_links":{"self":[{"href":"https:\/\/tvtecjundiai.com.br\/news\/wp-json\/wp\/v2\/posts\/103140","targetHints":{"allow":["GET"]}}],"collection":[{"href":"https:\/\/tvtecjundiai.com.br\/news\/wp-json\/wp\/v2\/posts"}],"about":[{"href":"https:\/\/tvtecjundiai.com.br\/news\/wp-json\/wp\/v2\/types\/post"}],"author":[{"embeddable":true,"href":"https:\/\/tvtecjundiai.com.br\/news\/wp-json\/wp\/v2\/users\/30"}],"replies":[{"embeddable":true,"href":"https:\/\/tvtecjundiai.com.br\/news\/wp-json\/wp\/v2\/comments?post=103140"}],"version-history":[{"count":1,"href":"https:\/\/tvtecjundiai.com.br\/news\/wp-json\/wp\/v2\/posts\/103140\/revisions"}],"predecessor-version":[{"id":103143,"href":"https:\/\/tvtecjundiai.com.br\/news\/wp-json\/wp\/v2\/posts\/103140\/revisions\/103143"}],"wp:featuredmedia":[{"embeddable":true,"href":"https:\/\/tvtecjundiai.com.br\/news\/wp-json\/wp\/v2\/media\/103142"}],"wp:attachment":[{"href":"https:\/\/tvtecjundiai.com.br\/news\/wp-json\/wp\/v2\/media?parent=103140"}],"wp:term":[{"taxonomy":"category","embeddable":true,"href":"https:\/\/tvtecjundiai.com.br\/news\/wp-json\/wp\/v2\/categories?post=103140"},{"taxonomy":"post_tag","embeddable":true,"href":"https:\/\/tvtecjundiai.com.br\/news\/wp-json\/wp\/v2\/tags?post=103140"}],"curies":[{"name":"wp","href":"https:\/\/api.w.org\/{rel}","templated":true}]}}