{"id":103146,"date":"2023-01-14T08:45:00","date_gmt":"2023-01-14T11:45:00","guid":{"rendered":"https:\/\/tvtecjundiai.com.br\/news\/?p=103146"},"modified":"2022-12-28T14:44:02","modified_gmt":"2022-12-28T17:44:02","slug":"aarao-alves-comemora-dia-do-treinador-de-futebol-no-comando-do-paulista-de-jundiai","status":"publish","type":"post","link":"https:\/\/tvtecjundiai.com.br\/news\/2023\/01\/14\/aarao-alves-comemora-dia-do-treinador-de-futebol-no-comando-do-paulista-de-jundiai\/","title":{"rendered":"Aar\u00e3o Alves comemora Dia do treinador de futebol no comando do Paulista de Jundia\u00ed"},"content":{"rendered":"\n<p>No dia 14 de janeiro \u00e9 comemorado o Dia do treinador de futebol, um dos personagens mais importantes do esporte. Anunciado como t\u00e9cnico do Paulista de Jundia\u00ed em dezembro do ano passado, Aar\u00e3o Alves celebra a data este ano no comando do Galo. \u201cO sentimento de voltar ao Paulista \u00e9 o melhor poss\u00edvel. \u00c9 um time que tem sua grandeza, n\u00e3o importa a divis\u00e3o em que est\u00e1 jogando. Mas \u00e9 com esse amor e carinho que sinto pelo clube e com uma \u00f3tima equipe que teremos um 2023 de muitos acertos e poucos erros\u201d, disse.<\/p>\n\n\n\n<p>Aar\u00e3o Alves tem 48 anos e \u00e9 natural de Santos. J\u00e1 teve passagem pelo Paulista em 2008, comandando o sub-20. Da categoria de base, o t\u00e9cnico foi comandar o time profissional do Galo. Em 2009, foi finalista da Copa Paulista e, no ano seguinte, comandou o time de Jundia\u00ed na s\u00e9rie A1 do Estadual. \u201cO Paulista foi o primeiro clube expressivo no qual trabalhei, por isso o carrego no meu cora\u00e7\u00e3o desde 2008. Espero ser muito feliz nessa nova etapa, assim como fui durante minha primeira passagem pelo clube\u201d, afirmou o t\u00e9cnico.<\/p>\n\n\n<div class=\"wp-block-image\">\n<figure class=\"aligncenter size-full is-resized\"><img loading=\"lazy\" decoding=\"async\" src=\"https:\/\/tvtecjundiai.com.br\/news\/wp-content\/uploads\/sites\/2\/2022\/12\/novo-tecnico-paulista.jpg\" alt=\"\" class=\"wp-image-103097\" width=\"605\" height=\"425\" srcset=\"https:\/\/tvtecjundiai.com.br\/news\/wp-content\/uploads\/sites\/2\/2022\/12\/novo-tecnico-paulista.jpg 641w, https:\/\/tvtecjundiai.com.br\/news\/wp-content\/uploads\/sites\/2\/2022\/12\/novo-tecnico-paulista-300x211.jpg 300w\" sizes=\"auto, (max-width: 605px) 100vw, 605px\" \/><\/figure>\n<\/div>\n\n\n<p>As expectativas para o Galo de Jundia\u00ed nesta temporada s\u00e3o altas e o foco \u00e9 o acesso \u00e0 S\u00e9rie A3. \u201cO nosso maior objetivo \u00e9 o acesso \u00e0 S\u00e9rie A3, n\u00e3o vou poupar esfor\u00e7os e n\u00e3o me falta vontade de trabalhar, tudo para que o Paulista seja colocado no seu devido lugar de destaque\u201d, disse.<\/p>\n\n\n\n<p>Neste Dia do treinador de futebol, Aar\u00e3o Alves tamb\u00e9m parabeniza outros t\u00e9cnicos que passaram pelo Paulista, especialmente durante a melhor fase do clube. \u201c\u00c9 uma profiss\u00e3o bastante dif\u00edcil e cobrada, mas ao mesmo tempo fascinante. Al\u00e9m de deixar um abra\u00e7o para todos os treinadores do Brasil, deixo minha considera\u00e7\u00e3o ao ex-treinador Giba, j\u00e1 falecido, e ao Vagner Mancini, que foram pe\u00e7as chave para o sucesso do clube. Tamb\u00e9m reconhe\u00e7o e respeito o trabalho de todos os outros t\u00e9cnicos que passaram pelo Galo, e espero fazer o melhor trabalho poss\u00edvel\u201d, comentou.<\/p>\n\n\n\n<p><em><strong>(Fonte: TVTEC Jundia\u00ed\/Imagem: Divulga\u00e7\u00e3o\/Paulista de Jundia\u00ed)<\/strong><\/em><\/p>\n","protected":false},"excerpt":{"rendered":"<p>Essa \u00e9 a segunda passagem do t\u00e9cnico pelo clube<\/p>\n","protected":false},"author":30,"featured_media":103097,"comment_status":"closed","ping_status":"0","sticky":false,"template":"","format":"standard","meta":{"footnotes":""},"categories":[2827,8356,1],"tags":[],"class_list":["post-103146","post","type-post","status-publish","format-standard","has-post-thumbnail","hentry","category-esportes-e-lazer","category-jundiai","category-noticias"],"_links":{"self":[{"href":"https:\/\/tvtecjundiai.com.br\/news\/wp-json\/wp\/v2\/posts\/103146","targetHints":{"allow":["GET"]}}],"collection":[{"href":"https:\/\/tvtecjundiai.com.br\/news\/wp-json\/wp\/v2\/posts"}],"about":[{"href":"https:\/\/tvtecjundiai.com.br\/news\/wp-json\/wp\/v2\/types\/post"}],"author":[{"embeddable":true,"href":"https:\/\/tvtecjundiai.com.br\/news\/wp-json\/wp\/v2\/users\/30"}],"replies":[{"embeddable":true,"href":"https:\/\/tvtecjundiai.com.br\/news\/wp-json\/wp\/v2\/comments?post=103146"}],"version-history":[{"count":3,"href":"https:\/\/tvtecjundiai.com.br\/news\/wp-json\/wp\/v2\/posts\/103146\/revisions"}],"predecessor-version":[{"id":103185,"href":"https:\/\/tvtecjundiai.com.br\/news\/wp-json\/wp\/v2\/posts\/103146\/revisions\/103185"}],"wp:featuredmedia":[{"embeddable":true,"href":"https:\/\/tvtecjundiai.com.br\/news\/wp-json\/wp\/v2\/media\/103097"}],"wp:attachment":[{"href":"https:\/\/tvtecjundiai.com.br\/news\/wp-json\/wp\/v2\/media?parent=103146"}],"wp:term":[{"taxonomy":"category","embeddable":true,"href":"https:\/\/tvtecjundiai.com.br\/news\/wp-json\/wp\/v2\/categories?post=103146"},{"taxonomy":"post_tag","embeddable":true,"href":"https:\/\/tvtecjundiai.com.br\/news\/wp-json\/wp\/v2\/tags?post=103146"}],"curies":[{"name":"wp","href":"https:\/\/api.w.org\/{rel}","templated":true}]}}