{"id":103193,"date":"2022-12-28T16:52:37","date_gmt":"2022-12-28T19:52:37","guid":{"rendered":"https:\/\/tvtecjundiai.com.br\/news\/?p=103193"},"modified":"2022-12-28T16:52:42","modified_gmt":"2022-12-28T19:52:42","slug":"chuvas-prefeitura-e-defesa-civil-mobilizadas-com-forca-tarefa","status":"publish","type":"post","link":"https:\/\/tvtecjundiai.com.br\/news\/2022\/12\/28\/chuvas-prefeitura-e-defesa-civil-mobilizadas-com-forca-tarefa\/","title":{"rendered":"Chuvas: Prefeitura e Defesa Civil mobilizadas com for\u00e7a-tarefa"},"content":{"rendered":"\n<p>Na manh\u00e3 desta quarta-feira (28), o Prefeito Luiz Fernando Machado se reuniu com o Coronel Gimenez, coordenador da Defesa Civil, e demais gestores e diretores para monitorar os impactos das fortes chuvas que atingiram Jundia\u00ed nesta madrugada, al\u00e9m de tra\u00e7ar estrat\u00e9gias preventivas para lidar com a situa\u00e7\u00e3o nos pr\u00f3ximos dias.<\/p>\n\n\n\n<p>Segundo a Defesa Civil, a quantidade de chuva registrada neste m\u00eas j\u00e1 \u00e9 maior que a m\u00e9dia de dezembro nos \u00faltimos 10 anos.<\/p>\n\n\n\n<p>Durante a reuni\u00e3o, o chefe do executivo ressaltou a import\u00e2ncia do trabalho com foco na prote\u00e7\u00e3o das pessoas. \u201cAs equipes da Prefeitura devem ser, primordialmente, atuar com o prop\u00f3sito de prote\u00e7\u00e3o da vida. Vamos monitorar de forma constante a situa\u00e7\u00e3o para reduzir todos os impactos poss\u00edveis\u201d, afirmou Luiz Fernando.<\/p>\n\n\n\n<figure class=\"wp-block-image\"><img decoding=\"async\" src=\"https:\/\/jundiai.sp.gov.br\/noticias\/wp-content\/uploads\/sites\/32\/2022\/12\/reuniao-de-monitoramento-da-chuva_fm_-16-1280x854.jpg\" alt=\"\" class=\"wp-image-308425\" \/><figcaption class=\"wp-element-caption\">Luiz Fernando e equipe estiveram reunidos para monitorar os impactos da chuva e tra\u00e7ar estrat\u00e9gias preventivas<\/figcaption><\/figure>\n\n\n\n<p>As a\u00e7\u00f5es preventivas tiveram in\u00edcio ainda no per\u00edodo de seca, quando foram feitas a limpeza de bocas de lobo, hidrojateamento e desassoreamento de c\u00f3rregos. Segundo a Unidade de Gest\u00e3o de Infraestrutura e Servi\u00e7os P\u00fablicos (UGISP), apenas no segundo semestre de 2022 foram realizados 58 km de desassoreamento de rios e c\u00f3rregos, entre os bairros Jundia\u00ed Mirim, Novo Horizonte, Vila Esperan\u00e7a, Caxambu, Col\u00f4nia, Vianelo, Corrupira, Rio Acima, Mato Dentro, Travi\u00fa, Santa Gertrudes e Castanho. J\u00e1 em limpeza e manuten\u00e7\u00e3o de bocas de lobo somam mais de 10,5 mil pontos limpos. Desse montante, 2,5 mil receberam o hidrojateamento, que \u00e9 a limpeza adicional com a \u00e1gua pressurizada.<\/p>\n\n\n\n<p>\u201cCom o grande volume de chuvas que j\u00e1 ca\u00edram neste m\u00eas, \u00e9 poss\u00edvel afirmar que as a\u00e7\u00f5es de preven\u00e7\u00e3o foram fundamentais para evitar grandes problemas\u201d, avaliou Gimenez<\/p>\n\n\n\n<figure class=\"wp-block-image\"><img decoding=\"async\" src=\"https:\/\/jundiai.sp.gov.br\/noticias\/wp-content\/uploads\/sites\/32\/2022\/12\/obras-limpeza-da-galeria-com-caminhao-hidrojateamento-na-rua-carlos-gomes-vila-palma_fm_-8-1280x854.jpg\" alt=\"\" class=\"wp-image-308427\" \/><figcaption class=\"wp-element-caption\">Hidrojateamento foi uma das a\u00e7\u00f5es preventivas realizadas pela Prefeitura de Jundia\u00ed<\/figcaption><\/figure>\n\n\n\n<p>Segundo a Defesa Civil de Jundia\u00ed, nas \u00faltimas 12 horas foram registrados 108 mil\u00edmetros de precipita\u00e7\u00e3o, e um acumulado de 184 mil\u00edmetros nas \u00faltimas 72 horas. Com isso, a cidade acionou o Estado de Aten\u00e7\u00e3o, que \u00e9 caracterizado por chuvas acima dos 80 mil\u00edmetros. At\u00e9 a manh\u00e3 desta quarta, 13 ocorr\u00eancias foram atendidas e outras est\u00e3o em andamento. A Avenida Ant\u00f4nio Pincinato foi um dos pontos que recebeu maior volume de \u00e1gua. Outros trechos de alagamentos e lama em vias urbanas recebem limpeza ao longo do dia.<\/p>\n\n\n\n<p>Tamb\u00e9m estiveram presentes \u00e0 reuni\u00e3o os gestores Jos\u00e9 Antonio Parimoschi (Governo e Finan\u00e7as), Dr. Gustavo Maryssael (Casa Civil) e Adilson Rosa (Infraestrutura e Servi\u00e7os P\u00fablicos); a gestora-adjunta da Unidade de Gest\u00e3o e Assist\u00eancia e Desenvolvimento Social, Franciellem Germano; o superintendente da Fumas, Jos\u00e9 Galv\u00e3o de Braga Campos, o Tico; o diretor do Departamento de Obras, Edilson Chrispim; al\u00e9m do diretor de transporte, Leslie Tealdi Litano, e o diretor de tr\u00e2nsito, Esdras Benedito Cintra J\u00fanior.<\/p>\n\n\n\n<p><strong>Ligue 199<br><\/strong>Em caso de necessidade, a popula\u00e7\u00e3o pode contatar a Defesa Civil pelo n\u00famero 4589-0666 ou o 199. Para obter mais orienta\u00e7\u00f5es sobre o que fazer antes, durante e depois do per\u00edodo de chuvas intensas e, tamb\u00e9m, os demais tipos de desastres, a Defesa Civil mant\u00e9m o aplicativo \u201cAlerta SP\u201d, dispon\u00edvel para download nos sistemas Android e IOS. Alertas de risco tamb\u00e9m s\u00e3o enviados por SMS: basta enviar uma mensagem com o CEP da localidade desejada para o n\u00famero 40199.<\/p>\n\n\n\n<p><strong><em>(Fonte\/imagem: Prefeitura de Jundia\u00ed)<\/em><\/strong><\/p>\n","protected":false},"excerpt":{"rendered":"<p>Prefeito Luiz Fernando Machado se reuniu com o coordenador da Defesa Civil, e demais gestores e diretores para monitorar os impactos das fortes chuvas.<\/p>\n","protected":false},"author":27,"featured_media":103194,"comment_status":"closed","ping_status":"0","sticky":false,"template":"","format":"standard","meta":{"footnotes":""},"categories":[8356],"tags":[],"class_list":["post-103193","post","type-post","status-publish","format-standard","has-post-thumbnail","hentry","category-jundiai"],"_links":{"self":[{"href":"https:\/\/tvtecjundiai.com.br\/news\/wp-json\/wp\/v2\/posts\/103193","targetHints":{"allow":["GET"]}}],"collection":[{"href":"https:\/\/tvtecjundiai.com.br\/news\/wp-json\/wp\/v2\/posts"}],"about":[{"href":"https:\/\/tvtecjundiai.com.br\/news\/wp-json\/wp\/v2\/types\/post"}],"author":[{"embeddable":true,"href":"https:\/\/tvtecjundiai.com.br\/news\/wp-json\/wp\/v2\/users\/27"}],"replies":[{"embeddable":true,"href":"https:\/\/tvtecjundiai.com.br\/news\/wp-json\/wp\/v2\/comments?post=103193"}],"version-history":[{"count":1,"href":"https:\/\/tvtecjundiai.com.br\/news\/wp-json\/wp\/v2\/posts\/103193\/revisions"}],"predecessor-version":[{"id":103195,"href":"https:\/\/tvtecjundiai.com.br\/news\/wp-json\/wp\/v2\/posts\/103193\/revisions\/103195"}],"wp:featuredmedia":[{"embeddable":true,"href":"https:\/\/tvtecjundiai.com.br\/news\/wp-json\/wp\/v2\/media\/103194"}],"wp:attachment":[{"href":"https:\/\/tvtecjundiai.com.br\/news\/wp-json\/wp\/v2\/media?parent=103193"}],"wp:term":[{"taxonomy":"category","embeddable":true,"href":"https:\/\/tvtecjundiai.com.br\/news\/wp-json\/wp\/v2\/categories?post=103193"},{"taxonomy":"post_tag","embeddable":true,"href":"https:\/\/tvtecjundiai.com.br\/news\/wp-json\/wp\/v2\/tags?post=103193"}],"curies":[{"name":"wp","href":"https:\/\/api.w.org\/{rel}","templated":true}]}}