{"id":10321,"date":"2018-05-15T07:41:01","date_gmt":"2018-05-15T10:41:01","guid":{"rendered":"https:\/\/tvtecjundiai.com.br\/news\/?p=10321"},"modified":"2018-05-15T07:41:01","modified_gmt":"2018-05-15T10:41:01","slug":"exportacao-e-startups-serao-temas-do-proximo-cafe-tecnlogico","status":"publish","type":"post","link":"https:\/\/tvtecjundiai.com.br\/news\/2018\/05\/15\/exportacao-e-startups-serao-temas-do-proximo-cafe-tecnlogico\/","title":{"rendered":"Exporta\u00e7\u00e3o e startups ser\u00e3o temas do pr\u00f3ximo Caf\u00e9 Tecnl\u00f3gico"},"content":{"rendered":"<p>&nbsp;<\/p>\n<div id=\"attachment_10322\" style=\"width: 358px\" class=\"wp-caption alignleft\"><a href=\"https:\/\/tvtecjundiai.com.br\/news\/wp-content\/uploads\/sites\/2\/2018\/05\/cafe-tecnologico-1405.jpg\"><img loading=\"lazy\" decoding=\"async\" aria-describedby=\"caption-attachment-10322\" class=\"wp-image-10322\" src=\"https:\/\/tvtecjundiai.com.br\/news\/wp-content\/uploads\/sites\/2\/2018\/05\/cafe-tecnologico-1405-300x205.jpg\" alt=\"\" width=\"348\" height=\"238\" srcset=\"https:\/\/tvtecjundiai.com.br\/news\/wp-content\/uploads\/sites\/2\/2018\/05\/cafe-tecnologico-1405-300x205.jpg 300w, https:\/\/tvtecjundiai.com.br\/news\/wp-content\/uploads\/sites\/2\/2018\/05\/cafe-tecnologico-1405-768x526.jpg 768w, https:\/\/tvtecjundiai.com.br\/news\/wp-content\/uploads\/sites\/2\/2018\/05\/cafe-tecnologico-1405-1200x822.jpg 1200w, https:\/\/tvtecjundiai.com.br\/news\/wp-content\/uploads\/sites\/2\/2018\/05\/cafe-tecnologico-1405.jpg 1240w\" sizes=\"auto, (max-width: 348px) 100vw, 348px\" \/><\/a><p id=\"caption-attachment-10322\" class=\"wp-caption-text\">Ser\u00e3o duas palestras ministradas pela manh\u00e3 sobre exporta\u00e7\u00e3o e startups\u00a0<\/p><\/div>\n<p>Os temas abordados do pr\u00f3ximo Caf\u00e9 Tecnol\u00f3gico realizado nesta quarta-feira (16) ser\u00e3o exporta\u00e7\u00e3o e startups. Promovido pela Unidade de Gest\u00e3o de Desenvolvimento Econ\u00f4mico, Ci\u00eancia e Tecnologia (UGDECT) em parceria com<strong>\u00a0<\/strong>a Assessoria de Coopera\u00e7\u00e3o Internacional.<\/p>\n<p>Duas palestras ser\u00e3o realizadas entre 9h30 e 10h30. A primeira ser\u00e1 ministrada pela assessora de coopera\u00e7\u00e3o internacional, L\u00edgia Eboli Contursi, e ter\u00e1 como tema \u201cRegras e dicas para obten\u00e7\u00e3o do Radar da RFB para Exporta\u00e7\u00e3o\u201d. Em seguida, o bate papo ser\u00e1 com Bruno Zarpellon, da C\u00e2mara Brasil-Alemanha, que vai falar sobre o Programa de acelera\u00e7\u00e3o de startups da entidade.<\/p>\n<p>Antes do in\u00edcio das palestras, entre 8h30 e 9h30, h\u00e1 um caf\u00e9 e networking com os empreendedores da Incubadora de Jundia\u00ed, que sedia o evento. O endere\u00e7o \u00e9 Avenida Armando Giassetti, 480, Engordadouro. Informa\u00e7\u00f5es pelo telefone (11) 4589-8416.<\/p>\n<p><em>(Fonte: Prefeitura de Jundia\u00ed)<\/em><\/p>\n","protected":false},"excerpt":{"rendered":"<p>Evento \u00e9 promovido pela Unidade de Gest\u00e3o de Desenvolvimento Econ\u00f4mico, Ci\u00eancia e Tecnologia <\/p>\n","protected":false},"author":11,"featured_media":10322,"comment_status":"closed","ping_status":"closed","sticky":false,"template":"","format":"standard","meta":{"footnotes":""},"categories":[2834,1,2835],"tags":[3172,1429,2207,556,347,107,3004,353,891],"class_list":["post-10321","post","type-post","status-publish","format-standard","has-post-thumbnail","hentry","category-cidades","category-noticias","category-tecnologia","tag-cafe-tecnologico","tag-ciencia","tag-exportacao","tag-noticias","tag-palestras","tag-prefeitura-de-jundiai","tag-startups","tag-tecnologia","tag-ugdect"],"_links":{"self":[{"href":"https:\/\/tvtecjundiai.com.br\/news\/wp-json\/wp\/v2\/posts\/10321","targetHints":{"allow":["GET"]}}],"collection":[{"href":"https:\/\/tvtecjundiai.com.br\/news\/wp-json\/wp\/v2\/posts"}],"about":[{"href":"https:\/\/tvtecjundiai.com.br\/news\/wp-json\/wp\/v2\/types\/post"}],"author":[{"embeddable":true,"href":"https:\/\/tvtecjundiai.com.br\/news\/wp-json\/wp\/v2\/users\/11"}],"replies":[{"embeddable":true,"href":"https:\/\/tvtecjundiai.com.br\/news\/wp-json\/wp\/v2\/comments?post=10321"}],"version-history":[{"count":1,"href":"https:\/\/tvtecjundiai.com.br\/news\/wp-json\/wp\/v2\/posts\/10321\/revisions"}],"predecessor-version":[{"id":10323,"href":"https:\/\/tvtecjundiai.com.br\/news\/wp-json\/wp\/v2\/posts\/10321\/revisions\/10323"}],"wp:featuredmedia":[{"embeddable":true,"href":"https:\/\/tvtecjundiai.com.br\/news\/wp-json\/wp\/v2\/media\/10322"}],"wp:attachment":[{"href":"https:\/\/tvtecjundiai.com.br\/news\/wp-json\/wp\/v2\/media?parent=10321"}],"wp:term":[{"taxonomy":"category","embeddable":true,"href":"https:\/\/tvtecjundiai.com.br\/news\/wp-json\/wp\/v2\/categories?post=10321"},{"taxonomy":"post_tag","embeddable":true,"href":"https:\/\/tvtecjundiai.com.br\/news\/wp-json\/wp\/v2\/tags?post=10321"}],"curies":[{"name":"wp","href":"https:\/\/api.w.org\/{rel}","templated":true}]}}