{"id":10328,"date":"2018-05-15T08:29:38","date_gmt":"2018-05-15T11:29:38","guid":{"rendered":"https:\/\/tvtecjundiai.com.br\/news\/?p=10328"},"modified":"2018-05-15T08:29:38","modified_gmt":"2018-05-15T11:29:38","slug":"mais-de-4-milhoes-de-pessoas-se-inscreveram-para-o-enem-2018","status":"publish","type":"post","link":"https:\/\/tvtecjundiai.com.br\/news\/2018\/05\/15\/mais-de-4-milhoes-de-pessoas-se-inscreveram-para-o-enem-2018\/","title":{"rendered":"Mais de 4 milh\u00f5es de pessoas se inscreveram para o Enem 2018"},"content":{"rendered":"<p>Os candidatos para a edi\u00e7\u00e3o 2018 do Exame Nacional do Ensino M\u00e9dio (ENEM) passam de 4 milh\u00f5es. Em balan\u00e7o divulgado pelo\u00a0Instituto Nacional de Estudos e Pesquisas Educacionais An\u00edsio Teixeira (Inep) nesta segunda-feira (14), a marca foi ultrapassada \u00e0s 17h33.<\/p>\n<div id=\"attachment_10330\" style=\"width: 405px\" class=\"wp-caption alignright\"><a href=\"https:\/\/tvtecjundiai.com.br\/news\/wp-content\/uploads\/sites\/2\/2018\/05\/Enem-1.jpg\"><img loading=\"lazy\" decoding=\"async\" aria-describedby=\"caption-attachment-10330\" class=\"wp-image-10330\" src=\"https:\/\/tvtecjundiai.com.br\/news\/wp-content\/uploads\/sites\/2\/2018\/05\/Enem-1-300x156.jpg\" alt=\"\" width=\"395\" height=\"205\" srcset=\"https:\/\/tvtecjundiai.com.br\/news\/wp-content\/uploads\/sites\/2\/2018\/05\/Enem-1-300x156.jpg 300w, https:\/\/tvtecjundiai.com.br\/news\/wp-content\/uploads\/sites\/2\/2018\/05\/Enem-1.jpg 311w\" sizes=\"auto, (max-width: 395px) 100vw, 395px\" \/><\/a><p id=\"caption-attachment-10330\" class=\"wp-caption-text\">A prova inteira\u00a0 \u00e9 composta por 90 quest\u00f5es<\/p><\/div>\n<p>As inscri\u00e7\u00f5es se encerram na pr\u00f3xima sexta-feira (18) e devem ser feitas no\u00a0<a href=\"https:\/\/enem.inep.gov.br\/participante\/#!\/loginInscricao\" target=\"_blank\" rel=\"noopener\">site oficial do Enem<\/a>.\u00a0Segundo o ministro da Educa\u00e7\u00e3o, Rossieli Soares, a previs\u00e3o \u00e9 que o total de candidatos ultrapasse os 7 milh\u00f5es.\u00a0 Os interessados em participar da prova devem se inscrever \u2013 inclusive aqueles que conseguiram a isen\u00e7\u00e3o da taxa de R$ 82.<\/p>\n<div class=\"mc-column content-text active-extra-styles \" data-block-type=\"unstyled\" data-block-weight=\"55\" data-block-id=\"6\">\n<p class=\"content-text__container \" data-track-category=\"Link no Texto\" data-track-links=\"\">No caso dos estudantes que ter\u00e3o de pagar esse valor para se inscrever, o prazo m\u00e1ximo para quitar o boleto banc\u00e1rio \u00e9 o dia 23 de maio. Mesmo que haja um feriado regional e os bancos n\u00e3o funcionem, a data-limite n\u00e3o ser\u00e1 alterada, segundo o Instituto Nacional de Estudos e Pesquisas Educacionais An\u00edsio Teixeira (Inep).<\/p>\n<p data-track-category=\"Link no Texto\" data-track-links=\"\"><strong>Datas\u00a0<\/strong><\/p>\n<div class=\"mc-column content-text active-extra-styles \" data-block-type=\"unstyled\" data-block-weight=\"13\" data-block-id=\"9\">\n<p class=\"content-text__container \" data-track-category=\"Link no Texto\" data-track-links=\"\">O Enem acontecer\u00e1 em dois domingos, nos dias 4 e 11 de novembro. No primeiro domingo (4) a prova ter\u00e1 45 quest\u00f5es de linguagens, 45 de ci\u00eancias humanas e reda\u00e7\u00e3o, com dura\u00e7\u00e3o de 5h30. J\u00e1 no dia 11 de novembro, ser\u00e3o 45\u00a0quest\u00f5es de ci\u00eancias da natureza e 45 de matem\u00e1tica com dura\u00e7\u00e3o de 5h (30 minutos a mais do que em 2017).<\/p>\n<p data-track-category=\"Link no Texto\" data-track-links=\"\"><strong>Hor\u00e1rios\u00a0<\/strong><\/p>\n<\/div>\n<div class=\"mc-column content-text active-extra-styles \" data-block-type=\"unstyled\" data-block-weight=\"10\" data-block-id=\"13\">\n<div class=\"mc-column content-text active-extra-styles\" data-block-type=\"raw\" data-block-weight=\"22\" data-block-id=\"16\">\n<ul class=\"content-unordered-list\">\n<li>Abertura dos port\u00f5es: 12h<\/li>\n<li>Fechamento dos port\u00f5es: 13h<\/li>\n<li>In\u00edcio das provas: 13h30<\/li>\n<li>Encerramento das provas: 19h (primeiro dia) e 18h30 (segundo dia)<\/li>\n<\/ul>\n<p><em>(Fonte: G1)<\/em><\/p>\n<\/div>\n<\/div>\n<\/div>\n","protected":false},"excerpt":{"rendered":"<p>Dados foram divulgados pelo INEP nesta segunda (14)<\/p>\n","protected":false},"author":11,"featured_media":10329,"comment_status":"closed","ping_status":"closed","sticky":false,"template":"","format":"standard","meta":{"footnotes":""},"categories":[2828,1],"tags":[21,2790,164,154,556,2169,2215,1786],"class_list":["post-10328","post","type-post","status-publish","format-standard","has-post-thumbnail","hentry","category-educacao","category-noticias","tag-educacao","tag-enem-2018","tag-inep","tag-inscricoes","tag-noticias","tag-universidades-particulares","tag-universidades-publicas","tag-vestibular"],"_links":{"self":[{"href":"https:\/\/tvtecjundiai.com.br\/news\/wp-json\/wp\/v2\/posts\/10328","targetHints":{"allow":["GET"]}}],"collection":[{"href":"https:\/\/tvtecjundiai.com.br\/news\/wp-json\/wp\/v2\/posts"}],"about":[{"href":"https:\/\/tvtecjundiai.com.br\/news\/wp-json\/wp\/v2\/types\/post"}],"author":[{"embeddable":true,"href":"https:\/\/tvtecjundiai.com.br\/news\/wp-json\/wp\/v2\/users\/11"}],"replies":[{"embeddable":true,"href":"https:\/\/tvtecjundiai.com.br\/news\/wp-json\/wp\/v2\/comments?post=10328"}],"version-history":[{"count":1,"href":"https:\/\/tvtecjundiai.com.br\/news\/wp-json\/wp\/v2\/posts\/10328\/revisions"}],"predecessor-version":[{"id":10331,"href":"https:\/\/tvtecjundiai.com.br\/news\/wp-json\/wp\/v2\/posts\/10328\/revisions\/10331"}],"wp:featuredmedia":[{"embeddable":true,"href":"https:\/\/tvtecjundiai.com.br\/news\/wp-json\/wp\/v2\/media\/10329"}],"wp:attachment":[{"href":"https:\/\/tvtecjundiai.com.br\/news\/wp-json\/wp\/v2\/media?parent=10328"}],"wp:term":[{"taxonomy":"category","embeddable":true,"href":"https:\/\/tvtecjundiai.com.br\/news\/wp-json\/wp\/v2\/categories?post=10328"},{"taxonomy":"post_tag","embeddable":true,"href":"https:\/\/tvtecjundiai.com.br\/news\/wp-json\/wp\/v2\/tags?post=10328"}],"curies":[{"name":"wp","href":"https:\/\/api.w.org\/{rel}","templated":true}]}}