{"id":103280,"date":"2022-12-30T11:40:41","date_gmt":"2022-12-30T14:40:41","guid":{"rendered":"https:\/\/tvtecjundiai.com.br\/news\/?p=103280"},"modified":"2022-12-30T11:40:46","modified_gmt":"2022-12-30T14:40:46","slug":"instagram-do-escola-inovadora-mostra-fotos-das-ferias-escolares","status":"publish","type":"post","link":"https:\/\/tvtecjundiai.com.br\/news\/2022\/12\/30\/instagram-do-escola-inovadora-mostra-fotos-das-ferias-escolares\/","title":{"rendered":"Instagram do Escola Inovadora mostra fotos das f\u00e9rias escolares"},"content":{"rendered":"\n<p>F\u00e9rias \u00e9 tempo de brincadeiras e o Instagram do Escola Inovadora (@escolainovadora) vai mostrar como as crian\u00e7as da rede municipal de ensino aproveitam o per\u00edodo de lazer. O canal no Instagram, administrado pela Unidade de Gest\u00e3o da Educa\u00e7\u00e3o e a Unidade de Inova\u00e7\u00e3o e Rela\u00e7\u00e3o com Cidad\u00e3o da Prefeitura, tem a proposta de compartilhar a\u00e7\u00f5es inovadoras das escolas.<\/p>\n\n\n\n<p>\u201cSabemos da import\u00e2ncia do brincar para o desenvolvimento das crian\u00e7as. Quando elas brincam, tamb\u00e9m aprendem. Como estamos nas f\u00e9rias, divulgar as fotos \u00e9 uma forma de mostrar como o aprendizado continua a acontece fora das escolas, especialmente nos espa\u00e7os p\u00fablicos\u201d, explica a gestora da Educa\u00e7\u00e3o, Vast\u00ed Ferrari Marques.<\/p>\n\n\n\n<p>Para participar e ter a foto compartilhada, \u00e9 necess\u00e1rio seguir o perfil do Escola Inovadora no Instagram e compartilhar a foto da crian\u00e7a, com o nome dela, via mensagem.<\/p>\n\n\n\n<figure class=\"wp-block-image\"><img decoding=\"async\" src=\"https:\/\/jundiai.sp.gov.br\/noticias\/wp-content\/uploads\/sites\/32\/2022\/12\/conteudo-ferias-2_11nov_ok-960x960.png\" alt=\"A imagem contem um fundo de paisagem de campo, com um icone de iphone com foto de crian\u00e7as. Tamb\u00e9m consta o escrito &quot;LEMBRETE: Mande sua foto para a @escolainovadora&quot; \" class=\"wp-image-308523\" \/><figcaption class=\"wp-element-caption\">Educa\u00e7\u00e3o e Comunica\u00e7\u00e3o da Prefeitura mostram como as crian\u00e7as aproveitam as f\u00e9rias<\/figcaption><\/figure>\n\n\n\n<p><strong><em>(Fonte \/ Fotos: Prefeitura de Jundia\u00ed)<\/em><\/strong><\/p>\n","protected":false},"excerpt":{"rendered":"<p>Saiba como participar e ter a sua foto compartilhada. <\/p>\n","protected":false},"author":19,"featured_media":103281,"comment_status":"closed","ping_status":"0","sticky":false,"template":"","format":"standard","meta":{"footnotes":""},"categories":[1],"tags":[],"class_list":["post-103280","post","type-post","status-publish","format-standard","has-post-thumbnail","hentry","category-noticias"],"_links":{"self":[{"href":"https:\/\/tvtecjundiai.com.br\/news\/wp-json\/wp\/v2\/posts\/103280","targetHints":{"allow":["GET"]}}],"collection":[{"href":"https:\/\/tvtecjundiai.com.br\/news\/wp-json\/wp\/v2\/posts"}],"about":[{"href":"https:\/\/tvtecjundiai.com.br\/news\/wp-json\/wp\/v2\/types\/post"}],"author":[{"embeddable":true,"href":"https:\/\/tvtecjundiai.com.br\/news\/wp-json\/wp\/v2\/users\/19"}],"replies":[{"embeddable":true,"href":"https:\/\/tvtecjundiai.com.br\/news\/wp-json\/wp\/v2\/comments?post=103280"}],"version-history":[{"count":1,"href":"https:\/\/tvtecjundiai.com.br\/news\/wp-json\/wp\/v2\/posts\/103280\/revisions"}],"predecessor-version":[{"id":103282,"href":"https:\/\/tvtecjundiai.com.br\/news\/wp-json\/wp\/v2\/posts\/103280\/revisions\/103282"}],"wp:featuredmedia":[{"embeddable":true,"href":"https:\/\/tvtecjundiai.com.br\/news\/wp-json\/wp\/v2\/media\/103281"}],"wp:attachment":[{"href":"https:\/\/tvtecjundiai.com.br\/news\/wp-json\/wp\/v2\/media?parent=103280"}],"wp:term":[{"taxonomy":"category","embeddable":true,"href":"https:\/\/tvtecjundiai.com.br\/news\/wp-json\/wp\/v2\/categories?post=103280"},{"taxonomy":"post_tag","embeddable":true,"href":"https:\/\/tvtecjundiai.com.br\/news\/wp-json\/wp\/v2\/tags?post=103280"}],"curies":[{"name":"wp","href":"https:\/\/api.w.org\/{rel}","templated":true}]}}