{"id":103286,"date":"2022-12-31T07:41:07","date_gmt":"2022-12-31T10:41:07","guid":{"rendered":"https:\/\/tvtecjundiai.com.br\/news\/?p=103286"},"modified":"2022-12-31T07:43:06","modified_gmt":"2022-12-31T10:43:06","slug":"papa-bento-xvi-morre-aos-95-anos","status":"publish","type":"post","link":"https:\/\/tvtecjundiai.com.br\/news\/2022\/12\/31\/papa-bento-xvi-morre-aos-95-anos\/","title":{"rendered":"Papa Bento XVI morre aos 95 anos"},"content":{"rendered":"\n<p>O Papa Em\u00e9rito Bento XVI morreu neste s\u00e1bado (31), aos 95 anos, ap\u00f3s passar por uma piora repentina de sa\u00fade nos \u00faltimos dias.<\/p>\n\n\n\n<p>&#8220;\u00c9 com pesar que informo que o Papa Em\u00e9rito Bento XVI faleceu hoje \u00e0s 9h34 no Mosteiro Mater Ecclesiae no Vaticano. Mais informa\u00e7\u00f5es ser\u00e3o fornecidas o mais breve poss\u00edvel&#8221;, escreveu o perfil de not\u00edcias do Vaticano no Twitter.<\/p>\n\n\n\n<p>A sa\u00fade de Joseph Ratzinger vinha se debilitando nos \u00faltimos anos. O Vaticano havia dito nesta sexta-feira (30) em um comunicado sua condi\u00e7\u00e3o era grave, mas est\u00e1vel, com aten\u00e7\u00e3o m\u00e9dica constante. Desde a ren\u00fancia, em 10 de fevereiro de 2013, o te\u00f3logo alem\u00e3o vivia em um pequeno mosteiro no Vaticano.<\/p>\n\n\n\n<p>Embora o gesto mais marcante de seu pontificado tenha sido a pr\u00f3pria ren\u00fancia, os quase oito anos no comando da Igreja Cat\u00f3lica tamb\u00e9m foram marcados por textos teol\u00f3gicos de f\u00f4lego, uma linha conservadora nas quest\u00f5es morais, e esc\u00e2ndalos de disputas pol\u00edticas e vazamentos de documentos do Vaticano \u2013 os chamados Vatileaks.<\/p>\n\n\n\n<p>\u201cHouve tempos dif\u00edceis, mas sempre Deus me guiou e me ajudou a sair, de modo que eu pudesse continuar o meu caminho\u201d, disse Ratzinger no seu anivers\u00e1rio de 90 anos, j\u00e1 aposentado.<\/p>\n\n\n\n<figure class=\"wp-block-image size-full is-resized\"><img loading=\"lazy\" decoding=\"async\" src=\"https:\/\/tvtecjundiai.com.br\/news\/wp-content\/uploads\/sites\/2\/2022\/12\/Bento-XVI-1.jpeg\" alt=\"\" class=\"wp-image-103290\" width=\"837\" height=\"472\" srcset=\"https:\/\/tvtecjundiai.com.br\/news\/wp-content\/uploads\/sites\/2\/2022\/12\/Bento-XVI-1.jpeg 667w, https:\/\/tvtecjundiai.com.br\/news\/wp-content\/uploads\/sites\/2\/2022\/12\/Bento-XVI-1-300x169.jpeg 300w\" sizes=\"auto, (max-width: 837px) 100vw, 837px\" \/><figcaption class=\"wp-element-caption\">O Papa Em\u00e9rito Bento XVI morreu neste s\u00e1bado (31), aos 95 anos, ap\u00f3s passar por uma piora repentina de sa\u00fade nos \u00faltimos dias.<\/figcaption><\/figure>\n\n\n\n<p>Ren\u00fancia ao papado<\/p>\n\n\n\n<p>Papa Bento XVI surpreendeu o mundo quando anunciou sua ren\u00fancia, em latim, durante uma reuni\u00e3o rotineira com os cardeais presentes em Roma. Muitos papas da era moderna chegaram a cogitar a ren\u00fancia por motivos de sa\u00fade, entre eles Paulo VI e Jo\u00e3o Paulo II, mas nenhum deles havia concretizado essa decis\u00e3o.<\/p>\n\n\n\n<p>Na ocasi\u00e3o, aos 85 anos, Bento XVI disse que o motivo para deixar o cargo era a falta de for\u00e7as na mente e no corpo.<\/p>\n\n\n\n<p>\u201cNo mundo de hoje, sujeito a r\u00e1pidas mudan\u00e7as e agitado por quest\u00f5es de grande relev\u00e2ncia para a vida da f\u00e9, para governar a barca de S\u00e3o Pedro e anunciar o Evangelho, \u00e9 necess\u00e1rio tamb\u00e9m o vigor, seja do corpo, seja do \u00e2nimo, vigor que, nos \u00faltimos meses, em mim diminuiu, de modo tal a ter que reconhecer minha incapacidade de administrar bem o minist\u00e9rio a mim confiado.\u201d \u2013 Papa Bento XVI<\/p>\n\n\n\n<p>A diferen\u00e7a de Bento XVI em rela\u00e7\u00e3o a outros papas que renunciaram no passado \u00e9 que ele deixou o cargo de forma consciente e volunt\u00e1ria, alegando n\u00e3o ter mais for\u00e7as para governar. Renunciou quase 600 anos depois de Greg\u00f3rio XII, que renunciou em 1415, em meio a uma divis\u00e3o pol\u00edtica na Igreja. A ideia de Greg\u00f3rio XII era permitir a elei\u00e7\u00e3o de um novo pont\u00edfice que a unificasse. Ainda mais not\u00e1vel, por\u00e9m, foi o caso do Papa Celestino V, considerado santo pela Igreja. Em 1294, ele renunciou ap\u00f3s apenas cinco meses no trono de Pedro, virou eremita e, no fim da vida, foi mantido prisioneiro de seu sucessor, o Papa Bonif\u00e1cio VIII.<\/p>\n\n\n\n<p>Diferentemente deles, e por escolha pr\u00f3pria, Bento XVI tornou-se o primeiro Papa Em\u00e9rito da hist\u00f3ria. Continuou se vestindo de branco e n\u00e3o renunciou \u00e0 confort\u00e1vel vida no Vaticano, protegida de holofotes e multid\u00f5es. Mas adotou um estilo simples e, com exce\u00e7\u00e3o de algumas apari\u00e7\u00f5es p\u00fablicas e coment\u00e1rios teol\u00f3gicos publicados por escrito, manteve-se isolado. Ao renunciar, ele prometeu obedi\u00eancia ao seu sucessor, que viria a ser o Papa Francisco, eleito em 13 de mar\u00e7o de 2013.<\/p>\n\n\n\n<p>\u201cCom um ato de extraordin\u00e1ria aud\u00e1cia, ele renovou o of\u00edcio papal, e com um \u00faltimo esfor\u00e7o o potencializou\u201d, disse Dom Georg G\u00e4nswein, secret\u00e1rio particular de Bento XVI e Prefeito da Casa Pontif\u00edcia, em maio de 2016, num evento em Roma. \u201cN\u00e3o \u00e9 surpreendente que, para alguns, ele seja visto como revolucion\u00e1rio. Outros veem nisso um papado secularizado, mais humano e menos sacro. Outros, ainda, s\u00e3o da opini\u00e3o de que Bento XVI tenha quase desmistificado o papado.\u201d<\/p>\n\n\n\n<p><em>Fonte: G1<\/em>; Foto: divulga\u00e7\u00e3o\/CNBB<\/p>\n","protected":false},"excerpt":{"rendered":"<p>O Papa Em\u00e9rito morreu neste s\u00e1bado (31), aos 95 anos, ap\u00f3s passar por uma piora repentina de sa\u00fade nos \u00faltimos dias.<\/p>\n","protected":false},"author":24,"featured_media":103287,"comment_status":"closed","ping_status":"0","sticky":false,"template":"","format":"standard","meta":{"footnotes":""},"categories":[1],"tags":[],"class_list":["post-103286","post","type-post","status-publish","format-standard","has-post-thumbnail","hentry","category-noticias"],"_links":{"self":[{"href":"https:\/\/tvtecjundiai.com.br\/news\/wp-json\/wp\/v2\/posts\/103286","targetHints":{"allow":["GET"]}}],"collection":[{"href":"https:\/\/tvtecjundiai.com.br\/news\/wp-json\/wp\/v2\/posts"}],"about":[{"href":"https:\/\/tvtecjundiai.com.br\/news\/wp-json\/wp\/v2\/types\/post"}],"author":[{"embeddable":true,"href":"https:\/\/tvtecjundiai.com.br\/news\/wp-json\/wp\/v2\/users\/24"}],"replies":[{"embeddable":true,"href":"https:\/\/tvtecjundiai.com.br\/news\/wp-json\/wp\/v2\/comments?post=103286"}],"version-history":[{"count":3,"href":"https:\/\/tvtecjundiai.com.br\/news\/wp-json\/wp\/v2\/posts\/103286\/revisions"}],"predecessor-version":[{"id":103292,"href":"https:\/\/tvtecjundiai.com.br\/news\/wp-json\/wp\/v2\/posts\/103286\/revisions\/103292"}],"wp:featuredmedia":[{"embeddable":true,"href":"https:\/\/tvtecjundiai.com.br\/news\/wp-json\/wp\/v2\/media\/103287"}],"wp:attachment":[{"href":"https:\/\/tvtecjundiai.com.br\/news\/wp-json\/wp\/v2\/media?parent=103286"}],"wp:term":[{"taxonomy":"category","embeddable":true,"href":"https:\/\/tvtecjundiai.com.br\/news\/wp-json\/wp\/v2\/categories?post=103286"},{"taxonomy":"post_tag","embeddable":true,"href":"https:\/\/tvtecjundiai.com.br\/news\/wp-json\/wp\/v2\/tags?post=103286"}],"curies":[{"name":"wp","href":"https:\/\/api.w.org\/{rel}","templated":true}]}}