{"id":103293,"date":"2022-12-31T10:16:45","date_gmt":"2022-12-31T13:16:45","guid":{"rendered":"https:\/\/tvtecjundiai.com.br\/news\/?p=103293"},"modified":"2022-12-31T10:16:51","modified_gmt":"2022-12-31T13:16:51","slug":"preco-da-gasolina-fecha-ano-com-queda-de-25-mostra-anp","status":"publish","type":"post","link":"https:\/\/tvtecjundiai.com.br\/news\/2022\/12\/31\/preco-da-gasolina-fecha-ano-com-queda-de-25-mostra-anp\/","title":{"rendered":"Pre\u00e7o da gasolina fecha ano com queda de 25%, mostra ANP"},"content":{"rendered":"\n<p>O pre\u00e7o m\u00e9dio do litro da gasolina vendido nos postos do pa\u00eds subiu esta semana, ap\u00f3s cinco quedas seguidas, segundo dados divulgados nesta sexta-feira (30) pela Ag\u00eancia Nacional do Petr\u00f3leo, G\u00e1s Natural e Biocombust\u00edveis (ANP).<\/p>\n\n\n\n<p>O pre\u00e7o m\u00e9dio do litro subiu de R$ 4,93 para R$ 4,96 na semana de 25 a 31 de dezembro \u2013 alta de 0,61%. De acordo com a ANP, o valor m\u00e1ximo do combust\u00edvel encontrado nos postos foi de R$ 7,39.<\/p>\n\n\n\n<p>No ano, no entanto, o combust\u00edvel teve um recuo acentuado, de 25,1% \u2013 o pre\u00e7o m\u00e9dio do litro da gasolina encontrado pela ANP no final de 2021 foi de R$ 6,626.<\/p>\n\n\n\n<p>Etanol<\/p>\n\n\n\n<p>O litro do etanol hidratado subiu de R$ 3,81 para R$ 3,87 na \u00faltima semana \u2013 uma alta de 1,57%. O valor mais alto encontrado pela ag\u00eancia nesta semana foi de R$ 6,54.<\/p>\n\n\n\n<p>No ano, o pre\u00e7o m\u00e9dio do litro do combust\u00edvel teve queda de 27,5%. No fechamento de 2021, era de R$ 5,337.<\/p>\n\n\n\n<p>Diesel<\/p>\n\n\n\n<p>J\u00e1 o pre\u00e7o m\u00e9dio do diesel passou de R$ 6,28 para R$ 6,25 o litro, um recuo de 0,48%. O valor mais alto encontrado nesta semana foi de R$ 7,67.<\/p>\n\n\n\n<p>O combust\u00edvel foi o \u00fanico a ver seu pre\u00e7o aumentar em 2022 frente ao ano anterior: a alta foi de 23,1%.<\/p>\n\n\n\n<p>Como fica em 2023?<\/p>\n\n\n\n<p>Depois de atingirem um pico em meados do ano, os pre\u00e7os dos combust\u00edveis foram beneficiados por cortes nos tributos promovidos pelo presidente Jair Bolsonaro, que buscava a reelei\u00e7\u00e3o. Tributos federais foram cortados, e uma lei reduziu o Imposto sobre Circula\u00e7\u00e3o de Mercadorias e Servi\u00e7os (ICMS) cobrados pelos estados sobre os combust\u00edveis.<\/p>\n\n\n\n<p>A partir de 2023, esse cen\u00e1rio pode ser alterado: isso porque a isen\u00e7\u00e3o dos tributos federais foi programada para &#8216;vencer&#8217; em 31 de dezembro de 2022, ao final do governo Bolsonaro.<\/p>\n\n\n\n<p>A equipe do presidente-eleito Lula, no entanto, estaria preparando uma medida provis\u00f3ria para manter essa isen\u00e7\u00e3o por mais 60 dias \u2013 at\u00e9 que a presid\u00eancia da Petrobras possa ser trocada e a pol\u00edtica de pre\u00e7os da estatal possa contribuir para contrabalancear o aumento que ser\u00e1 provocado nas bombas pelo restabelecimento dos tributos.<\/p>\n\n\n\n<p><em>Fonte: G1<\/em><\/p>\n","protected":false},"excerpt":{"rendered":"<p>A partir de 2023, esse cen\u00e1rio pode ser alterado.<\/p>\n","protected":false},"author":24,"featured_media":10803,"comment_status":"closed","ping_status":"0","sticky":false,"template":"","format":"standard","meta":{"footnotes":""},"categories":[2834,2829,3060,2826,2824],"tags":[],"class_list":["post-103293","post","type-post","status-publish","format-standard","has-post-thumbnail","hentry","category-cidades","category-economia","category-geral","category-politica","category-variedades"],"_links":{"self":[{"href":"https:\/\/tvtecjundiai.com.br\/news\/wp-json\/wp\/v2\/posts\/103293","targetHints":{"allow":["GET"]}}],"collection":[{"href":"https:\/\/tvtecjundiai.com.br\/news\/wp-json\/wp\/v2\/posts"}],"about":[{"href":"https:\/\/tvtecjundiai.com.br\/news\/wp-json\/wp\/v2\/types\/post"}],"author":[{"embeddable":true,"href":"https:\/\/tvtecjundiai.com.br\/news\/wp-json\/wp\/v2\/users\/24"}],"replies":[{"embeddable":true,"href":"https:\/\/tvtecjundiai.com.br\/news\/wp-json\/wp\/v2\/comments?post=103293"}],"version-history":[{"count":1,"href":"https:\/\/tvtecjundiai.com.br\/news\/wp-json\/wp\/v2\/posts\/103293\/revisions"}],"predecessor-version":[{"id":103294,"href":"https:\/\/tvtecjundiai.com.br\/news\/wp-json\/wp\/v2\/posts\/103293\/revisions\/103294"}],"wp:featuredmedia":[{"embeddable":true,"href":"https:\/\/tvtecjundiai.com.br\/news\/wp-json\/wp\/v2\/media\/10803"}],"wp:attachment":[{"href":"https:\/\/tvtecjundiai.com.br\/news\/wp-json\/wp\/v2\/media?parent=103293"}],"wp:term":[{"taxonomy":"category","embeddable":true,"href":"https:\/\/tvtecjundiai.com.br\/news\/wp-json\/wp\/v2\/categories?post=103293"},{"taxonomy":"post_tag","embeddable":true,"href":"https:\/\/tvtecjundiai.com.br\/news\/wp-json\/wp\/v2\/tags?post=103293"}],"curies":[{"name":"wp","href":"https:\/\/api.w.org\/{rel}","templated":true}]}}