{"id":103295,"date":"2022-12-31T10:27:23","date_gmt":"2022-12-31T13:27:23","guid":{"rendered":"https:\/\/tvtecjundiai.com.br\/news\/?p=103295"},"modified":"2022-12-31T10:27:27","modified_gmt":"2022-12-31T13:27:27","slug":"retrospectiva-2022-area-social-otimiza-servicos-para-pessoas-vulneraveis","status":"publish","type":"post","link":"https:\/\/tvtecjundiai.com.br\/news\/2022\/12\/31\/retrospectiva-2022-area-social-otimiza-servicos-para-pessoas-vulneraveis\/","title":{"rendered":"Retrospectiva 2022: \u00e1rea social otimiza servi\u00e7os para pessoas vulner\u00e1veis"},"content":{"rendered":"\n<h2 class=\"wp-block-heading\"><\/h2>\n\n\n\n<p>A Unidade de Gest\u00e3o de Assist\u00eancia e Desenvolvimento Social (UGADS) focou, em 2022, no aprimoramento dos servi\u00e7os e dos equipamentos p\u00fablicos de atendimento \u00e0 popula\u00e7\u00e3o em vulnerabilidade social. \u201cAo longo deste ano, a rede socioassistencial seguiu em sua frente de atua\u00e7\u00e3o de aprimorar o servi\u00e7o prestado, por meio de melhorias dos equipamentos, forma\u00e7\u00e3o cont\u00ednua das equipes, cria\u00e7\u00e3o de acessos dos usu\u00e1rios e fomento do desenvolvimento infantil por meio do programa Cidade das Crian\u00e7as\u201d, comentou a gestora Maria Brant.<\/p>\n\n\n\n<p>Alguns equipamentos vinculados \u00e0 Unidade foram transferidos para novos endere\u00e7os, como o Cadastro \u00danico, que passou a atender na avenida Marechal Deodoro da Fonseca, 504 \u2013 Centro, e o Centro de Refer\u00eancia de Assist\u00eancia Social (Cras) Norte (antigo Cras Vista Alegre) que mudou provisoriamente para o pr\u00e9dio do Centro de Conviv\u00eancia do Idoso (CCI) Hortol\u00e2ndia.<\/p>\n\n\n\n<p>Foram iniciadas tamb\u00e9m as obras de revitaliza\u00e7\u00e3o completa e amplia\u00e7\u00e3o em mais de 30% de \u00e1rea do Cras Sul (antigo Santa Gertrudes), que, al\u00e9m de ganhar novos espa\u00e7os, ter\u00e1 adequa\u00e7\u00e3o para acessibilidade de pessoas com defici\u00eancia.<\/p>\n\n\n\n<figure class=\"wp-block-image\"><img decoding=\"async\" src=\"https:\/\/jundiai.sp.gov.br\/noticias\/wp-content\/uploads\/sites\/32\/2022\/12\/obras-reforma-do-cras-santa-gertrudes_fm_-16-1280x854.jpg\" alt=\"\" class=\"wp-image-308458\" \/><figcaption class=\"wp-element-caption\">Com revitaliza\u00e7\u00e3o completa e amplia\u00e7\u00e3o, Cras Sul ir\u00e1 aumentar em mais de 30% sua \u00e1rea<\/figcaption><\/figure>\n\n\n\n<p>J\u00e1 com foco na cria\u00e7\u00e3o de repert\u00f3rio e acesso, os usu\u00e1rios tiveram acesso a uma s\u00e9rie de atividades, como, por exemplo, os do programa Crian\u00e7a Feliz aos equipamentos culturais, como a F\u00e1brica das Inf\u00e2ncias Japy, e ao Mundo das Crian\u00e7as para participar das propostas do BrincAR LIVRE e dos idosos do Servi\u00e7o de Conviv\u00eancia e Fortalecimento de V\u00ednculos (SCFV) ao Pa\u00e7o Municipal e a complexos esportivos.<\/p>\n\n\n\n<p>Para o combate ao trabalho infantil, foi realizado encontro com representantes dos representantes da Regi\u00e3o Metropolitana de Jundia\u00ed (RMJ) para tratar do tema regionalmente. Tamb\u00e9m ocorreu o F\u00f3rum de Aprendizagem Profissional para a sensibiliza\u00e7\u00e3o de empresas parceiras com foco na inclus\u00e3o por meio da aprendizagem formal de jovens e adolescentes em situa\u00e7\u00e3o de vulnerabilidade, evitando o trabalho informal e oportunizando a forma\u00e7\u00e3o e a contrata\u00e7\u00e3o.<\/p>\n\n\n\n<p><strong>Noites Frias<\/strong><br>J\u00e1 o balan\u00e7o da Opera\u00e7\u00e3o Noites Frias \u2013 a\u00e7\u00e3o de intensifica\u00e7\u00e3o de buscas ativas e oferta de acolhimento para a popula\u00e7\u00e3o em situa\u00e7\u00e3o de rua durante as noites mais frias do ano \u2013 trouxe como n\u00fameros mais de 1,6 mil pessoas diferentes acolhidas este ano, totalizando-se 4,6 mil acolhimentos (pernoites), durante as 97 noites de Opera\u00e7\u00e3o, de modo descont\u00ednuo, entre 15 de abril e 7 de novembro. Estat\u00edsticas apresentadas auxiliam a Unidade na formata\u00e7\u00e3o da opera\u00e7\u00e3o dos pr\u00f3ximos anos e no recenseamento da popula\u00e7\u00e3o.<\/p>\n\n\n\n<figure class=\"wp-block-image\"><img decoding=\"async\" src=\"https:\/\/jundiai.sp.gov.br\/noticias\/wp-content\/uploads\/sites\/32\/2022\/12\/operacoes-noites-frias-115-1280x854.jpg\" alt=\"\" class=\"wp-image-308463\" \/><figcaption class=\"wp-element-caption\">Durante a Opera\u00e7\u00e3o deste ano, foram realizados 4,6 mil acolhimentos (pernoites) nos abrigos municipais, como a Casa de Passagem<\/figcaption><\/figure>\n\n\n\n<p><strong>Outras a\u00e7\u00f5es<\/strong><br>O atendimento \u00e0 popula\u00e7\u00e3o em situa\u00e7\u00e3o de rua contou teve novidade: extens\u00e3o para o funcionamento 24 horas por dia do Servi\u00e7o Especializado de Abordagem Social (SEAS) para atendimento telef\u00f4nico e abordagens. As buscas ativas nas ruas tiveram mais integra\u00e7\u00e3o da rede socioassistencial com as equipes de Sa\u00fade e Seguran\u00e7a, com cronogramas por todas as regi\u00f5es do Munic\u00edpio.<\/p>\n\n\n\n<p>O setor social da Prefeitura tamb\u00e9m realizou mobiliza\u00e7\u00e3o das organiza\u00e7\u00f5es n\u00e3o governamentais (ONG) que distribuem refei\u00e7\u00f5es para pessoas vulner\u00e1veis a fim de reorganizar e dar suporte na distribui\u00e7\u00e3o das marmitas, de modo descentralizado e com a inclus\u00e3o das fam\u00edlias do Crian\u00e7a Feliz.<\/p>\n\n\n\n<figure class=\"wp-block-image\"><img decoding=\"async\" src=\"https:\/\/jundiai.sp.gov.br\/noticias\/wp-content\/uploads\/sites\/32\/2022\/12\/entrega-de-marmita-no-centro-comunitario-da-vila-maringa_fm_-28-1280x853.jpg\" alt=\"\" class=\"wp-image-308459\" \/><figcaption class=\"wp-element-caption\">Atua\u00e7\u00e3o junto \u00e0s ONG visa descentralizar a oferta de marmitas e incluir as fam\u00edlias do Crian\u00e7a Feliz<\/figcaption><\/figure>\n\n\n\n<p>No primeiro trimestre do ano, concluiu-se o Benef\u00edcio Social Emergencial (BSE) da Prefeitura, para as fam\u00edlias vulner\u00e1veis mais impactadas pela pandemia. Unindo transfer\u00eancia de renda com contrapartida formativa e colaborativa em equipamentos p\u00fablicos municipais, o BSE contabilizou R$ 864 mil em investimentos e impacto em cerca de 900 fam\u00edlias. Ap\u00f3s o t\u00e9rmino da vig\u00eancia do Benef\u00edcio, foi feita interlocu\u00e7\u00e3o de contemplados com o programa Jundia\u00ed Empreendedora.<\/p>\n\n\n\n<p>Foi poss\u00edvel avan\u00e7ar nas parcerias com a iniciativa privada e a sociedade civil para a otimiza\u00e7\u00e3o dos servi\u00e7os prestados \u00e0 popula\u00e7\u00e3o e tomada de solu\u00e7\u00f5es inovadoras para os desafios identificados e de impacto social. Tamb\u00e9m foram feitas mais atividades de forma\u00e7\u00e3o cont\u00ednua, tanto para as chefias e ger\u00eancias, quanto para a equipe em geral e para os agentes da Guarda Municipal de Jundia\u00ed (GMJ).<\/p>\n\n\n\n<p>O ano tamb\u00e9m foi marcado pela retomada das atividades presenciais para os idosos, com a reabertura das oficinas do Centro de Conviv\u00eancia do Idoso (CCI) Argos, antigo Criju.<\/p>\n\n\n\n<figure class=\"wp-block-image\"><img decoding=\"async\" src=\"https:\/\/jundiai.sp.gov.br\/noticias\/wp-content\/uploads\/sites\/32\/2022\/12\/fabrica_japy_brincar_livre_agosto_dourado-539.jpg\" alt=\"\" class=\"wp-image-308461\" \/><figcaption class=\"wp-element-caption\">Fam\u00edlias do Crian\u00e7a Feliz participaram das atividades do BrincAR LIVRE em equipamentos culturais, como a F\u00e1brica das Inf\u00e2ncias Japy<\/figcaption><\/figure>\n\n\n\n<p><em>Fonte: Prefeitura de Jundia\u00ed<\/em><\/p>\n","protected":false},"excerpt":{"rendered":"<p>Ao longo deste ano, a rede socioassistencial aprimorou o servi\u00e7o prestado, por meio de melhorias. <\/p>\n","protected":false},"author":24,"featured_media":103296,"comment_status":"closed","ping_status":"0","sticky":false,"template":"","format":"standard","meta":{"footnotes":""},"categories":[8392,8363,3060,8357,5985,5706,8391,8356,8354,1],"tags":[],"class_list":["post-103295","post","type-post","status-publish","format-standard","has-post-thumbnail","hentry","category-assistencia-social","category-emprego-2","category-geral","category-gestao","category-habitacao","category-inclusao","category-infraestrutura","category-jundiai","category-lazer","category-noticias"],"_links":{"self":[{"href":"https:\/\/tvtecjundiai.com.br\/news\/wp-json\/wp\/v2\/posts\/103295","targetHints":{"allow":["GET"]}}],"collection":[{"href":"https:\/\/tvtecjundiai.com.br\/news\/wp-json\/wp\/v2\/posts"}],"about":[{"href":"https:\/\/tvtecjundiai.com.br\/news\/wp-json\/wp\/v2\/types\/post"}],"author":[{"embeddable":true,"href":"https:\/\/tvtecjundiai.com.br\/news\/wp-json\/wp\/v2\/users\/24"}],"replies":[{"embeddable":true,"href":"https:\/\/tvtecjundiai.com.br\/news\/wp-json\/wp\/v2\/comments?post=103295"}],"version-history":[{"count":1,"href":"https:\/\/tvtecjundiai.com.br\/news\/wp-json\/wp\/v2\/posts\/103295\/revisions"}],"predecessor-version":[{"id":103297,"href":"https:\/\/tvtecjundiai.com.br\/news\/wp-json\/wp\/v2\/posts\/103295\/revisions\/103297"}],"wp:featuredmedia":[{"embeddable":true,"href":"https:\/\/tvtecjundiai.com.br\/news\/wp-json\/wp\/v2\/media\/103296"}],"wp:attachment":[{"href":"https:\/\/tvtecjundiai.com.br\/news\/wp-json\/wp\/v2\/media?parent=103295"}],"wp:term":[{"taxonomy":"category","embeddable":true,"href":"https:\/\/tvtecjundiai.com.br\/news\/wp-json\/wp\/v2\/categories?post=103295"},{"taxonomy":"post_tag","embeddable":true,"href":"https:\/\/tvtecjundiai.com.br\/news\/wp-json\/wp\/v2\/tags?post=103295"}],"curies":[{"name":"wp","href":"https:\/\/api.w.org\/{rel}","templated":true}]}}