{"id":103343,"date":"2023-01-02T08:35:45","date_gmt":"2023-01-02T11:35:45","guid":{"rendered":"https:\/\/tvtecjundiai.com.br\/news\/?p=103343"},"modified":"2023-01-02T08:40:33","modified_gmt":"2023-01-02T11:40:33","slug":"funeral-de-bento-xvi-corpo-de-do-papa-emerito-e-velado-na-basilica-de-sao-pedro","status":"publish","type":"post","link":"https:\/\/tvtecjundiai.com.br\/news\/2023\/01\/02\/funeral-de-bento-xvi-corpo-de-do-papa-emerito-e-velado-na-basilica-de-sao-pedro\/","title":{"rendered":"Funeral de Bento XVI: Corpo de do Papa em\u00e9rito \u00e9 velado na Bas\u00edlica de S\u00e3o Pedro"},"content":{"rendered":"\n<p>O corpo do Papa Em\u00e9rito Bento XVI est\u00e1 sendo velado na Bas\u00edlica de S\u00e3o Pedro enquanto milhares de pessoas fazem fila horas antes do amanhecer desta segunda-feira (2) para prestar suas homenagens.<\/p>\n\n\n\n<p>As portas da bas\u00edlica foram abertas para que o p\u00fablico pudesse prestar homenagem ao falecido pont\u00edfice, que chocou o mundo em 2013 ao se aposentar do papado, o primeiro a fazer isso em 600 anos.<\/p>\n\n\n\n<p>O fr\u00e1gil Bento XVI, de 95 anos, morreu no s\u00e1bado de manh\u00e3 no mosteiro do Vaticano, onde vivia desde sua aposentadoria em 2013, quando se tornou o primeiro pont\u00edfice a renunciar em 600 anos. O enterro est\u00e1 marcado para dia 5.<\/p>\n\n\n\n<p>Autoridades de seguran\u00e7a esperavam que pelo menos 25.000 pessoas passassem pelo corpo no primeiro dia de exibi\u00e7\u00e3o. <\/p>\n\n\n\n<p><\/p>\n\n\n<div class=\"wp-block-image\">\n<figure class=\"aligncenter size-full is-resized\"><img loading=\"lazy\" decoding=\"async\" src=\"https:\/\/tvtecjundiai.com.br\/news\/wp-content\/uploads\/sites\/2\/2023\/01\/WhatsApp-Image-2023-01-02-at-08.32.34.jpeg\" alt=\"\" class=\"wp-image-103344\" width=\"767\" height=\"518\" srcset=\"https:\/\/tvtecjundiai.com.br\/news\/wp-content\/uploads\/sites\/2\/2023\/01\/WhatsApp-Image-2023-01-02-at-08.32.34.jpeg 582w, https:\/\/tvtecjundiai.com.br\/news\/wp-content\/uploads\/sites\/2\/2023\/01\/WhatsApp-Image-2023-01-02-at-08.32.34-300x203.jpeg 300w\" sizes=\"auto, (max-width: 767px) 100vw, 767px\" \/><figcaption class=\"wp-element-caption\">Corpo do papa em\u00e9rito \u00e9 velado na Bas\u00edlica de S\u00e3o Pedro nesta segunda-feira (2) (Foto: Andrew Medichini\/AP)<\/figcaption><\/figure>\n<\/div>\n\n\n<p>Veja detalhes:<\/p>\n\n\n\n<ul class=\"wp-block-list\">\n<li>At\u00e9 o in\u00edcio da manh\u00e3 de segunda, Bento ficar\u00e1 no mosteiro do Vaticano onde viveu, sem visitas.<\/li>\n\n\n\n<li>Depois ser\u00e1 transferido para a Bas\u00edlica de S\u00e3o Pedro, onde o p\u00fablico poder\u00e1 ver o corpo das 9h \u00e0s 19h (hora local) nos dias 2, 3 e 4.<\/li>\n\n\n\n<li>O funeral acontece na quinta, na Pra\u00e7a de S\u00e3o Pedro, em frente \u00e0 bas\u00edlica. A cerim\u00f4nia ter\u00e1 in\u00edcio \u00e0s 9h30 (hora local) e ser\u00e1 presidida pelo Papa Francisco.<\/li>\n\n\n\n<li>Os funerais papais normalmente atraem chefes de estado de todo o mundo, mas o Vaticano disse que delega\u00e7\u00f5es oficiais vir\u00e3o s\u00f3 da It\u00e1lia e da Alemanha, pa\u00eds natal de Bento XVI, sugerindo que o evento ser\u00e1 discreto.<\/li>\n\n\n\n<li>Representantes de pa\u00edses ou organiza\u00e7\u00f5es podem participar de forma privada.<\/li>\n\n\n\n<li>Ap\u00f3s a cerim\u00f4nia, o corpo ser\u00e1 levado de volta \u00e0 Bas\u00edlica de S\u00e3o Pedro e enterrado sob essa igreja.<\/li>\n<\/ul>\n\n\n\n<p><strong><em>(Fonte: G1 \/ Foto: Andrew Medichini\/AP &#8211; Reprodu\u00e7\u00e3o G1)<\/em><\/strong><\/p>\n","protected":false},"excerpt":{"rendered":"<p>Bento XVI morreu no s\u00e1bado (31) e o enterro est\u00e1 marcado para dia 5 <\/p>\n","protected":false},"author":19,"featured_media":103345,"comment_status":"closed","ping_status":"0","sticky":false,"template":"","format":"standard","meta":{"footnotes":""},"categories":[1],"tags":[],"class_list":["post-103343","post","type-post","status-publish","format-standard","has-post-thumbnail","hentry","category-noticias"],"_links":{"self":[{"href":"https:\/\/tvtecjundiai.com.br\/news\/wp-json\/wp\/v2\/posts\/103343","targetHints":{"allow":["GET"]}}],"collection":[{"href":"https:\/\/tvtecjundiai.com.br\/news\/wp-json\/wp\/v2\/posts"}],"about":[{"href":"https:\/\/tvtecjundiai.com.br\/news\/wp-json\/wp\/v2\/types\/post"}],"author":[{"embeddable":true,"href":"https:\/\/tvtecjundiai.com.br\/news\/wp-json\/wp\/v2\/users\/19"}],"replies":[{"embeddable":true,"href":"https:\/\/tvtecjundiai.com.br\/news\/wp-json\/wp\/v2\/comments?post=103343"}],"version-history":[{"count":2,"href":"https:\/\/tvtecjundiai.com.br\/news\/wp-json\/wp\/v2\/posts\/103343\/revisions"}],"predecessor-version":[{"id":103348,"href":"https:\/\/tvtecjundiai.com.br\/news\/wp-json\/wp\/v2\/posts\/103343\/revisions\/103348"}],"wp:featuredmedia":[{"embeddable":true,"href":"https:\/\/tvtecjundiai.com.br\/news\/wp-json\/wp\/v2\/media\/103345"}],"wp:attachment":[{"href":"https:\/\/tvtecjundiai.com.br\/news\/wp-json\/wp\/v2\/media?parent=103343"}],"wp:term":[{"taxonomy":"category","embeddable":true,"href":"https:\/\/tvtecjundiai.com.br\/news\/wp-json\/wp\/v2\/categories?post=103343"},{"taxonomy":"post_tag","embeddable":true,"href":"https:\/\/tvtecjundiai.com.br\/news\/wp-json\/wp\/v2\/tags?post=103343"}],"curies":[{"name":"wp","href":"https:\/\/api.w.org\/{rel}","templated":true}]}}