{"id":103347,"date":"2023-01-02T08:43:45","date_gmt":"2023-01-02T11:43:45","guid":{"rendered":"https:\/\/tvtecjundiai.com.br\/news\/?p=103347"},"modified":"2023-01-02T08:43:46","modified_gmt":"2023-01-02T11:43:46","slug":"velorio-de-pele-comeca-nesta-segunda-em-santos","status":"publish","type":"post","link":"https:\/\/tvtecjundiai.com.br\/news\/2023\/01\/02\/velorio-de-pele-comeca-nesta-segunda-em-santos\/","title":{"rendered":"Vel\u00f3rio de Pel\u00e9 come\u00e7a nesta segunda em Santos"},"content":{"rendered":"\n<p>O vel\u00f3rio do ex-jogador Pel\u00e9, que faleceu na \u00faltima quinta-feira (29) aos 82 anos de idade, come\u00e7a nesta segunda (2), a partir das 10h (de Bras\u00edlia), na Vila Belmiro, em Santos.<\/p>\n\n\n<div class=\"wp-block-image\">\n<figure class=\"aligncenter is-resized\"><img loading=\"lazy\" decoding=\"async\" src=\"https:\/\/p2.trrsf.com\/image\/fget\/cf\/648\/0\/images.terra.com\/2023\/01\/02\/1368349186-0d6ec12064e0c4db090caa7470d81b50.jpg\" alt=\"Est\u00e1dio da Vila Belmiro receber\u00e1 o vel\u00f3rio do ex-jogador Pel\u00e9\" width=\"714\" height=\"476\" title=\"Est\u00e1dio da Vila Belmiro receber\u00e1 o vel\u00f3rio do ex-jogador Pel\u00e9\" \/><figcaption class=\"wp-element-caption\">Est\u00e1dio da Vila Belmiro receber\u00e1 o vel\u00f3rio do ex-jogador Pel\u00e9<small>Foto: EPA \/ Ansa &#8211; Brasil<\/small><\/figcaption><\/figure>\n<\/div>\n\n\n<p>Ap\u00f3s o corpo do tricampe\u00e3o mundial ter deixado o Hospital Albert Einstein, em S\u00e3o Paulo, o ve\u00edculo que transportou os restos mortais do Rei do Futebol chegou a Santos pouco depois das 4h (local).<\/p>\n\n\n\n<p>A cerim\u00f4nia de despedida de Pel\u00e9 ter\u00e1 24 horas de dura\u00e7\u00e3o e ser\u00e1 aberto ao p\u00fablico. J\u00e1 o sepultamento do ex-atleta da sele\u00e7\u00e3o brasileira est\u00e1 agendado para ter\u00e7a-feira (3), tamb\u00e9m em Santos.<\/p>\n\n\n\n<p>O vel\u00f3rio do Atleta do S\u00e9culo dever\u00e1 receber diversas pessoas, entre torcedores, autoridades e personalidades, tanto que as ruas pr\u00f3ximas ao est\u00e1dio do clube alvinegro permanecer\u00e3o fechadas temporariamente para carros.<\/p>\n\n\n\n<p>O presidente da Rep\u00fablica, Luiz In\u00e1cio Lula da Silva, afirmou no \u00faltimo s\u00e1bado (1\u00ba) que iria participar do vel\u00f3rio de Edson Arantes do Nascimento, o Pel\u00e9. O compromisso ser\u00e1 a primeira agenda oficial do petista como chefe de Estado.<\/p>\n\n\n\n<p>O vice-presidente Geraldo Alckmin, o novo governador de S\u00e3o Paulo, Tarc\u00edsio de Freitas, e os presidentes da Fifa, da Confedera\u00e7\u00e3o Brasileira de Futebol (CBF) e da Conmebol, Gianni Infantino, Ednaldo Rodrigues e Alejandro Dom\u00ednguez, respectivamente, tamb\u00e9m dever\u00e3o estar presentes.<\/p>\n\n\n\n<p>Ao longo da cerim\u00f4nia, os f\u00e3s que forem se despedir do Rei do Futebol percorrer\u00e3o um trajeto e v\u00e3o passa perto de uma tenda na parte central do gramado, onde o caix\u00e3o de Pel\u00e9 ser\u00e1 posicionado.<\/p>\n\n\n\n<p>O cortejo com o corpo do ex-craque pelas ruas de Santos ter\u00e1 in\u00edcio a partir das 10h (de Bras\u00edlia) de amanh\u00e3 (3). Antes de Pel\u00e9 ser sepultado no cemit\u00e9rio vertical Memorial Necr\u00f3pole Ecum\u00eanica, o ve\u00edculo passar\u00e1 pela casa da m\u00e3e do ex-jogador, Celeste Arantes, que tem 100 anos de idade. <\/p>\n\n\n\n<p><strong><em>(Fonte \/ Foto: Terra \/ Foto Capa: Gabriela Brino\/UOL)<\/em><\/strong><\/p>\n","protected":false},"excerpt":{"rendered":"<p>Cerim\u00f4nia ter\u00e1 24h de dura\u00e7\u00e3o, j\u00e1 sepultamento ser\u00e1 na ter\u00e7a (3)<\/p>\n","protected":false},"author":19,"featured_media":103349,"comment_status":"closed","ping_status":"0","sticky":false,"template":"","format":"standard","meta":{"footnotes":""},"categories":[1],"tags":[],"class_list":["post-103347","post","type-post","status-publish","format-standard","has-post-thumbnail","hentry","category-noticias"],"_links":{"self":[{"href":"https:\/\/tvtecjundiai.com.br\/news\/wp-json\/wp\/v2\/posts\/103347","targetHints":{"allow":["GET"]}}],"collection":[{"href":"https:\/\/tvtecjundiai.com.br\/news\/wp-json\/wp\/v2\/posts"}],"about":[{"href":"https:\/\/tvtecjundiai.com.br\/news\/wp-json\/wp\/v2\/types\/post"}],"author":[{"embeddable":true,"href":"https:\/\/tvtecjundiai.com.br\/news\/wp-json\/wp\/v2\/users\/19"}],"replies":[{"embeddable":true,"href":"https:\/\/tvtecjundiai.com.br\/news\/wp-json\/wp\/v2\/comments?post=103347"}],"version-history":[{"count":1,"href":"https:\/\/tvtecjundiai.com.br\/news\/wp-json\/wp\/v2\/posts\/103347\/revisions"}],"predecessor-version":[{"id":103350,"href":"https:\/\/tvtecjundiai.com.br\/news\/wp-json\/wp\/v2\/posts\/103347\/revisions\/103350"}],"wp:featuredmedia":[{"embeddable":true,"href":"https:\/\/tvtecjundiai.com.br\/news\/wp-json\/wp\/v2\/media\/103349"}],"wp:attachment":[{"href":"https:\/\/tvtecjundiai.com.br\/news\/wp-json\/wp\/v2\/media?parent=103347"}],"wp:term":[{"taxonomy":"category","embeddable":true,"href":"https:\/\/tvtecjundiai.com.br\/news\/wp-json\/wp\/v2\/categories?post=103347"},{"taxonomy":"post_tag","embeddable":true,"href":"https:\/\/tvtecjundiai.com.br\/news\/wp-json\/wp\/v2\/tags?post=103347"}],"curies":[{"name":"wp","href":"https:\/\/api.w.org\/{rel}","templated":true}]}}