{"id":103384,"date":"2023-01-02T17:19:09","date_gmt":"2023-01-02T20:19:09","guid":{"rendered":"https:\/\/tvtecjundiai.com.br\/news\/?p=103384"},"modified":"2023-01-02T17:19:15","modified_gmt":"2023-01-02T20:19:15","slug":"defesa-civil-alerta-para-possibilidade-de-chuvas-fortes-nesta-semana","status":"publish","type":"post","link":"https:\/\/tvtecjundiai.com.br\/news\/2023\/01\/02\/defesa-civil-alerta-para-possibilidade-de-chuvas-fortes-nesta-semana\/","title":{"rendered":"Defesa Civil alerta para possibilidade de chuvas fortes nesta semana"},"content":{"rendered":"\n<p>Novo boletim da Defesa Civil do Estado de S\u00e3o Paulo informa que, entre ter\u00e7a-feira (3) e sexta-feira (6), h\u00e1 condi\u00e7\u00f5es para chuvas intensas acompanhadas por descargas el\u00e9tricas, fortes rajadas de vento e granizo em v\u00e1rios munic\u00edpios paulistas, incluindo Jundia\u00ed.<\/p>\n\n\n\n<p>Como h\u00e1 previs\u00e3o de acumulados elevados, sendo 120mm na Regi\u00e3o Metropolitana de S\u00e3o Paulo, Campinas e Sorocaba, da qual Jundia\u00ed faz parte, ressalta-se a import\u00e2ncia de aten\u00e7\u00e3o especial \u00e0s \u00e1reas mais vulner\u00e1veis, pois haver\u00e1 risco de deslizamentos, desabamentos, alagamentos, enchentes e ocorr\u00eancias relacionadas a raios, ventos e granizo.<\/p>\n\n\n\n<p>A equipe da for\u00e7a-tarefa, com a participa\u00e7\u00e3o de setores da Prefeitura, est\u00e1 de prontid\u00e3o para caso tenha de atender ocorr\u00eancias relacionadas \u00e0s chuvas. \u201cJundia\u00ed encontra-se em Estado de Observa\u00e7\u00e3o, mas podemos chegar ao Estado de Aten\u00e7\u00e3o caso as chuvas ultrapassem os 80 mil\u00edmetros nos pr\u00f3ximos dias\u201d, ressalta o coordenador da Defesa Civil de Jundia\u00ed, Coronel Gimenez.<\/p>\n\n\n\n<figure class=\"wp-block-image\"><img decoding=\"async\" src=\"https:\/\/jundiai.sp.gov.br\/noticias\/wp-content\/uploads\/sites\/32\/2022\/12\/defesa-civil-forca-tarefa-rodovia-geraldo-dias-coronel-gimenez_fm_-40-1280x854.jpg\" alt=\"Defesa Civil realiza vistoria na Rodovia Geraldo Dias\" class=\"wp-image-308486\" \/><figcaption class=\"wp-element-caption\">Defesa Civil se mant\u00e9m em alerta para a previs\u00e3o de fortes chuvas nos pr\u00f3ximos dias<\/figcaption><\/figure>\n\n\n\n<p><strong>Ligue 199<\/strong><\/p>\n\n\n\n<p>Havendo necessidade, a popula\u00e7\u00e3o pode contatar a Defesa Civil pelo n\u00famero 4586-0666 ou o 199. Para obter mais orienta\u00e7\u00f5es sobre o que fazer antes, durante e depois ao per\u00edodo de chuvas intensas e, tamb\u00e9m, os demais tipos de desastres, est\u00e1 dispon\u00edvel o aplicativo \u201cAlerta SP\u201d, dispon\u00edvel para download nos sistemas Android e IOS. Alertas de risco tamb\u00e9m s\u00e3o enviados por SMS: basta enviar uma mensagem com o CEP da localidade desejada para o n\u00famero 40199.<\/p>\n\n\n\n<p><strong><em>(Fonte \/ Foto: Prefeitura de Jundia\u00ed)<\/em><\/strong><\/p>\n","protected":false},"excerpt":{"rendered":"<p>Jundia\u00ed encontra-se em Estado de Observa\u00e7\u00e3o, mas podemos chegar ao Estado de Aten\u00e7\u00e3o caso as chuvas ultrapassem os 80 mil\u00edmetros nos pr\u00f3ximos dias<\/p>\n","protected":false},"author":19,"featured_media":103385,"comment_status":"closed","ping_status":"0","sticky":false,"template":"","format":"standard","meta":{"footnotes":""},"categories":[1],"tags":[],"class_list":["post-103384","post","type-post","status-publish","format-standard","has-post-thumbnail","hentry","category-noticias"],"_links":{"self":[{"href":"https:\/\/tvtecjundiai.com.br\/news\/wp-json\/wp\/v2\/posts\/103384","targetHints":{"allow":["GET"]}}],"collection":[{"href":"https:\/\/tvtecjundiai.com.br\/news\/wp-json\/wp\/v2\/posts"}],"about":[{"href":"https:\/\/tvtecjundiai.com.br\/news\/wp-json\/wp\/v2\/types\/post"}],"author":[{"embeddable":true,"href":"https:\/\/tvtecjundiai.com.br\/news\/wp-json\/wp\/v2\/users\/19"}],"replies":[{"embeddable":true,"href":"https:\/\/tvtecjundiai.com.br\/news\/wp-json\/wp\/v2\/comments?post=103384"}],"version-history":[{"count":1,"href":"https:\/\/tvtecjundiai.com.br\/news\/wp-json\/wp\/v2\/posts\/103384\/revisions"}],"predecessor-version":[{"id":103386,"href":"https:\/\/tvtecjundiai.com.br\/news\/wp-json\/wp\/v2\/posts\/103384\/revisions\/103386"}],"wp:featuredmedia":[{"embeddable":true,"href":"https:\/\/tvtecjundiai.com.br\/news\/wp-json\/wp\/v2\/media\/103385"}],"wp:attachment":[{"href":"https:\/\/tvtecjundiai.com.br\/news\/wp-json\/wp\/v2\/media?parent=103384"}],"wp:term":[{"taxonomy":"category","embeddable":true,"href":"https:\/\/tvtecjundiai.com.br\/news\/wp-json\/wp\/v2\/categories?post=103384"},{"taxonomy":"post_tag","embeddable":true,"href":"https:\/\/tvtecjundiai.com.br\/news\/wp-json\/wp\/v2\/tags?post=103384"}],"curies":[{"name":"wp","href":"https:\/\/api.w.org\/{rel}","templated":true}]}}