{"id":103393,"date":"2023-01-03T09:48:30","date_gmt":"2023-01-03T12:48:30","guid":{"rendered":"https:\/\/tvtecjundiai.com.br\/news\/?p=103393"},"modified":"2023-01-03T09:48:36","modified_gmt":"2023-01-03T12:48:36","slug":"exposicao-de-presepios-no-solar-do-barao-vai-ate-esta-sexta-feira-06","status":"publish","type":"post","link":"https:\/\/tvtecjundiai.com.br\/news\/2023\/01\/03\/exposicao-de-presepios-no-solar-do-barao-vai-ate-esta-sexta-feira-06\/","title":{"rendered":"Exposi\u00e7\u00e3o de Pres\u00e9pios no Solar do Bar\u00e3o vai at\u00e9 esta sexta-feira (06)"},"content":{"rendered":"\n<p>O p\u00fablico de Jundia\u00ed e regi\u00e3o tem at\u00e9 esta sexta-feira (06) para visitar a&nbsp;<a rel=\"noreferrer noopener\" href=\"https:\/\/cultura.jundiai.sp.gov.br\/exposicoes\/exposicao-de-presepios-2022\/\" target=\"_blank\">tradicional exposi\u00e7\u00e3o de Pres\u00e9pios de Jundia\u00ed<\/a>, organizada pela Unidade de Gest\u00e3o de Cultura (UGC) no Museu Hist\u00f3rico e Cultural \u2013 Solar do Bar\u00e3o. Parte da programa\u00e7\u00e3o do&nbsp;<a rel=\"noreferrer noopener\" href=\"https:\/\/jundiai.sp.gov.br\/circuitonatalluz\/\" target=\"_blank\">Circuito Natal Luz 2022<\/a>, a exposi\u00e7\u00e3o re\u00fane mais de 500 modelos diferentes de pres\u00e9pios, espalhadas pelos dois andares do Museu, inclusive no andar inferior, nas salas rodeadas pelos jardins.<\/p>\n\n\n\n<p>Com entrada gratuita, a visita\u00e7\u00e3o pode ser realizada das 10h \u00e0s 17h. O Museu est\u00e1 localizado na Rua Bar\u00e3o de Jundia\u00ed, 762 \u2013 Centro.<\/p>\n\n\n\n<p><strong>Nova mostra<\/strong><br>A partir deste s\u00e1bado (07) at\u00e9 a quinta-feira (12), o Museu permanecer\u00e1 fechado para a desmontagem da atual exposi\u00e7\u00e3o e montagem da mostra \u201cPatrim\u00f4nios Culturais de Jundia\u00ed\u201d, que retorna ao Museu para atender os visitantes da&nbsp;<a rel=\"noreferrer noopener\" href=\"https:\/\/festadauva.jundiai.sp.gov.br\/\" target=\"_blank\">38\u00aa Festa da Uva e 9\u00aa Expo Vinhos 2023<\/a>. A reabertura est\u00e1 marcada para a sexta-feira (13).<\/p>\n\n\n\n<p>Mais informa\u00e7\u00f5es pelo telefone 4521-6259.<\/p>\n\n\n\n<figure class=\"wp-block-image\"><img decoding=\"async\" src=\"https:\/\/jundiai.sp.gov.br\/noticias\/wp-content\/uploads\/sites\/32\/2023\/01\/exposicao_presepios_solar_do_barao-1280x853-1.jpg\" alt=\"\" class=\"wp-image-308631\" \/><\/figure>\n\n\n\n<p><strong><em>(Fonte\/Imagem: Prefeitura de Jundia\u00ed)<\/em><\/strong><\/p>\n","protected":false},"excerpt":{"rendered":"<p>Com entrada gratuita, a visita\u00e7\u00e3o pode ser realizada das 10h \u00e0s 17h. <\/p>\n","protected":false},"author":27,"featured_media":103394,"comment_status":"closed","ping_status":"0","sticky":false,"template":"","format":"standard","meta":{"footnotes":""},"categories":[8356],"tags":[],"class_list":["post-103393","post","type-post","status-publish","format-standard","has-post-thumbnail","hentry","category-jundiai"],"_links":{"self":[{"href":"https:\/\/tvtecjundiai.com.br\/news\/wp-json\/wp\/v2\/posts\/103393","targetHints":{"allow":["GET"]}}],"collection":[{"href":"https:\/\/tvtecjundiai.com.br\/news\/wp-json\/wp\/v2\/posts"}],"about":[{"href":"https:\/\/tvtecjundiai.com.br\/news\/wp-json\/wp\/v2\/types\/post"}],"author":[{"embeddable":true,"href":"https:\/\/tvtecjundiai.com.br\/news\/wp-json\/wp\/v2\/users\/27"}],"replies":[{"embeddable":true,"href":"https:\/\/tvtecjundiai.com.br\/news\/wp-json\/wp\/v2\/comments?post=103393"}],"version-history":[{"count":1,"href":"https:\/\/tvtecjundiai.com.br\/news\/wp-json\/wp\/v2\/posts\/103393\/revisions"}],"predecessor-version":[{"id":103395,"href":"https:\/\/tvtecjundiai.com.br\/news\/wp-json\/wp\/v2\/posts\/103393\/revisions\/103395"}],"wp:featuredmedia":[{"embeddable":true,"href":"https:\/\/tvtecjundiai.com.br\/news\/wp-json\/wp\/v2\/media\/103394"}],"wp:attachment":[{"href":"https:\/\/tvtecjundiai.com.br\/news\/wp-json\/wp\/v2\/media?parent=103393"}],"wp:term":[{"taxonomy":"category","embeddable":true,"href":"https:\/\/tvtecjundiai.com.br\/news\/wp-json\/wp\/v2\/categories?post=103393"},{"taxonomy":"post_tag","embeddable":true,"href":"https:\/\/tvtecjundiai.com.br\/news\/wp-json\/wp\/v2\/tags?post=103393"}],"curies":[{"name":"wp","href":"https:\/\/api.w.org\/{rel}","templated":true}]}}