{"id":103402,"date":"2023-01-03T12:06:00","date_gmt":"2023-01-03T15:06:00","guid":{"rendered":"https:\/\/tvtecjundiai.com.br\/news\/?p=103402"},"modified":"2023-01-03T12:06:05","modified_gmt":"2023-01-03T15:06:05","slug":"retrospectiva-2022-programacao-cultural-se-consolida-com-sucesso-de-publico","status":"publish","type":"post","link":"https:\/\/tvtecjundiai.com.br\/news\/2023\/01\/03\/retrospectiva-2022-programacao-cultural-se-consolida-com-sucesso-de-publico\/","title":{"rendered":"Retrospectiva 2022: programa\u00e7\u00e3o cultural se consolida com sucesso de p\u00fablico"},"content":{"rendered":"\n<p>Entre as diversas frentes da Unidade de Gest\u00e3o de Cultura (UGC), a consolida\u00e7\u00e3o da programa\u00e7\u00e3o cultural nos diversos equipamentos marcou o ano de 2022. A grande ades\u00e3o por parte do p\u00fablico jundiaiense fez a diferen\u00e7a, tanto nas novas a\u00e7\u00f5es, como \u00e9 o caso do Espa\u00e7o Expressa, quanto nos eventos j\u00e1 consagrados, como as atividades com foco na Cidade das Crian\u00e7as. Destas \u00faltimas, mais de 19 mil crian\u00e7as e adolescentes participaram de mais de 200 atividades tem\u00e1ticas.<\/p>\n\n\n\n<p>O Complexo Fepasa, sede da Unidade, passou a se chamar Espa\u00e7o Expressa, nome vinculado \u00e0 sua voca\u00e7\u00e3o e a seu foco de ocupa\u00e7\u00e3o nos eixos: Cultura, Crian\u00e7as, Comida, Cidade e Cidadania e Conviv\u00eancia, contemplados em tr\u00eas festivais tem\u00e1ticos, e teve a reabertura do Museu Ferrovi\u00e1rio. Ao longo do ano, as atividades culturais no local contaram com p\u00fablico de mais de 35 mil pessoas.<\/p>\n\n\n\n<figure class=\"wp-block-image\"><img decoding=\"async\" src=\"https:\/\/jundiai.sp.gov.br\/noticias\/wp-content\/uploads\/sites\/32\/2022\/12\/espaco_expressa-1200x800-1.jpg\" alt=\"\" class=\"wp-image-308536\" \/><figcaption class=\"wp-element-caption\">Desde que se tornou Expressa, o espa\u00e7o j\u00e1 recebeu tr\u00eas programa\u00e7\u00f5es tem\u00e1ticas<\/figcaption><\/figure>\n\n\n\n<p>\u201cAo encontro do que temos aprovado junto aos \u00f3rg\u00e3os de preserva\u00e7\u00e3o patrimonial como Plano Diretor do Expressa, a ocupa\u00e7\u00e3o das pessoas para a participa\u00e7\u00e3o de atividades culturais \u00e9 o que planejamos para o espa\u00e7o. Privilegiando a presen\u00e7a das pessoas na \u00e1rea central, sem o estacionamento e circula\u00e7\u00e3o de ve\u00edculos, queremos que ela vire uma grande \u00c1rea Parque, atrativa para quem quiser andar de bicicleta e patins, sentar-se num dos bancos para ler um livro ou ainda ensaiar ao ar livre e produzir conte\u00fados para redes sociais, para citar somente algumas das in\u00fameras possibilidades\u201d, comentou o gestor de Cultura, Marcelo Peroni.<\/p>\n\n\n\n<p>Em 2022, primeiro ano desde a pandemia com a atividades presenciais liberadas, foi contabilizado p\u00fablico de mais de 400 mil pessoas e retomadas programa\u00e7\u00f5es de seus festivais \u2013 Encontro de Corais de Jundia\u00ed, Enredan\u00e7a, Festa Liter\u00e1ria de Jundia\u00ed, Festejos Juninos, Festival de Teatro de Jundia\u00ed (Festeju), Festival de Curtas-Metragens, M\u00eas do Patrim\u00f4nio Hist\u00f3rico e Cultural e Semana da Consci\u00eancia Negra \u2013 e estreou o Festival de M\u00fasica, com atra\u00e7\u00f5es nos equipamentos culturais e pontos descentralizados. Al\u00e9m das apresenta\u00e7\u00f5es gratuitas, cada programa\u00e7\u00e3o trouxe oficinas e workshops formativos e at\u00e9 mesmo exposi\u00e7\u00f5es, como a que homenageou a bailarina jundiaiense Gl\u00f3ria Rocha no Solar.<\/p>\n\n\n\n<p>Na F\u00e1brica das Inf\u00e2ncias Japy, a sede do Comit\u00ea das Crian\u00e7as, recebeu em seu primeiro ano de abertura mais de 32 mil visitantes. O local tamb\u00e9m sediou atividades intersetoriais da Cultura, por exemplo, com a Unidade de Gest\u00e3o de Assist\u00eancia e Desenvolvimento Sociais (UGADS) para a realiza\u00e7\u00e3o de visitas e atra\u00e7\u00f5es dos assistidos do programa Crian\u00e7a Feliz e das propostas do BrincAR LIVRE.<\/p>\n\n\n\n<figure class=\"wp-block-image\"><img decoding=\"async\" src=\"https:\/\/jundiai.sp.gov.br\/noticias\/wp-content\/uploads\/sites\/32\/2022\/12\/orquestra_municipal_fabrica_japy_pa-347-1280x854.jpg\" alt=\"\" class=\"wp-image-308537\" \/><figcaption class=\"wp-element-caption\">P\u00fablico j\u00e1 sabe que aos s\u00e1bados e domingos, \u00e0s 10h30, F\u00e1brica das Inf\u00e2ncias Japy tem sempre atra\u00e7\u00f5es do programa Cidade das Crian\u00e7as<\/figcaption><\/figure>\n\n\n\n<p>\u201cA popula\u00e7\u00e3o j\u00e1 absorveu que todos os finais de semana, seja aos s\u00e1bados, seja aos domingos, \u00e0s 10h30 est\u00e3o sempre previstas atra\u00e7\u00f5es culturais gratuitas na F\u00e1brica. E as fam\u00edlias muitas vezes v\u00eam, mesmo sem saber qual \u00e9 o espet\u00e1culo previsto, mas porque j\u00e1 se acostumaram ao calend\u00e1rio e j\u00e1 reconhecem aquele como um espa\u00e7o voltado \u00e0s possibilidades de brincadeiras e experimenta\u00e7\u00f5es das inf\u00e2ncias\u201d, acrescentou Peroni.<\/p>\n\n\n\n<p>Neste ano, a Biblioteca Municipal Professor Nelson Foot tamb\u00e9m passou a integrar a UGC e, al\u00e9m das atividades de fomento \u00e0 leitura, recebeu atra\u00e7\u00f5es culturais aos s\u00e1bados e realizou interven\u00e7\u00f5es art\u00edsticas em sua unidade na Pracinha da Cultura do Vista Alegre (antigo Ceu das Artes). A descentraliza\u00e7\u00e3o das atividades envolveu, ainda, o Cultura nos Bairros, com programa\u00e7\u00e3o gratuita em diversos complexos esportivos.<\/p>\n\n\n\n<p>A Pracinha da Cultura tamb\u00e9m ganhou um programa de oficinas culturais de diversas linguagens art\u00edsticas, como por exemplo, desde Teatro e Ballet, at\u00e9 Muay Thai e Jiu-J\u00edtsu. Somente no segundo semestre, as oficinas do programa tiveram mais de 400 alunos.<\/p>\n\n\n\n<p>J\u00e1 no Museu Hist\u00f3rico e Cultural \u2013 Solar do Bar\u00e3o foi ampliada a \u00e1rea expositiva, com novas salas tamb\u00e9m no piso inferior, ao redor dos jardins, realizou diversos pain\u00e9is e palestras tem\u00e1ticas. O espa\u00e7o recebeu, at\u00e9 antes do in\u00edcio da programa\u00e7\u00e3o do Circuito Natal Luz, mais de 145 mil visitantes, entre visitas \u00e0s exposi\u00e7\u00f5es e aos jardins, e em apresenta\u00e7\u00f5es musicais intimistas da Sexta no Museu, em paralelo \u00e0 Sexta no Centro, retomada este ano na Pra\u00e7a do Coreto.<\/p>\n\n\n\n<figure class=\"wp-block-image\"><img decoding=\"async\" src=\"https:\/\/jundiai.sp.gov.br\/noticias\/wp-content\/uploads\/sites\/32\/2022\/12\/abertura_exposicao_legados_de_gloria_rocha_solar_do_barao-34-1280x854.jpg\" alt=\"\" class=\"wp-image-308538\" \/><figcaption class=\"wp-element-caption\">Um dos destaques da programa\u00e7\u00e3o do Museu foi a exposi\u00e7\u00e3o em homenagem a Gl\u00f3ria Rocha<\/figcaption><\/figure>\n\n\n\n<p>No Teatro Polytheama, as atra\u00e7\u00f5es \u2013 cerca de 200 -, propostas pela Prefeitura e de particulares tamb\u00e9m foram sucesso de bilheteria, totalizando-se quase 95 mil pessoas. O palco do teatro recebeu as apresenta\u00e7\u00f5es dos corpos art\u00edsticos municipais, as apresenta\u00e7\u00f5es do Vitrine da Dan\u00e7a com as academias da cidade e as edi\u00e7\u00f5es mensais do M\u00fasica &amp; Hist\u00f3rias.<\/p>\n\n\n\n<p>Entre os corpos art\u00edsticos, que realizaram cerca de 50 apresenta\u00e7\u00f5es, tamb\u00e9m houve novidades. A Orquestra Municipal passou a ser sinf\u00f4nica com a chegada dos instrumentos para al\u00e9m da fam\u00edlia das cordas e ganhou um n\u00facleo de jovens m\u00fasicos bolsistas. J\u00e1 o Coral Infantojuvenil Cidade das Crian\u00e7as iniciou um projeto de musicaliza\u00e7\u00e3o infantil (pr\u00e9-coral) em n\u00facleos da F\u00e1brica das Inf\u00e2ncias Japy e no Retiro. J\u00e1 a Cia. Jovem de Dan\u00e7a recebe ainda o pr\u00eamio da Associa\u00e7\u00e3o Paulista de Cr\u00edticos de Artes (APCA) por s\u00e9rie de v\u00eddeos feitos em patrim\u00f4nios da cidade.<\/p>\n\n\n\n<p>Este ano, o calend\u00e1rio de exposi\u00e7\u00f5es in\u00e9ditas na cidade tamb\u00e9m ganhou novos espa\u00e7os. Al\u00e9m do Museu, da Pinacoteca Municipal Di\u00f3genes Duarte Paes e da Galeria de Arte Fernanda Perracini Milani \u2013 que seguiram seus cronogramas mensais de chamamentos a partir de editais ou por convites, a biblioteca tamb\u00e9m passou a contar com novos espa\u00e7os expositivos, como a Galeria Jundia\u00ed, al\u00e9m de seu Espa\u00e7o S\u00f4nia Cintra. Para essas exposi\u00e7\u00f5es, o p\u00fablico foi de mais de 25 mil, dos quais 11 mil s\u00f3 na Pinacoteca.<\/p>\n\n\n\n<figure class=\"wp-block-image\"><img decoding=\"async\" src=\"https:\/\/jundiai.sp.gov.br\/noticias\/wp-content\/uploads\/sites\/32\/2022\/12\/orquestra_polytheama_homenagem_7_de_setembro-39-1280x854.jpg\" alt=\"\" class=\"wp-image-308539\" \/><figcaption class=\"wp-element-caption\">P\u00fablico no Polytheama esta ano foi de quase 95 mil pessoas<\/figcaption><\/figure>\n\n\n\n<p><strong>Cadastro<\/strong><br>Com foco no fomento do trabalho de artistas e demais profissionais de Cultura e Economia Criativa da cidade, a Cultura lan\u00e7ou, em parceria com a Companhia de Inform\u00e1tica de Jundia\u00ed (CIJUN), o\u00a0<a rel=\"noreferrer noopener\" href=\"https:\/\/cultura.jundiai.sp.gov.br\/cadastro-de-artistas\/\" target=\"_blank\">novo Cadastro de Artistas<\/a>, ferramenta utilizada pela Unidade para a realiza\u00e7\u00e3o de contrata\u00e7\u00f5es. Os artistas tamb\u00e9m puderam contar, ao longo do ano, com as transmiss\u00f5es semanais da \u201cLive: Espa\u00e7o Cultura\u201d, como espa\u00e7o de di\u00e1logo com a gest\u00e3o e para sanar d\u00favidas e para as apresenta\u00e7\u00f5es de obras contempladas em editais da Lei Aldir Blanc.<\/p>\n\n\n\n<p><strong><em>(Fonte\/Imagem: Prefeitura de Jundia\u00ed)<\/em><\/strong><\/p>\n","protected":false},"excerpt":{"rendered":"<p>No Teatro Polytheama o p\u00fablico do ano foi de quase 95 mil pessoas.<\/p>\n","protected":false},"author":27,"featured_media":103403,"comment_status":"closed","ping_status":"0","sticky":false,"template":"","format":"standard","meta":{"footnotes":""},"categories":[8356],"tags":[],"class_list":["post-103402","post","type-post","status-publish","format-standard","has-post-thumbnail","hentry","category-jundiai"],"_links":{"self":[{"href":"https:\/\/tvtecjundiai.com.br\/news\/wp-json\/wp\/v2\/posts\/103402","targetHints":{"allow":["GET"]}}],"collection":[{"href":"https:\/\/tvtecjundiai.com.br\/news\/wp-json\/wp\/v2\/posts"}],"about":[{"href":"https:\/\/tvtecjundiai.com.br\/news\/wp-json\/wp\/v2\/types\/post"}],"author":[{"embeddable":true,"href":"https:\/\/tvtecjundiai.com.br\/news\/wp-json\/wp\/v2\/users\/27"}],"replies":[{"embeddable":true,"href":"https:\/\/tvtecjundiai.com.br\/news\/wp-json\/wp\/v2\/comments?post=103402"}],"version-history":[{"count":1,"href":"https:\/\/tvtecjundiai.com.br\/news\/wp-json\/wp\/v2\/posts\/103402\/revisions"}],"predecessor-version":[{"id":103404,"href":"https:\/\/tvtecjundiai.com.br\/news\/wp-json\/wp\/v2\/posts\/103402\/revisions\/103404"}],"wp:featuredmedia":[{"embeddable":true,"href":"https:\/\/tvtecjundiai.com.br\/news\/wp-json\/wp\/v2\/media\/103403"}],"wp:attachment":[{"href":"https:\/\/tvtecjundiai.com.br\/news\/wp-json\/wp\/v2\/media?parent=103402"}],"wp:term":[{"taxonomy":"category","embeddable":true,"href":"https:\/\/tvtecjundiai.com.br\/news\/wp-json\/wp\/v2\/categories?post=103402"},{"taxonomy":"post_tag","embeddable":true,"href":"https:\/\/tvtecjundiai.com.br\/news\/wp-json\/wp\/v2\/tags?post=103402"}],"curies":[{"name":"wp","href":"https:\/\/api.w.org\/{rel}","templated":true}]}}