{"id":103424,"date":"2023-01-04T12:50:02","date_gmt":"2023-01-04T15:50:02","guid":{"rendered":"https:\/\/tvtecjundiai.com.br\/news\/?p=103424"},"modified":"2023-01-04T12:50:07","modified_gmt":"2023-01-04T15:50:07","slug":"rede-publica-de-jundiai-oferece-atendimento-integral-a-saude-mental","status":"publish","type":"post","link":"https:\/\/tvtecjundiai.com.br\/news\/2023\/01\/04\/rede-publica-de-jundiai-oferece-atendimento-integral-a-saude-mental\/","title":{"rendered":"Rede p\u00fablica de Jundia\u00ed oferece atendimento integral \u00e0 sa\u00fade mental"},"content":{"rendered":"\n<p>Se o corpo requer cuidados, a mente tamb\u00e9m. Com o tema \u201cA vida pede equil\u00edbrio!\u201d, \u00e9 realizada no Pa\u00eds a campanha Janeiro Branco, que, desde 2014, discute a relev\u00e2ncia da sa\u00fade mental e do cuidado com as emo\u00e7\u00f5es. Em Jundia\u00ed, a Unidade de Gest\u00e3o de Promo\u00e7\u00e3o da Sa\u00fade (UGPS), por meio da Rede de Aten\u00e7\u00e3o Psicossocial (RAPS), oferta atendimento integral e com pr\u00e1ticas integrativas e complementares, visando a promo\u00e7\u00e3o da sa\u00fade mental.<br><br>\u201cA partir desse movimento, o objetivo \u00e9 chamar a aten\u00e7\u00e3o da sociedade para essa importante quest\u00e3o. Atrelados \u00e0 simbologia do recome\u00e7o, muitas pessoas fazem planejamentos e reflex\u00f5es. \u00c9 igualmente fundamental, para a manuten\u00e7\u00e3o da qualidade de vida, os cuidados com sa\u00fade mental e emocional\u201d, alerta a gestora adjunta da UGPS, m\u00e9dica Dayane Aparecida Pereira Martins.<br><br>A apoiadora institucional da Coordena\u00e7\u00e3o de Sa\u00fade Mental, \u00c1lcool e outras Drogas, psic\u00f3loga Adriana Carvalho Pinto, enfatiza a import\u00e2ncia de buscar aux\u00edlio \u00e0 medida que identifica certos comportamentos e sentimentos. \u201cSensa\u00e7\u00f5es como tristeza recorrente, des\u00e2nimo, apreens\u00e3o e medos recorrentes s\u00e3o sinais que devem ser considerados. Em toda a rede municipal de sa\u00fade, ofertamos suporte. \u00c9 importante que a pessoa busque a avalia\u00e7\u00e3o de um profissional de sa\u00fade, que auxiliar\u00e1 a compreender o seu sofrimento e conduzir\u00e1 pelo tratamento mais adequado\u201d, explica.<\/p>\n\n\n\n<figure class=\"wp-block-image\"><img decoding=\"async\" src=\"https:\/\/jundiai.sp.gov.br\/noticias\/wp-content\/uploads\/sites\/32\/2023\/01\/atendimentos_caps-iii-83-1280x854.jpg\" alt=\"\" class=\"wp-image-308680\" \/><figcaption class=\"wp-element-caption\">As pr\u00e1ticas integrativas e complementares s\u00e3o ferramentas importantes de promo\u00e7\u00e3o da sa\u00fade mental<\/figcaption><\/figure>\n\n\n\n<p>Em 2022, a RAPS registrou cerca de 89,9 mil atendimentos, com preval\u00eancia dos casos de depress\u00e3o e ansiedade. Em Jundia\u00ed, o servi\u00e7o est\u00e1 organizado a partir de ofertas aos diferentes graus de complexidade, ocorrendo por livre demanda, sem a necessidade de encaminhamento ou agendamento.<br><br>Na Aten\u00e7\u00e3o B\u00e1sica, a oferta de cuidado se d\u00e1 nas 35 UBSs, apoiadas por equipes de N\u00facleo Ampliado de Sa\u00fade da Fam\u00edlia e Aten\u00e7\u00e3o B\u00e1sica (NASF). Na Aten\u00e7\u00e3o Especializada, a cidade conta com quatro Centros de Aten\u00e7\u00e3o Psicossocial (CAPS), sendo dois servi\u00e7os para adultos (CAPS III e CAPS II), um servi\u00e7o para crian\u00e7as e adolescentes (CAPS Infantojuvenil) e um servi\u00e7o para pessoas com necessidades decorrentes do uso de \u00e1lcool e drogas (CAPS AD III). O CAPS III e o CAPS AD III operam com funcionamento 24hs, tendo condi\u00e7\u00f5es de oferecer aos usu\u00e1rios atendidos pelo servi\u00e7o, nos momentos de agravamento do quadro, a hospitalidade integral, ou seja, perman\u00eancia diuturna no servi\u00e7o.<\/p>\n\n\n\n<figure class=\"wp-block-image\"><img decoding=\"async\" src=\"https:\/\/jundiai.sp.gov.br\/noticias\/wp-content\/uploads\/sites\/32\/2023\/01\/atividades-cecco_m_-20-1280x854.jpg\" alt=\"\" class=\"wp-image-308679\" \/><figcaption class=\"wp-element-caption\">O Grupos de Gera\u00e7\u00e3o de Renda integram as atividades oferecidas aos usu\u00e1rios dos CAPS<\/figcaption><\/figure>\n\n\n\n<p>A RAPS conta, ainda, com uma equipe de Consult\u00f3rio na Rua, voltadas aos usu\u00e1rios que se encontram em situa\u00e7\u00e3o de alt\u00edssima vulnerabilidade e que n\u00e3o conseguiriam acessar os servi\u00e7os de sa\u00fade tradicionais. Outros pontos desta rede incluem o Centro de Conviv\u00eancia, Cultura, Trabalho e Gera\u00e7\u00e3o de Renda (CECCO), as Unidades de Acolhimento, os Servi\u00e7os Residenciais Terap\u00eauticos e a enfermaria de retaguarda de Sa\u00fade Mental no Hospital S\u00e3o Vicente de Paulo.<br><br>\u201cO nosso cuidado tamb\u00e9m vai al\u00e9m do atendimento em sa\u00fade, propriamente dito. As pr\u00e1ticas integrativas e complementares em sa\u00fade (PICS) \u2013 como a auriculoterapia, pr\u00e1ticas meditativas, fitoterapia, relaxamento guiado, hortaterapia, atividades de conviv\u00eancia, atividades f\u00edsicas, a\u00e7\u00f5es de gera\u00e7\u00e3o de trabalho e renda \u2013 representam importantes ferramentas de promo\u00e7\u00e3o da sa\u00fade mental. Para participar, basta procurar os equipamentos de sa\u00fade para acolhimento e redirecionamento ao atendimento mais adequado\u201d, acrescenta Adriana.<\/p>\n\n\n\n<p><strong><em>(Fonte\/imagem: Prefeitura de Jundia\u00ed)<\/em><\/strong><\/p>\n","protected":false},"excerpt":{"rendered":"<p>Com o tema \u201cA vida pede equil\u00edbrio!\u201d, \u00e9 realizada no Pa\u00eds a campanha Janeiro Branco.<\/p>\n","protected":false},"author":27,"featured_media":103425,"comment_status":"closed","ping_status":"0","sticky":false,"template":"","format":"standard","meta":{"footnotes":""},"categories":[8356],"tags":[],"class_list":["post-103424","post","type-post","status-publish","format-standard","has-post-thumbnail","hentry","category-jundiai"],"_links":{"self":[{"href":"https:\/\/tvtecjundiai.com.br\/news\/wp-json\/wp\/v2\/posts\/103424","targetHints":{"allow":["GET"]}}],"collection":[{"href":"https:\/\/tvtecjundiai.com.br\/news\/wp-json\/wp\/v2\/posts"}],"about":[{"href":"https:\/\/tvtecjundiai.com.br\/news\/wp-json\/wp\/v2\/types\/post"}],"author":[{"embeddable":true,"href":"https:\/\/tvtecjundiai.com.br\/news\/wp-json\/wp\/v2\/users\/27"}],"replies":[{"embeddable":true,"href":"https:\/\/tvtecjundiai.com.br\/news\/wp-json\/wp\/v2\/comments?post=103424"}],"version-history":[{"count":1,"href":"https:\/\/tvtecjundiai.com.br\/news\/wp-json\/wp\/v2\/posts\/103424\/revisions"}],"predecessor-version":[{"id":103426,"href":"https:\/\/tvtecjundiai.com.br\/news\/wp-json\/wp\/v2\/posts\/103424\/revisions\/103426"}],"wp:featuredmedia":[{"embeddable":true,"href":"https:\/\/tvtecjundiai.com.br\/news\/wp-json\/wp\/v2\/media\/103425"}],"wp:attachment":[{"href":"https:\/\/tvtecjundiai.com.br\/news\/wp-json\/wp\/v2\/media?parent=103424"}],"wp:term":[{"taxonomy":"category","embeddable":true,"href":"https:\/\/tvtecjundiai.com.br\/news\/wp-json\/wp\/v2\/categories?post=103424"},{"taxonomy":"post_tag","embeddable":true,"href":"https:\/\/tvtecjundiai.com.br\/news\/wp-json\/wp\/v2\/tags?post=103424"}],"curies":[{"name":"wp","href":"https:\/\/api.w.org\/{rel}","templated":true}]}}