{"id":103433,"date":"2023-01-04T17:20:31","date_gmt":"2023-01-04T20:20:31","guid":{"rendered":"https:\/\/tvtecjundiai.com.br\/news\/?p=103433"},"modified":"2023-01-04T17:20:37","modified_gmt":"2023-01-04T20:20:37","slug":"janeiro-tem-programacao-gratuita-de-ferias-na-cultura","status":"publish","type":"post","link":"https:\/\/tvtecjundiai.com.br\/news\/2023\/01\/04\/janeiro-tem-programacao-gratuita-de-ferias-na-cultura\/","title":{"rendered":"Janeiro tem programa\u00e7\u00e3o gratuita de \u2018F\u00e9rias na Cultura\u2019"},"content":{"rendered":"\n<p>Com a conta\u00e7\u00e3o de hist\u00f3ria \u201cUm quarto de hist\u00f3rias: Contos do mundo\u201d, com a Cia. Giro no Biombo, a Unidade de Gest\u00e3o de Cultura (UGC) deu in\u00edcio na tarde dessa ter\u00e7a-feira (03) \u00e0 programa\u00e7\u00e3o de \u201cF\u00e9rias na Cultura\u201d. Como parte do programa municipal Cidade das Crian\u00e7as, a programa\u00e7\u00e3o come\u00e7ou pela Pracinha da Cultura do Vista Alegre (CEU das Artes), mas ir\u00e1 contar com atra\u00e7\u00f5es em diversos equipamentos culturais at\u00e9 o fim do m\u00eas.<\/p>\n\n\n\n<p><a href=\"https:\/\/www.flickr.com\/photos\/prefeituradejundiai\/albums\/72177720304983334\" target=\"_blank\" rel=\"noreferrer noopener\">CONFIRA AS FOTOS<\/a><\/p>\n\n\n\n<p>\u201cContos do Mundo\u201d trouxe as aventuras de Belinha, Duda, T\u00e9o e Edu dentro de um quarto cheio de objetos m\u00e1gicos, durante a explora\u00e7\u00e3o de um mapa do tesouro, a partir do qual surgem lendas, f\u00e1bulas, hist\u00f3rias de pescadores e brincadeiras musicadas de tradi\u00e7\u00f5es de cada um dos continentes da Terra.<\/p>\n\n\n\n<figure class=\"wp-block-image\"><img decoding=\"async\" src=\"https:\/\/jundiai.sp.gov.br\/noticias\/wp-content\/uploads\/sites\/32\/2023\/01\/ferias-na-cultura-pracinha-da-cultura-do-vista-alegre-cia-giro-no-biombo_fm_-5-1280x854.jpg\" alt=\"\" class=\"wp-image-308726\" \/><figcaption class=\"wp-element-caption\">Cia. Giro no Biombo volta com diferentes vers\u00f5es de \u201cUm quarto de hist\u00f3rias\u201d no Vista Alegre ao longo da programa\u00e7\u00e3o<\/figcaption><\/figure>\n\n\n\n<p>\u201cAl\u00e9m da oferta de atra\u00e7\u00f5es art\u00edsticas de qualidade para a crian\u00e7ada, esta programa\u00e7\u00e3o de f\u00e9rias tem como objetivo fomentar o trabalho dos trabalhadores de Cultura do Munic\u00edpio e permitir que os cuidadores das crian\u00e7as tamb\u00e9m conhe\u00e7am ainda mais os equipamentos culturais e sintam-se pertencentes a eles, prestigiando cada vez mais as nossas programa\u00e7\u00f5es\u201d, comentou o diretor de Cultura, Jo\u00e3o Carlos De Luca.<\/p>\n\n\n\n<p>A Jhenifer Aleixo veio de Jarinu com o filho Henry, de dois anos e meio, e alguns vizinhos, para prestigiar a atra\u00e7\u00e3o de estreia. \u201cEu procurei no site da Cultura de Jundia\u00ed se havia programa\u00e7\u00e3o para crian\u00e7as, pois na minha cidade n\u00e3o encontrei nada. Gostei bastante do espa\u00e7o e da proposta, pois o Henry quer ouvir hist\u00f3ria todo dia, toda hora\u201d, brinca a aut\u00f4noma, que pretende voltar para participar de mais atra\u00e7\u00f5es e conhecer a F\u00e1brica das Inf\u00e2ncias Japy.<\/p>\n\n\n\n<p>J\u00e1 a frequentadora ass\u00eddua da Pracinha Lohanny Silva, de nove anos, tamb\u00e9m aproveitou para prestigiar e interagir com a atra\u00e7\u00e3o. \u201cEsta \u00e9 primeira vez que vejo este grupo se apresentar e gostei demais, pois gosto muito de ler e ouvir hist\u00f3rias\u201d, comentou a pequena moradora do bairro e que frequenta o local, onde j\u00e1 fez oficina de maracatu e empr\u00e9stimo de livros da Biblioteca.<\/p>\n\n\n\n<figure class=\"wp-block-image\"><img decoding=\"async\" src=\"https:\/\/jundiai.sp.gov.br\/noticias\/wp-content\/uploads\/sites\/32\/2023\/01\/ferias-na-cultura-pracinha-da-cultura-do-vista-alegre-cia-giro-no-biombo_fm_-56-1280x854.jpg\" alt=\"\" class=\"wp-image-308727\" \/><figcaption class=\"wp-element-caption\">Jhenifer e o pequeno Henry vieram de Jarinu para prestigiar a atra\u00e7\u00e3o<\/figcaption><\/figure>\n\n\n\n<p>A programa\u00e7\u00e3o de \u201cF\u00e9rias na Cultura\u201d segue at\u00e9 o dia 31 deste m\u00eas, na Biblioteca Professor Nelson Foot (Complexo Argos), F\u00e1brica das Inf\u00e2ncias Japy e Teatro Polytheama. As atra\u00e7\u00f5es diversas \u2013 conta\u00e7\u00f5es de hist\u00f3rias, oficinas, apresenta\u00e7\u00f5es teatrais e brincadeiras em geral \u2013 s\u00e3o voltadas para o p\u00fablico em geral, com atra\u00e7\u00f5es principalmente para crian\u00e7as de zero a doze anos.<\/p>\n\n\n\n<p>Com exce\u00e7\u00e3o de algumas oficinas e das edi\u00e7\u00f5es de L\u00ea no Ninho, que possuem formul\u00e1rio de inscri\u00e7\u00f5es, para a maioria das atividades a participa\u00e7\u00e3o \u00e9 por ordem de chegada. J\u00e1 para os espet\u00e1culos no Teatro Polytheama, os ingressos gratuitos poder\u00e3o ser retirados a partir das 10h30 da manh\u00e3 do dia anterior a cada apresenta\u00e7\u00e3o, na bilheteria f\u00edsica e pela&nbsp;<a href=\"https:\/\/www.sympla.com.br\/eventos?s=polytheama&amp;tab=eventos&amp;ordem=date\" target=\"_blank\" rel=\"noreferrer noopener\">plataforma Sympla<\/a>.<\/p>\n\n\n\n<p><a href=\"https:\/\/cultura.jundiai.sp.gov.br\/eventos\/tag\/ferias-na-cultura-2023\/\" target=\"_blank\" rel=\"noreferrer noopener\">Todos os detalhes da programa\u00e7\u00e3o podem ser conferidos no site da Cultura<\/a>.<\/p>\n\n\n\n<figure class=\"wp-block-image\"><img decoding=\"async\" src=\"https:\/\/jundiai.sp.gov.br\/noticias\/wp-content\/uploads\/sites\/32\/2023\/01\/ferias-na-cultura-pracinha-da-cultura-do-vista-alegre-cia-giro-no-biombo_fm_-94-1280x854.jpg\" alt=\"\" class=\"wp-image-308728\" \/><figcaption class=\"wp-element-caption\">Lohanny ficou at\u00e9 o final da apresenta\u00e7\u00e3o para poder tirar foto com o divertido elenco<\/figcaption><\/figure>\n\n\n\n<p><strong><em>(Fonte\/Imagem: Prefeitura de Jundia\u00ed\/Divulga\u00e7\u00e3o)<\/em><\/strong><\/p>\n","protected":false},"excerpt":{"rendered":"<p>Cia. Giro no Biombo volta com diferentes vers\u00f5es de \u201cUm quarto de hist\u00f3rias\u201d no Vista Alegre ao longo da programa\u00e7\u00e3o.<\/p>\n","protected":false},"author":27,"featured_media":103434,"comment_status":"closed","ping_status":"0","sticky":false,"template":"","format":"standard","meta":{"footnotes":""},"categories":[2833,8356],"tags":[],"class_list":["post-103433","post","type-post","status-publish","format-standard","has-post-thumbnail","hentry","category-cultura","category-jundiai"],"_links":{"self":[{"href":"https:\/\/tvtecjundiai.com.br\/news\/wp-json\/wp\/v2\/posts\/103433","targetHints":{"allow":["GET"]}}],"collection":[{"href":"https:\/\/tvtecjundiai.com.br\/news\/wp-json\/wp\/v2\/posts"}],"about":[{"href":"https:\/\/tvtecjundiai.com.br\/news\/wp-json\/wp\/v2\/types\/post"}],"author":[{"embeddable":true,"href":"https:\/\/tvtecjundiai.com.br\/news\/wp-json\/wp\/v2\/users\/27"}],"replies":[{"embeddable":true,"href":"https:\/\/tvtecjundiai.com.br\/news\/wp-json\/wp\/v2\/comments?post=103433"}],"version-history":[{"count":1,"href":"https:\/\/tvtecjundiai.com.br\/news\/wp-json\/wp\/v2\/posts\/103433\/revisions"}],"predecessor-version":[{"id":103435,"href":"https:\/\/tvtecjundiai.com.br\/news\/wp-json\/wp\/v2\/posts\/103433\/revisions\/103435"}],"wp:featuredmedia":[{"embeddable":true,"href":"https:\/\/tvtecjundiai.com.br\/news\/wp-json\/wp\/v2\/media\/103434"}],"wp:attachment":[{"href":"https:\/\/tvtecjundiai.com.br\/news\/wp-json\/wp\/v2\/media?parent=103433"}],"wp:term":[{"taxonomy":"category","embeddable":true,"href":"https:\/\/tvtecjundiai.com.br\/news\/wp-json\/wp\/v2\/categories?post=103433"},{"taxonomy":"post_tag","embeddable":true,"href":"https:\/\/tvtecjundiai.com.br\/news\/wp-json\/wp\/v2\/tags?post=103433"}],"curies":[{"name":"wp","href":"https:\/\/api.w.org\/{rel}","templated":true}]}}