{"id":103488,"date":"2023-01-06T10:23:21","date_gmt":"2023-01-06T13:23:21","guid":{"rendered":"https:\/\/tvtecjundiai.com.br\/news\/?p=103488"},"modified":"2023-01-06T10:23:27","modified_gmt":"2023-01-06T13:23:27","slug":"acervo-em-braille-da-biblioteca-garante-acesso-a-leitura-a-pessoas-com-deficiencia","status":"publish","type":"post","link":"https:\/\/tvtecjundiai.com.br\/news\/2023\/01\/06\/acervo-em-braille-da-biblioteca-garante-acesso-a-leitura-a-pessoas-com-deficiencia\/","title":{"rendered":"Acervo em Braille da Biblioteca garante acesso \u00e0 leitura a pessoas com defici\u00eancia"},"content":{"rendered":"\n<p>Como parte de seu acervo de fomento \u00e0 leitura, a Biblioteca Municipal Professor Nelson Foot tamb\u00e9m conta com itens voltados aos s\u00f3cios com defici\u00eancia visual. O acervo \u00e9 composto por 1500 itens, dos quais 1200 s\u00e3o volumes de livros em Braille \u2013 sistema de escrita por meio de caracteres em relevo sobre a p\u00e1gina para compreens\u00e3o atrav\u00e9s do tato \u2013 e outros 300 s\u00e3o CDs de livros narrados.<\/p>\n\n\n\n<p>O acervo traz t\u00edtulos diversos, de cl\u00e1ssicos infantis at\u00e9 autores modernos, grandes nomes da Literatura Brasileira (como Carlos Drummond de Andrade, Graciliano Ramos e Clarice Lispector), leituras segmentadas (como Culin\u00e1ria e M\u00fasica), al\u00e9m de livros mais lidos na atualidade e exemplares de um especial da Turma da M\u00f4nica com a personagem Dorinha, inspirada na educadora Dorina Nowill. Todo o acervo em Braille, inclusive, \u00e9 uma doa\u00e7\u00e3o da Funda\u00e7\u00e3o Dorina Nowill para Cegos, viabilizados atrav\u00e9s de lei de incentivo.<\/p>\n\n\n\n<p>Um dos s\u00f3cios que utilizam este acervo \u00e9 o C\u00e1ssio Vicente da Silva, de 37 anos, e que h\u00e1 sete frequenta a Biblioteca. \u201cQuis me alfabetizar em Braille para conhecer melhor o mundo e, tamb\u00e9m por isso, passei a frequentar a Biblioteca, onde encontro qualidade no acervo e muita simpatia em sua equipe, inclusive para obter informa\u00e7\u00f5es sobre a programa\u00e7\u00e3o cultural\u201d, comentou C\u00e1ssio.<\/p>\n\n\n\n<figure class=\"wp-block-image\"><img decoding=\"async\" src=\"https:\/\/jundiai.sp.gov.br\/noticias\/wp-content\/uploads\/sites\/32\/2023\/01\/biblioteca-municipal-cassio-vicente-da-silva-acervo-e-m-braille_fm_-11-1280x854.jpg\" alt=\"\" class=\"wp-image-308807\" \/><figcaption class=\"wp-element-caption\">C\u00e1ssio frequenta a Biblioteca h\u00e1 sete anos<\/figcaption><\/figure>\n\n\n\n<p>Sua \u00faltima leitura foi \u201cHorizontes sem limites\u201d, de Benedito Leal, que fala das dificuldades de inclus\u00e3o a partir das perspectivas de um deficiente visual como ele e de um cadeirante. Mas ele tamb\u00e9m leu, recentemente, a cole\u00e7\u00e3o especial da Turma da M\u00f4nica. \u201c\u00c9 muito interessante, pois \u00e9 uma viagem pelas lendas das diversas regi\u00f5es do Brasil\u201d.<\/p>\n\n\n\n<p>O gestor de Cultura, Marcelo Peroni, refor\u00e7ou a import\u00e2ncia do acervo e o convite para que as pessoas com defici\u00eancia ocupem a biblioteca. \u201c\u00c9 uma tend\u00eancia mundial que as bibliotecas se tornem, a partir do acesso \u00e0 leitura, em espa\u00e7os de conviv\u00eancia e com programa\u00e7\u00e3o cultural. Este acervo inclusivo se presta tamb\u00e9m a isso, para atrair as pessoas com defici\u00eancia e que elas passem a frequentar e prestigiar as atra\u00e7\u00f5es programadas\u201d.<\/p>\n\n\n\n<p><strong>Empr\u00e9stimo<\/strong><br>Diferentemente do acervo geral, o limite de at\u00e9 quatro livros por empr\u00e9stimo n\u00e3o \u00e9 v\u00e1lido para o acervo em Braille, uma vez que uma mesma obra nesse sistema de escrita pode se estender a mais de um item. O livro da saga Harry Potter \u201cA Ordem da F\u00eanix, por exemplo, possui 21 volumes.<\/p>\n\n\n\n<p>A Biblioteca Municipal fica na avenida Dr. Cavalcanti, 396 \u2013 Complexo Argos e fica aberta de segunda a sexta-feira, das 9h \u00e0s 21h; e aos s\u00e1bados das 9h \u00e0s 13h. Mais informa\u00e7\u00f5es pelo telefone 4527-2110.<\/p>\n\n\n\n<p><strong><em>(Fonte\/Imagem: Prefeitura de Jundia\u00ed)<\/em><\/strong><\/p>\n","protected":false},"excerpt":{"rendered":"<p>O acervo \u00e9 composto por 1500 itens, dos quais 1200 s\u00e3o volumes de livros em Braille e outros 300 s\u00e3o CDs de livros narrados.<\/p>\n","protected":false},"author":27,"featured_media":103489,"comment_status":"closed","ping_status":"0","sticky":false,"template":"","format":"standard","meta":{"footnotes":""},"categories":[2833,5706,8356],"tags":[],"class_list":["post-103488","post","type-post","status-publish","format-standard","has-post-thumbnail","hentry","category-cultura","category-inclusao","category-jundiai"],"_links":{"self":[{"href":"https:\/\/tvtecjundiai.com.br\/news\/wp-json\/wp\/v2\/posts\/103488","targetHints":{"allow":["GET"]}}],"collection":[{"href":"https:\/\/tvtecjundiai.com.br\/news\/wp-json\/wp\/v2\/posts"}],"about":[{"href":"https:\/\/tvtecjundiai.com.br\/news\/wp-json\/wp\/v2\/types\/post"}],"author":[{"embeddable":true,"href":"https:\/\/tvtecjundiai.com.br\/news\/wp-json\/wp\/v2\/users\/27"}],"replies":[{"embeddable":true,"href":"https:\/\/tvtecjundiai.com.br\/news\/wp-json\/wp\/v2\/comments?post=103488"}],"version-history":[{"count":1,"href":"https:\/\/tvtecjundiai.com.br\/news\/wp-json\/wp\/v2\/posts\/103488\/revisions"}],"predecessor-version":[{"id":103490,"href":"https:\/\/tvtecjundiai.com.br\/news\/wp-json\/wp\/v2\/posts\/103488\/revisions\/103490"}],"wp:featuredmedia":[{"embeddable":true,"href":"https:\/\/tvtecjundiai.com.br\/news\/wp-json\/wp\/v2\/media\/103489"}],"wp:attachment":[{"href":"https:\/\/tvtecjundiai.com.br\/news\/wp-json\/wp\/v2\/media?parent=103488"}],"wp:term":[{"taxonomy":"category","embeddable":true,"href":"https:\/\/tvtecjundiai.com.br\/news\/wp-json\/wp\/v2\/categories?post=103488"},{"taxonomy":"post_tag","embeddable":true,"href":"https:\/\/tvtecjundiai.com.br\/news\/wp-json\/wp\/v2\/tags?post=103488"}],"curies":[{"name":"wp","href":"https:\/\/api.w.org\/{rel}","templated":true}]}}