{"id":103494,"date":"2023-01-06T14:04:26","date_gmt":"2023-01-06T17:04:26","guid":{"rendered":"https:\/\/tvtecjundiai.com.br\/news\/?p=103494"},"modified":"2023-01-06T14:04:31","modified_gmt":"2023-01-06T17:04:31","slug":"coleta-seletiva-recolhe-mais-de-cinco-toneladas-de-reciclaveis-em-2022","status":"publish","type":"post","link":"https:\/\/tvtecjundiai.com.br\/news\/2023\/01\/06\/coleta-seletiva-recolhe-mais-de-cinco-toneladas-de-reciclaveis-em-2022\/","title":{"rendered":"Coleta seletiva recolhe mais de cinco toneladas de recicl\u00e1veis em 2022"},"content":{"rendered":"\n<p>A Prefeitura de Jundia\u00ed, por meio da Unidade de Gest\u00e3o de Infraestrutura e Servi\u00e7os P\u00fablicos (UGISP), coletou 5,2 toneladas de materiais recicl\u00e1veis apenas em 2022. O m\u00eas de fevereiro representou a maior fatia do montante, com aproximadamente 620 kg. \u201cTodos os anos alcan\u00e7amos bons n\u00fameros na coleta seletiva. Isso mostra que a popula\u00e7\u00e3o est\u00e1 cada vez mais preocupada com o tema e a Prefeitura tem oferecido condi\u00e7\u00f5es para conscientizar e fomentar a pr\u00e1tica\u201d, avalia o Diretor do Departamento de Limpeza da UGISP, M\u00e1rcio Moraes.<\/p>\n\n\n\n<p>Todo o material recolhido nos bairros \u00e9 encaminhado ao Centro de Gerenciamento de Res\u00edduos S\u00f3lidos (Geresol) para separa\u00e7\u00e3o e destina\u00e7\u00e3o adequada. Os tr\u00eas tipos principais de materiais recolhidos s\u00e3o os pl\u00e1sticos, papel\u00e3o e vidro. Ap\u00f3s a separa\u00e7\u00e3o no Geresol, o material \u00e9 vendido e o dinheiro obtido \u00e9 utilizado nas a\u00e7\u00f5es educativas e de preserva\u00e7\u00e3o do meio ambiente, como compra de novas lixeiras e novos projetos e campanhas de conscientiza\u00e7\u00e3o.<\/p>\n\n\n\n<figure class=\"wp-block-image\"><img decoding=\"async\" src=\"https:\/\/jundiai.sp.gov.br\/noticias\/wp-content\/uploads\/sites\/32\/2023\/01\/geresol_c_-27-1280x853.jpg\" alt=\"\" class=\"wp-image-308862\" \/><figcaption class=\"wp-element-caption\">Material recolhido \u00e9 encaminhado ao Geresol para separa\u00e7\u00e3o e destina\u00e7\u00e3o adequada<\/figcaption><\/figure>\n\n\n\n<p>As campanhas de conscientiza\u00e7\u00e3o fazem parte de uma s\u00e9rie de iniciativas de est\u00edmulo \u00e0 reciclagem aplicadas desde o in\u00edcio da gest\u00e3o, como o aumento na oferta de ecopontos distribu\u00eddos pela cidade, cria\u00e7\u00e3o do projeto Guardi\u00f5es da Natureza \u2013 em parceria com a Unidade de Gest\u00e3o de Educa\u00e7\u00e3o, visitas de crian\u00e7as no Geresol, al\u00e9m de a\u00e7\u00f5es educativas realizadas diretamente nos bairros.<\/p>\n\n\n\n<p><strong>Coleta<br><\/strong>A coleta seletiva \u00e9 realizada em toda a cidade. O caminh\u00e3o da empresa contratada para o servi\u00e7o passa em cada bairro duas vezes por semana, em hor\u00e1rios que dependem da regi\u00e3o. Para consultar os dias e hor\u00e1rios que a coleta seletiva passa em seu bairro,\u00a0<a rel=\"noreferrer noopener\" href=\"https:\/\/jundiai.sp.gov.br\/infraestrutura-e-servicos-publicos\/limpeza-publica\/coleta-organica-seletiva-e-cata-treco\/\" target=\"_blank\">clique aqui<\/a>\u00a0e digite o CEP da sua rua.<\/p>\n\n\n\n<p><strong><em>(Fonte\/Imagem: Prefeitura de Jundia\u00ed)<\/em><\/strong><\/p>\n","protected":false},"excerpt":{"rendered":"<p>Material recolhido \u00e9 encaminhado ao Geresol para separa\u00e7\u00e3o e destina\u00e7\u00e3o adequada<\/p>\n","protected":false},"author":27,"featured_media":103495,"comment_status":"closed","ping_status":"0","sticky":false,"template":"","format":"standard","meta":{"footnotes":""},"categories":[8356],"tags":[],"class_list":["post-103494","post","type-post","status-publish","format-standard","has-post-thumbnail","hentry","category-jundiai"],"_links":{"self":[{"href":"https:\/\/tvtecjundiai.com.br\/news\/wp-json\/wp\/v2\/posts\/103494","targetHints":{"allow":["GET"]}}],"collection":[{"href":"https:\/\/tvtecjundiai.com.br\/news\/wp-json\/wp\/v2\/posts"}],"about":[{"href":"https:\/\/tvtecjundiai.com.br\/news\/wp-json\/wp\/v2\/types\/post"}],"author":[{"embeddable":true,"href":"https:\/\/tvtecjundiai.com.br\/news\/wp-json\/wp\/v2\/users\/27"}],"replies":[{"embeddable":true,"href":"https:\/\/tvtecjundiai.com.br\/news\/wp-json\/wp\/v2\/comments?post=103494"}],"version-history":[{"count":1,"href":"https:\/\/tvtecjundiai.com.br\/news\/wp-json\/wp\/v2\/posts\/103494\/revisions"}],"predecessor-version":[{"id":103496,"href":"https:\/\/tvtecjundiai.com.br\/news\/wp-json\/wp\/v2\/posts\/103494\/revisions\/103496"}],"wp:featuredmedia":[{"embeddable":true,"href":"https:\/\/tvtecjundiai.com.br\/news\/wp-json\/wp\/v2\/media\/103495"}],"wp:attachment":[{"href":"https:\/\/tvtecjundiai.com.br\/news\/wp-json\/wp\/v2\/media?parent=103494"}],"wp:term":[{"taxonomy":"category","embeddable":true,"href":"https:\/\/tvtecjundiai.com.br\/news\/wp-json\/wp\/v2\/categories?post=103494"},{"taxonomy":"post_tag","embeddable":true,"href":"https:\/\/tvtecjundiai.com.br\/news\/wp-json\/wp\/v2\/tags?post=103494"}],"curies":[{"name":"wp","href":"https:\/\/api.w.org\/{rel}","templated":true}]}}