{"id":103497,"date":"2023-01-06T16:22:55","date_gmt":"2023-01-06T19:22:55","guid":{"rendered":"https:\/\/tvtecjundiai.com.br\/news\/?p=103497"},"modified":"2023-01-06T16:23:00","modified_gmt":"2023-01-06T19:23:00","slug":"novo-arco-cirurgico-compoe-parque-tecnologico-do-hospital-sao-vicente","status":"publish","type":"post","link":"https:\/\/tvtecjundiai.com.br\/news\/2023\/01\/06\/novo-arco-cirurgico-compoe-parque-tecnologico-do-hospital-sao-vicente\/","title":{"rendered":"<strong>Novo Arco Cir\u00fargico comp\u00f5e parque tecnol\u00f3gico do Hospital S\u00e3o Vicente<\/strong>"},"content":{"rendered":"\n<p>O Hospital de Caridade S\u00e3o Vicente de Paulo (HSV) come\u00e7ou o ano com investimentos em tecnologia e modernidade. Na manh\u00e3 desta quinta-feira (5), um novo Arco Cir\u00fargico foi adquirido pelo hospital. O equipamento soma aos outros tr\u00eas aparelhos j\u00e1 dispon\u00edveis na institui\u00e7\u00e3o. Utilizados em procedimentos m\u00e9dicos de diversas especialidades, o Arco Cir\u00fargico \u00e9 respons\u00e1vel por captar imagens digitais, promovendo uma visualiza\u00e7\u00e3o clara e em tempo real das estruturas de \u00f3rg\u00e3os internos dos pacientes durante a abordagem dos profissionais. Obtido por meio de verba do Sistema de Gest\u00e3o de Conv\u00eanios e Contratos de Repasse (SICONV), viabilizado por uma emenda parlamentar, o investimento foi da ordem de R$ 300.500,00.<\/p>\n\n\n\n<p>O equipamento da marca SIEMENS torna o procedimento mais seguro e minimamente invasivo. \u201cApesar de j\u00e1 existirem no hospital equipamentos do g\u00eanero com alt\u00edssima tecnologia, este novo arco cir\u00fargico apresenta um importante avan\u00e7o, por ser o primeiro a poder agregar \u00e0s cirurgias vasculares, al\u00e9m das demais especialidades, como ortopedia, neurologia e cirurgias no geral. Isso amplia a qualidade da assist\u00eancia, eleva nossos n\u00edveis de moderniza\u00e7\u00e3o e gera maior seguran\u00e7a para o atendimento aos pacientes, que est\u00e3o sempre no centro do cuidado\u201d, ressalta o superintendente, Matheus Gomes.<\/p>\n\n\n\n<figure class=\"wp-block-image size-large\"><img loading=\"lazy\" decoding=\"async\" width=\"1200\" height=\"677\" src=\"https:\/\/tvtecjundiai.com.br\/news\/wp-content\/uploads\/sites\/2\/2023\/01\/Arco-Cirurgico-compoe-parque-tecnologico-do-HSV-1200x677.jpg\" alt=\"\" class=\"wp-image-103498\" srcset=\"https:\/\/tvtecjundiai.com.br\/news\/wp-content\/uploads\/sites\/2\/2023\/01\/Arco-Cirurgico-compoe-parque-tecnologico-do-HSV-1200x677.jpg 1200w, https:\/\/tvtecjundiai.com.br\/news\/wp-content\/uploads\/sites\/2\/2023\/01\/Arco-Cirurgico-compoe-parque-tecnologico-do-HSV-300x169.jpg 300w, https:\/\/tvtecjundiai.com.br\/news\/wp-content\/uploads\/sites\/2\/2023\/01\/Arco-Cirurgico-compoe-parque-tecnologico-do-HSV-768x433.jpg 768w, https:\/\/tvtecjundiai.com.br\/news\/wp-content\/uploads\/sites\/2\/2023\/01\/Arco-Cirurgico-compoe-parque-tecnologico-do-HSV.jpg 1280w\" sizes=\"auto, (max-width: 1200px) 100vw, 1200px\" \/><\/figure>\n\n\n\n<p>Com maior pot\u00eancia, imagens mais precisas projetadas em um monitor de 9 polegadas, \u00e9 poss\u00edvel conectar o aparelho \u00e0 rede do HSV, sendo esta uma novidade que facilita os procedimentos no campo cir\u00fargico. Outra nova fun\u00e7\u00e3o \u00e9 a possibilidade de utiliza\u00e7\u00e3o do recurso em cirurgia vascular perif\u00e9rica, destinada ao tratamento das les\u00f5es obstrutivas nos vasos extracard\u00edacos que irrigam os diversos \u00f3rg\u00e3os do organismo. \u201cEste \u00e9 um avan\u00e7o significativo para o corpo cl\u00ednico e equipes assistenciais. A tecnologia \u00e9 uma aliada da \u00e1rea da sa\u00fade e n\u00f3s contamos com esses recursos para manter a excel\u00eancia do servi\u00e7o prestado pelo HSV. Estou muito feliz com esse investimento\u201d, completa a cirurgi\u00e3 geral, Tatiana Ricetto Canavezzi.<\/p>\n\n\n\n<p>Al\u00e9m do superintendente e da m\u00e9dica cirurgi\u00e3, o equipamento tamb\u00e9m foi recebido pelo engenheiro cl\u00ednico, Alcir Giorgiani e pelo assessor da superintend\u00eancia, Alexandre Mezei. O treinamento com as equipes para operar o equipamento est\u00e1 programado para a pr\u00f3xima semana e ser\u00e1 ministrado para profissionais de enfermagem, m\u00e9dicos e radiologistas de centro cir\u00fargico.<\/p>\n\n\n\n<p><strong><em>(Fonte\/Imagem: Assessoria Hospital S\u00e3o Vicente)<\/em><\/strong><\/p>\n","protected":false},"excerpt":{"rendered":"<p>O equipamento da marca SIEMENS torna o procedimento mais seguro e minimamente invasivo.<\/p>\n","protected":false},"author":27,"featured_media":103499,"comment_status":"closed","ping_status":"0","sticky":false,"template":"","format":"standard","meta":{"footnotes":""},"categories":[8356,2839],"tags":[],"class_list":["post-103497","post","type-post","status-publish","format-standard","has-post-thumbnail","hentry","category-jundiai","category-saude"],"_links":{"self":[{"href":"https:\/\/tvtecjundiai.com.br\/news\/wp-json\/wp\/v2\/posts\/103497","targetHints":{"allow":["GET"]}}],"collection":[{"href":"https:\/\/tvtecjundiai.com.br\/news\/wp-json\/wp\/v2\/posts"}],"about":[{"href":"https:\/\/tvtecjundiai.com.br\/news\/wp-json\/wp\/v2\/types\/post"}],"author":[{"embeddable":true,"href":"https:\/\/tvtecjundiai.com.br\/news\/wp-json\/wp\/v2\/users\/27"}],"replies":[{"embeddable":true,"href":"https:\/\/tvtecjundiai.com.br\/news\/wp-json\/wp\/v2\/comments?post=103497"}],"version-history":[{"count":1,"href":"https:\/\/tvtecjundiai.com.br\/news\/wp-json\/wp\/v2\/posts\/103497\/revisions"}],"predecessor-version":[{"id":103500,"href":"https:\/\/tvtecjundiai.com.br\/news\/wp-json\/wp\/v2\/posts\/103497\/revisions\/103500"}],"wp:featuredmedia":[{"embeddable":true,"href":"https:\/\/tvtecjundiai.com.br\/news\/wp-json\/wp\/v2\/media\/103499"}],"wp:attachment":[{"href":"https:\/\/tvtecjundiai.com.br\/news\/wp-json\/wp\/v2\/media?parent=103497"}],"wp:term":[{"taxonomy":"category","embeddable":true,"href":"https:\/\/tvtecjundiai.com.br\/news\/wp-json\/wp\/v2\/categories?post=103497"},{"taxonomy":"post_tag","embeddable":true,"href":"https:\/\/tvtecjundiai.com.br\/news\/wp-json\/wp\/v2\/tags?post=103497"}],"curies":[{"name":"wp","href":"https:\/\/api.w.org\/{rel}","templated":true}]}}