{"id":103549,"date":"2023-01-09T09:54:57","date_gmt":"2023-01-09T12:54:57","guid":{"rendered":"https:\/\/tvtecjundiai.com.br\/news\/?p=103549"},"modified":"2023-01-09T09:55:04","modified_gmt":"2023-01-09T12:55:04","slug":"usp-firma-parceria-com-instituto-luiz-braille-de-jundiai-para-pesquisa-sobre-audiodescricao","status":"publish","type":"post","link":"https:\/\/tvtecjundiai.com.br\/news\/2023\/01\/09\/usp-firma-parceria-com-instituto-luiz-braille-de-jundiai-para-pesquisa-sobre-audiodescricao\/","title":{"rendered":"USP firma parceria com Instituto Luiz Braille de Jundia\u00ed para pesquisa sobre audiodescri\u00e7\u00e3o"},"content":{"rendered":"\n<p>Institutos da Universidade de S\u00e3o Paulo (USP) firmaram uma parceria com o Instituto Luiz Braille, de\u00a0Jundia\u00ed (SP), para o desenvolvimento de um projeto de pesquisa que investigar\u00e1 a capacidade de leitura audiodescrita de pessoas com defici\u00eancia visual cong\u00eanita (que deixaram de enxergar at\u00e9 os cinco anos).<\/p>\n\n\n\n<p>O conv\u00eanio foi assinado no dia 13 de dezembro e o prazo de vig\u00eancia ser\u00e1 de tr\u00eas anos. Al\u00e9m da pesquisa, os acordos buscam estabelecer a coopera\u00e7\u00e3o t\u00e9cnico-cient\u00edfica e o interc\u00e2mbio de informa\u00e7\u00f5es, conhecimentos e experi\u00eancias visando \u00e0 forma\u00e7\u00e3o e especializa\u00e7\u00e3o t\u00e9cnica de recursos humanos.<\/p>\n\n\n\n<figure class=\"wp-block-image size-full\"><img loading=\"lazy\" decoding=\"async\" width=\"800\" height=\"450\" src=\"https:\/\/tvtecjundiai.com.br\/news\/wp-content\/uploads\/sites\/2\/2023\/01\/foto-334.png\" alt=\"\" class=\"wp-image-103550\" srcset=\"https:\/\/tvtecjundiai.com.br\/news\/wp-content\/uploads\/sites\/2\/2023\/01\/foto-334.png 800w, https:\/\/tvtecjundiai.com.br\/news\/wp-content\/uploads\/sites\/2\/2023\/01\/foto-334-300x169.png 300w, https:\/\/tvtecjundiai.com.br\/news\/wp-content\/uploads\/sites\/2\/2023\/01\/foto-334-768x432.png 768w\" sizes=\"auto, (max-width: 800px) 100vw, 800px\" \/><\/figure>\n\n\n\n<p>De acordo com a Universidade, o projeto foi financiado pelo Conselho Nacional de Desenvolvimento Cient\u00edfico e Tecnol\u00f3gico (CNPq) e ser\u00e1 feito pela Faculdade de Filosofia, Letras e Ci\u00eancias Humanas (FFLCH), para investigar os efeitos do texto audiodescrito (leitura secundada) na regi\u00e3o occipital ventral do c\u00e9rebro de pessoas que tenham a defici\u00eancia.<\/p>\n\n\n\n<p>Al\u00e9m do FFLCH, h\u00e1 outros institutos da USP parceiros do projeto como o Instituto de F\u00edsica, pelo Laborat\u00f3rio de Resson\u00e2ncia Magn\u00e9tica; Instituto de Psicologia, na \u00e1rea de Psicologia do Desenvolvimento e o Hospital das Cl\u00ednicas da Faculdade de Medicina da USP, pelo Departamento de Radiologia e Oncologia do Instituto de Radiologia.<\/p>\n\n\n\n<p>Para o Instituto Jundiaiense Luiz Braille de Assist\u00eancia ao Deficiente da Vis\u00e3o, a coordena\u00e7\u00e3o do acordo ser\u00e1 do diretor-t\u00e9cnico Everton Lima Gondim, que \u00e9 oftalmologista.<\/p>\n\n\n\n<p>A parceria tamb\u00e9m prev\u00ea o desenvolvimento institucional mediante a implementa\u00e7\u00e3o de a\u00e7\u00f5es, pesquisas, cursos, semin\u00e1rios, programas, projetos e atividades complementares de interesse comum entre a faculdade e as institui\u00e7\u00f5es.<\/p>\n\n\n\n<p><strong><em>(Fonte: G1\/ Imagem: Divulga\u00e7\u00e3o\/Instituto Luiz Braille Jundia\u00ed)<\/em><\/strong><\/p>\n","protected":false},"excerpt":{"rendered":"<p>O conv\u00eanio foi assinado no dia 13 de dezembro e o prazo de vig\u00eancia ser\u00e1 de tr\u00eas anos.<\/p>\n","protected":false},"author":27,"featured_media":103551,"comment_status":"closed","ping_status":"0","sticky":false,"template":"","format":"standard","meta":{"footnotes":""},"categories":[8356],"tags":[],"class_list":["post-103549","post","type-post","status-publish","format-standard","has-post-thumbnail","hentry","category-jundiai"],"_links":{"self":[{"href":"https:\/\/tvtecjundiai.com.br\/news\/wp-json\/wp\/v2\/posts\/103549","targetHints":{"allow":["GET"]}}],"collection":[{"href":"https:\/\/tvtecjundiai.com.br\/news\/wp-json\/wp\/v2\/posts"}],"about":[{"href":"https:\/\/tvtecjundiai.com.br\/news\/wp-json\/wp\/v2\/types\/post"}],"author":[{"embeddable":true,"href":"https:\/\/tvtecjundiai.com.br\/news\/wp-json\/wp\/v2\/users\/27"}],"replies":[{"embeddable":true,"href":"https:\/\/tvtecjundiai.com.br\/news\/wp-json\/wp\/v2\/comments?post=103549"}],"version-history":[{"count":1,"href":"https:\/\/tvtecjundiai.com.br\/news\/wp-json\/wp\/v2\/posts\/103549\/revisions"}],"predecessor-version":[{"id":103552,"href":"https:\/\/tvtecjundiai.com.br\/news\/wp-json\/wp\/v2\/posts\/103549\/revisions\/103552"}],"wp:featuredmedia":[{"embeddable":true,"href":"https:\/\/tvtecjundiai.com.br\/news\/wp-json\/wp\/v2\/media\/103551"}],"wp:attachment":[{"href":"https:\/\/tvtecjundiai.com.br\/news\/wp-json\/wp\/v2\/media?parent=103549"}],"wp:term":[{"taxonomy":"category","embeddable":true,"href":"https:\/\/tvtecjundiai.com.br\/news\/wp-json\/wp\/v2\/categories?post=103549"},{"taxonomy":"post_tag","embeddable":true,"href":"https:\/\/tvtecjundiai.com.br\/news\/wp-json\/wp\/v2\/tags?post=103549"}],"curies":[{"name":"wp","href":"https:\/\/api.w.org\/{rel}","templated":true}]}}