{"id":103562,"date":"2023-01-09T16:58:49","date_gmt":"2023-01-09T19:58:49","guid":{"rendered":"https:\/\/tvtecjundiai.com.br\/news\/?p=103562"},"modified":"2023-01-09T17:04:42","modified_gmt":"2023-01-09T20:04:42","slug":"recursos-de-acessibilidade-garantem-ferias-maisinclusivas-no-sesc-jundiai","status":"publish","type":"post","link":"https:\/\/tvtecjundiai.com.br\/news\/2023\/01\/09\/recursos-de-acessibilidade-garantem-ferias-maisinclusivas-no-sesc-jundiai\/","title":{"rendered":"Recursos de acessibilidade garantem f\u00e9rias mais inclusivas no Sesc Jundia\u00ed"},"content":{"rendered":"\n<p>Durante as f\u00e9rias escolares, o Sesc Jundia\u00ed e outras unidades do Sesc S\u00e3o Paulo<br>espalhadas pelo estado se preparam para receber ainda mais p\u00fablico e, para isso, a<br>institui\u00e7\u00e3o vem ampliando a oferta de recursos de acessibilidade em suas a\u00e7\u00f5es.<\/p>\n\n\n\n<p><br>Nos meses de janeiro e fevereiro de 2023, ser\u00e3o oferecidas mais de 60 atividades<br>recreativas, culturais e socioeducativas \u2013 presenciais e on-line \u2013, com recursos de<br>acessibilidade como mobilidade nos espa\u00e7os f\u00edsicos, tradu\u00e7\u00e3o em Libras, legendas<br>em braile, audiodescri\u00e7\u00e3o, maquetes e r\u00e9plicas t\u00e1teis.<\/p>\n\n\n\n<p><br>Entendendo seu papel de oferecer a todas as pessoas a possibilidade de usufruir<br>das experi\u00eancias e dos servi\u00e7os de sua programa\u00e7\u00e3o, as unidades possuem<br>estrutura f\u00edsica equipada com rampas, elevadores, banheiros acess\u00edveis e<br>conte\u00fados em braile. Tamb\u00e9m \u00e9 incentivada a utiliza\u00e7\u00e3o dos espa\u00e7os por pessoas<br>com defici\u00eancia acompanhadas de c\u00e3es-guia e c\u00e3es de servi\u00e7o. A esse cen\u00e1rio,<br>soma-se a acessibilidade atitudinal, com capacita\u00e7\u00e3o das equipes para que estejam<br>cada vez mais preparadas para acolher os mais diversos p\u00fablicos.<\/p>\n\n\n\n<p><br>Como a palavra f\u00e9rias \u00e9 praticamente um sin\u00f4nimo de divers\u00e3o para as crian\u00e7as,<br>n\u00e3o poderiam faltar os espet\u00e1culos infantis, conta\u00e7\u00e3o de hist\u00f3rias, pe\u00e7as e outras<br>atividades, com recursos de acessibilidade.<\/p>\n\n\n\n<figure class=\"wp-block-image size-large\"><img loading=\"lazy\" decoding=\"async\" width=\"1200\" height=\"800\" src=\"https:\/\/tvtecjundiai.com.br\/news\/wp-content\/uploads\/sites\/2\/2023\/01\/sescjundiai_e-mesmo-uma-palhacada_credito-Julio-Leao-1200x800.jpg\" alt=\"\" class=\"wp-image-103563\" srcset=\"https:\/\/tvtecjundiai.com.br\/news\/wp-content\/uploads\/sites\/2\/2023\/01\/sescjundiai_e-mesmo-uma-palhacada_credito-Julio-Leao-1200x800.jpg 1200w, https:\/\/tvtecjundiai.com.br\/news\/wp-content\/uploads\/sites\/2\/2023\/01\/sescjundiai_e-mesmo-uma-palhacada_credito-Julio-Leao-300x200.jpg 300w, https:\/\/tvtecjundiai.com.br\/news\/wp-content\/uploads\/sites\/2\/2023\/01\/sescjundiai_e-mesmo-uma-palhacada_credito-Julio-Leao-768x512.jpg 768w, https:\/\/tvtecjundiai.com.br\/news\/wp-content\/uploads\/sites\/2\/2023\/01\/sescjundiai_e-mesmo-uma-palhacada_credito-Julio-Leao.jpg 1280w\" sizes=\"auto, (max-width: 1200px) 100vw, 1200px\" \/><\/figure>\n\n\n\n<p><\/p>\n\n\n\n<p><strong>PROGRAMA\u00c7\u00c3O DE F\u00c9RIAS ACESS\u00cdVEIS NO SESC JUNDIA\u00cd<\/strong><\/p>\n\n\n\n<ul class=\"wp-block-list\">\n<li>Circo DuNav\u00f4<br>O qu\u00ea: um grande show de variedades onde a Trupe DuNav\u00f4 apresenta suas<br>habilidades de alt\u00edssimo n\u00edvel. Um momento de encontro de palha\u00e7aria em que o<br>objetivo \u00e9 surpreender a plateia pela extrema virtuosidade de seus n\u00fameros ou pela<br>falta de qualquer tipo de habilidade, j\u00e1 que estamos falando de palha\u00e7as e palha\u00e7os.<br>Onde: Sesc Jundia\u00ed<br>Quando: Dia 15\/1, domingo, das 16h \u00e0s 17h<br>Classifica\u00e7\u00e3o: Livre. Ingressos por R$ 7,20 (credencial plena); R$ 24,00 (inteira); e<br>R$ 12,00 (meia entrada).<br>Acessibilidade: Acessibilidade f\u00edsica e int\u00e9rprete de Libras.<\/li>\n\n\n\n<li>Crion\u00e7a \u2013 Conta\u00e7\u00e3o de Hist\u00f3rias<br>O qu\u00ea: inspirada no livro &#8220;As Fabulosas F\u00e1bulas de Iauaret\u00ea&#8221; (Kak\u00e1 Wer\u00e1 Jacup\u00e9),<br>a hist\u00f3ria de Kamaku\u00e3, o jovem que se apaixona por um rei-on\u00e7a, \u00e9 contada pelo<br>grupo \u00eaBA!, por meio de brincadeiras e muita imagina\u00e7\u00e3o, numa proposta bil\u00edngue<br>(em Portugu\u00eas e Libras).<br>Onde: Sesc Jundia\u00ed&nbsp;<br>Quando: 15\/01 (dom., das 11h \u00e0s 12h)<br>Classifica\u00e7\u00e3o: Livre. Entrada gratuita.<br>Acessibilidade: Acessibilidade f\u00edsica e int\u00e9rprete de Libras.<\/li>\n\n\n\n<li>Boi Bumb\u00e1<br>O qu\u00ea: com muita dan\u00e7a, brincadeiras e m\u00fasica, o grupo \u00eaBA! Dessa vez conta a<br>trajet\u00f3ria de Catirina e Francisco, famosos personagens que buscam reviver o<br>Bumba meu Boi. Tudo numa proposta bil\u00edngue (em Portugu\u00eas e Libras), onde tudo<br>deve fazer sentido para aqueles que ouvem e que n\u00e3o ouvem.<br>Onde: Sesc Jundia\u00ed&nbsp;<br>Quando: dia 22, das 11h \u00e0s 12h<br>Classifica\u00e7\u00e3o: Livre. Entrada gratuita.<br>Acessibilidade: Acessibilidade f\u00edsica e int\u00e9rprete de Libras.<\/li>\n\n\n\n<li>\u00c9 Mesmo Uma Palha\u00e7ada<br>O qu\u00ea: o espet\u00e1culo da Trupe Dunav\u00f4 traz a divertida hist\u00f3ria de duas palha\u00e7as e<br>um palha\u00e7o que chegam para se apresentar e s\u00f3 ent\u00e3o descobrem que est\u00e3o no<br>lugar errado. Na tentativa de consertar essa grande confus\u00e3o eles come\u00e7am a<br>disfar\u00e7ar o ocorrido, entretendo as pessoas da plateia com ideias mirabolantes,<br>por\u00e9m muito atrapalhadas.<\/li>\n<\/ul>\n\n\n\n<p>Onde: Sesc Jundia\u00ed<br>Quando: dia 22\/01 (das 16h \u00e0s 17h)<br>Classifica\u00e7\u00e3o: Livre. Ingresso: R$ 24,00 \/ R$ 12,00 \/ R$ 7,20<br>Acessibilidade: Acessibilidade f\u00edsica e int\u00e9rprete de Libras.<\/p>\n\n\n\n<ul class=\"wp-block-list\">\n<li>\u201cEstupendo Circo di S\u00f3Ladies\u201d<br>O qu\u00ea: o Circo di S\u00f3Ladies convida o p\u00fablico de todas as idades para refletir sobre<br>as quest\u00f5es de g\u00eanero de forma l\u00fadica e encantadora, por meio de m\u00fasicas, poesia<br>e contos de fadas, alertando para equidade de g\u00eanero e valorizando a pot\u00eancia do<br>encontro com a diversidade, sempre com muita delicadeza e poesia.<br>Onde: Sesc Jundia\u00ed<br>Quando: dia 29\/01 (das 16h \u00e0s 17h)<br>Classifica\u00e7\u00e3o: Livre. Ingresso: R$ 24,00 \/ R$ 12,00 \/ R$ 7,20<br>Acessibilidade: Acessibilidade f\u00edsica e int\u00e9rprete de Libras.<\/li>\n\n\n\n<li>Conta\u00e7\u00e3o de Hist\u00f3rias \u201cP\u00e9 de sonho\u201d<br>O qu\u00ea: era uma vez uma menina que come\u00e7ou a sentir uma coceirinha na cabe\u00e7a,<br>mas n\u00e3o conseguia descobrir o que era. Afinal, o que ser\u00e1 que est\u00e1 causando essa<br>coceirinha toda? A conta\u00e7\u00e3o de hist\u00f3ria do grupo \u00e9BA! acontece numa proposta<br>bil\u00edngue (em Portugu\u00eas e Libras), com gestos, ritmos corporais, vibra\u00e7\u00f5es e<br>recursos visuais s\u00e3o usados e abusados, para que todos possam participar.<br>Onde: Sesc Jundia\u00ed<br>Quando: dia 29\/01 (das 11h \u00e0s 12h)<br>Classifica\u00e7\u00e3o: Livre. Gratuito<br>Acessibilidade: Acessibilidade f\u00edsica e int\u00e9rprete de Libras.<br>O uso de m\u00e1scaras de prote\u00e7\u00e3o facial \u00e9 obrigat\u00f3rio durante a perman\u00eancia nos<br>espa\u00e7os fechados da unidade.<\/li>\n<\/ul>\n\n\n\n<p><strong><em>(Fonte\/Imagem: Assessoria Sesc Jundia\u00ed)<\/em><\/strong><\/p>\n","protected":false},"excerpt":{"rendered":"<p>Nos meses de janeiro e fevereiro de 2023, ser\u00e3o oferecidas mais de 60 atividades recreativas, culturais e socioeducativas.<\/p>\n","protected":false},"author":27,"featured_media":103564,"comment_status":"closed","ping_status":"0","sticky":false,"template":"","format":"standard","meta":{"footnotes":""},"categories":[8356],"tags":[],"class_list":["post-103562","post","type-post","status-publish","format-standard","has-post-thumbnail","hentry","category-jundiai"],"_links":{"self":[{"href":"https:\/\/tvtecjundiai.com.br\/news\/wp-json\/wp\/v2\/posts\/103562","targetHints":{"allow":["GET"]}}],"collection":[{"href":"https:\/\/tvtecjundiai.com.br\/news\/wp-json\/wp\/v2\/posts"}],"about":[{"href":"https:\/\/tvtecjundiai.com.br\/news\/wp-json\/wp\/v2\/types\/post"}],"author":[{"embeddable":true,"href":"https:\/\/tvtecjundiai.com.br\/news\/wp-json\/wp\/v2\/users\/27"}],"replies":[{"embeddable":true,"href":"https:\/\/tvtecjundiai.com.br\/news\/wp-json\/wp\/v2\/comments?post=103562"}],"version-history":[{"count":2,"href":"https:\/\/tvtecjundiai.com.br\/news\/wp-json\/wp\/v2\/posts\/103562\/revisions"}],"predecessor-version":[{"id":103566,"href":"https:\/\/tvtecjundiai.com.br\/news\/wp-json\/wp\/v2\/posts\/103562\/revisions\/103566"}],"wp:featuredmedia":[{"embeddable":true,"href":"https:\/\/tvtecjundiai.com.br\/news\/wp-json\/wp\/v2\/media\/103564"}],"wp:attachment":[{"href":"https:\/\/tvtecjundiai.com.br\/news\/wp-json\/wp\/v2\/media?parent=103562"}],"wp:term":[{"taxonomy":"category","embeddable":true,"href":"https:\/\/tvtecjundiai.com.br\/news\/wp-json\/wp\/v2\/categories?post=103562"},{"taxonomy":"post_tag","embeddable":true,"href":"https:\/\/tvtecjundiai.com.br\/news\/wp-json\/wp\/v2\/tags?post=103562"}],"curies":[{"name":"wp","href":"https:\/\/api.w.org\/{rel}","templated":true}]}}