{"id":103567,"date":"2023-01-10T09:00:27","date_gmt":"2023-01-10T12:00:27","guid":{"rendered":"https:\/\/tvtecjundiai.com.br\/news\/?p=103567"},"modified":"2023-01-10T09:25:25","modified_gmt":"2023-01-10T12:25:25","slug":"cultura-divulga-vencedores-do-concurso-de-decoracao-natalina-2022","status":"publish","type":"post","link":"https:\/\/tvtecjundiai.com.br\/news\/2023\/01\/10\/cultura-divulga-vencedores-do-concurso-de-decoracao-natalina-2022\/","title":{"rendered":"Cultura divulga vencedores do Concurso de Decora\u00e7\u00e3o Natalina 2022"},"content":{"rendered":"\n<p>A Unidade de Gest\u00e3o de Cultura (UGC) divulgou os vencedores e as classifica\u00e7\u00f5es do concurso de Decora\u00e7\u00e3o Natalina, iniciativa que integrou a programa\u00e7\u00e3o do&nbsp;<a href=\"https:\/\/jundiai.sp.gov.br\/circuitonatalluz\/\" target=\"_blank\" rel=\"noreferrer noopener\">Circuito Natal Luz Jundia\u00ed&nbsp;<\/a>no ano passado, com o intuito de preservar e incentivar a decora\u00e7\u00e3o de im\u00f3veis, pr\u00e1tica tradicional neste per\u00edodo do ano.<\/p>\n\n\n\n<p>A partir da escolha de corpo de jurados, na Categoria Im\u00f3vel Residencial, o primeiro lugar ficou com Jos\u00e9 Roberto de Almeida, o segundo lugar com Maria Apparecida Povoa Arruda e o terceiro lugar com Eder Mantovani.<br><\/p>\n\n\n\n<figure class=\"wp-block-gallery has-nested-images columns-default is-cropped wp-block-gallery-1 is-layout-flex wp-block-gallery-is-layout-flex\">\n<figure class=\"wp-block-image size-large\"><img loading=\"lazy\" decoding=\"async\" width=\"1200\" height=\"800\" data-id=\"103569\" src=\"https:\/\/tvtecjundiai.com.br\/news\/wp-content\/uploads\/sites\/2\/2023\/01\/concurso-decoracao-natalina_c_-14-residencia_proponente_jose_roberto_de_almeida-1200x800.jpg\" alt=\"\" class=\"wp-image-103569\" srcset=\"https:\/\/tvtecjundiai.com.br\/news\/wp-content\/uploads\/sites\/2\/2023\/01\/concurso-decoracao-natalina_c_-14-residencia_proponente_jose_roberto_de_almeida-1200x800.jpg 1200w, https:\/\/tvtecjundiai.com.br\/news\/wp-content\/uploads\/sites\/2\/2023\/01\/concurso-decoracao-natalina_c_-14-residencia_proponente_jose_roberto_de_almeida-300x200.jpg 300w, https:\/\/tvtecjundiai.com.br\/news\/wp-content\/uploads\/sites\/2\/2023\/01\/concurso-decoracao-natalina_c_-14-residencia_proponente_jose_roberto_de_almeida-768x512.jpg 768w, https:\/\/tvtecjundiai.com.br\/news\/wp-content\/uploads\/sites\/2\/2023\/01\/concurso-decoracao-natalina_c_-14-residencia_proponente_jose_roberto_de_almeida.jpg 1280w\" sizes=\"auto, (max-width: 1200px) 100vw, 1200px\" \/><figcaption class=\"wp-element-caption\">1\u00ba lugar: Jos\u00e9 Roberto de Almeida<\/figcaption><\/figure>\n\n\n\n<figure class=\"wp-block-image size-large\"><img loading=\"lazy\" decoding=\"async\" width=\"1200\" height=\"799\" data-id=\"103568\" src=\"https:\/\/tvtecjundiai.com.br\/news\/wp-content\/uploads\/sites\/2\/2023\/01\/concurso-decoracao-natalina_c_-10-residencia_proponente_maria_apparecida_arruda-1200x799.jpg\" alt=\"\" class=\"wp-image-103568\" srcset=\"https:\/\/tvtecjundiai.com.br\/news\/wp-content\/uploads\/sites\/2\/2023\/01\/concurso-decoracao-natalina_c_-10-residencia_proponente_maria_apparecida_arruda-1200x799.jpg 1200w, https:\/\/tvtecjundiai.com.br\/news\/wp-content\/uploads\/sites\/2\/2023\/01\/concurso-decoracao-natalina_c_-10-residencia_proponente_maria_apparecida_arruda-300x200.jpg 300w, https:\/\/tvtecjundiai.com.br\/news\/wp-content\/uploads\/sites\/2\/2023\/01\/concurso-decoracao-natalina_c_-10-residencia_proponente_maria_apparecida_arruda-768x511.jpg 768w, https:\/\/tvtecjundiai.com.br\/news\/wp-content\/uploads\/sites\/2\/2023\/01\/concurso-decoracao-natalina_c_-10-residencia_proponente_maria_apparecida_arruda.jpg 1280w\" sizes=\"auto, (max-width: 1200px) 100vw, 1200px\" \/><figcaption class=\"wp-element-caption\">2\u00ba lugar: Maria Apparecida Povoa Arruda<\/figcaption><\/figure>\n\n\n\n<figure class=\"wp-block-image size-large\"><img loading=\"lazy\" decoding=\"async\" width=\"1200\" height=\"800\" data-id=\"103570\" src=\"https:\/\/tvtecjundiai.com.br\/news\/wp-content\/uploads\/sites\/2\/2023\/01\/concurso-decoracao-natalina_c_18-residencia_proponente_eder_mantovani-1200x800.jpg\" alt=\"\" class=\"wp-image-103570\" srcset=\"https:\/\/tvtecjundiai.com.br\/news\/wp-content\/uploads\/sites\/2\/2023\/01\/concurso-decoracao-natalina_c_18-residencia_proponente_eder_mantovani-1200x800.jpg 1200w, https:\/\/tvtecjundiai.com.br\/news\/wp-content\/uploads\/sites\/2\/2023\/01\/concurso-decoracao-natalina_c_18-residencia_proponente_eder_mantovani-300x200.jpg 300w, https:\/\/tvtecjundiai.com.br\/news\/wp-content\/uploads\/sites\/2\/2023\/01\/concurso-decoracao-natalina_c_18-residencia_proponente_eder_mantovani-768x512.jpg 768w, https:\/\/tvtecjundiai.com.br\/news\/wp-content\/uploads\/sites\/2\/2023\/01\/concurso-decoracao-natalina_c_18-residencia_proponente_eder_mantovani.jpg 1280w\" sizes=\"auto, (max-width: 1200px) 100vw, 1200px\" \/><figcaption class=\"wp-element-caption\">3\u00ba lugar: Eder Mantovani<\/figcaption><\/figure>\n<\/figure>\n\n\n\n<p>J\u00e1 na categoria Estabelecimento Comercial, o primeiro lugar ficou com a empresa \u201cConsulado das Festas\u201d, representada por Gabriel Orsini Mantovani. J\u00e1 o segundo lugar ficou com Daniellen Tavares Pugliesi, da unidade Vila Arens da CNA Jundia\u00ed. Nesta categoria n\u00e3o houve terceiro colocado.<\/p>\n\n\n\n<p>Para ambas as categorias, os primeiros colocados foram premiados com R$ 2 mil; os segundos colocados com R$ 1,5 mil; e o terceiro colocado com R$ 1 mil.<\/p>\n\n\n\n<figure class=\"wp-block-gallery has-nested-images columns-default is-cropped wp-block-gallery-2 is-layout-flex wp-block-gallery-is-layout-flex\">\n<figure class=\"wp-block-image size-large\"><img loading=\"lazy\" decoding=\"async\" width=\"1200\" height=\"800\" data-id=\"103572\" src=\"https:\/\/tvtecjundiai.com.br\/news\/wp-content\/uploads\/sites\/2\/2023\/01\/concurso-decoracao-natalina_c_-2-consulado_das_festas_proponente_gabriel_mantovani-1200x800.jpg\" alt=\"\" class=\"wp-image-103572\" srcset=\"https:\/\/tvtecjundiai.com.br\/news\/wp-content\/uploads\/sites\/2\/2023\/01\/concurso-decoracao-natalina_c_-2-consulado_das_festas_proponente_gabriel_mantovani-1200x800.jpg 1200w, https:\/\/tvtecjundiai.com.br\/news\/wp-content\/uploads\/sites\/2\/2023\/01\/concurso-decoracao-natalina_c_-2-consulado_das_festas_proponente_gabriel_mantovani-300x200.jpg 300w, https:\/\/tvtecjundiai.com.br\/news\/wp-content\/uploads\/sites\/2\/2023\/01\/concurso-decoracao-natalina_c_-2-consulado_das_festas_proponente_gabriel_mantovani-768x512.jpg 768w, https:\/\/tvtecjundiai.com.br\/news\/wp-content\/uploads\/sites\/2\/2023\/01\/concurso-decoracao-natalina_c_-2-consulado_das_festas_proponente_gabriel_mantovani.jpg 1280w\" sizes=\"auto, (max-width: 1200px) 100vw, 1200px\" \/><figcaption class=\"wp-element-caption\">1\u00ba lugar: Consulado das Festas<br><\/figcaption><\/figure>\n\n\n\n<figure class=\"wp-block-image size-large\"><img loading=\"lazy\" decoding=\"async\" width=\"1200\" height=\"800\" data-id=\"103571\" src=\"https:\/\/tvtecjundiai.com.br\/news\/wp-content\/uploads\/sites\/2\/2023\/01\/concurso-decoracao-natalina_c_-8-cna_vila_arens_proponente_daniellen_pugliese-1200x800.jpg\" alt=\"\" class=\"wp-image-103571\" srcset=\"https:\/\/tvtecjundiai.com.br\/news\/wp-content\/uploads\/sites\/2\/2023\/01\/concurso-decoracao-natalina_c_-8-cna_vila_arens_proponente_daniellen_pugliese-1200x800.jpg 1200w, https:\/\/tvtecjundiai.com.br\/news\/wp-content\/uploads\/sites\/2\/2023\/01\/concurso-decoracao-natalina_c_-8-cna_vila_arens_proponente_daniellen_pugliese-300x200.jpg 300w, https:\/\/tvtecjundiai.com.br\/news\/wp-content\/uploads\/sites\/2\/2023\/01\/concurso-decoracao-natalina_c_-8-cna_vila_arens_proponente_daniellen_pugliese-768x512.jpg 768w, https:\/\/tvtecjundiai.com.br\/news\/wp-content\/uploads\/sites\/2\/2023\/01\/concurso-decoracao-natalina_c_-8-cna_vila_arens_proponente_daniellen_pugliese.jpg 1280w\" sizes=\"auto, (max-width: 1200px) 100vw, 1200px\" \/><figcaption class=\"wp-element-caption\">2\u00ba lugar: CNA Vila Arens<br><\/figcaption><\/figure>\n<\/figure>\n\n\n\n<p>Tamb\u00e9m conforme previsto no edital do concurso, foi realizada ainda a<a href=\"https:\/\/www.facebook.com\/346547998873454\/posts\/pfbid0W3KTXi9sKm9GJCXpoMJjErZXtCjoVoQ1EM6zEonNpEA7Xfcsrok1mYuZmwfqwaCTl\/?app=fbl\" target=\"_blank\" rel=\"noreferrer noopener\">&nbsp;vota\u00e7\u00e3o popular das fotos dos concorrentes no canal da Cultura no Facebook<\/a>. Nessa categoria, tamb\u00e9m levou como vencedor Jos\u00e9 Roberto de Almeida, que, com as 410 curtidas recebidas na postagem, receber\u00e1 o trof\u00e9u \u201cNatal Jundia\u00ed \u2013 Voto Popular\u201d.<\/p>\n\n\n\n<p>Os detalhes podem ser conferidos no despacho decis\u00f3rio da comiss\u00e3o de avalia\u00e7\u00e3o de cadastro na&nbsp;<a rel=\"noreferrer noopener\" href=\"https:\/\/cultura.jundiai.sp.gov.br\/wp-content\/uploads\/2023\/01\/resultado_final_e_classificacao_concurso_decoracao_natalina.pdf\" target=\"_blank\">Imprensa Oficial do Munic\u00edpio<\/a>.<\/p>\n\n\n\n<p><strong><em>(Fonte\/Imagem: Prefeitura de Jundia\u00ed)<\/em><\/strong><\/p>\n","protected":false},"excerpt":{"rendered":"<p>A partir da escolha de corpo de jurados, na Categoria Im\u00f3vel Residencial, o primeiro lugar ficou com Jos\u00e9 Roberto de Almeida.<\/p>\n","protected":false},"author":27,"featured_media":103569,"comment_status":"closed","ping_status":"0","sticky":false,"template":"","format":"standard","meta":{"footnotes":""},"categories":[8356],"tags":[],"class_list":["post-103567","post","type-post","status-publish","format-standard","has-post-thumbnail","hentry","category-jundiai"],"_links":{"self":[{"href":"https:\/\/tvtecjundiai.com.br\/news\/wp-json\/wp\/v2\/posts\/103567","targetHints":{"allow":["GET"]}}],"collection":[{"href":"https:\/\/tvtecjundiai.com.br\/news\/wp-json\/wp\/v2\/posts"}],"about":[{"href":"https:\/\/tvtecjundiai.com.br\/news\/wp-json\/wp\/v2\/types\/post"}],"author":[{"embeddable":true,"href":"https:\/\/tvtecjundiai.com.br\/news\/wp-json\/wp\/v2\/users\/27"}],"replies":[{"embeddable":true,"href":"https:\/\/tvtecjundiai.com.br\/news\/wp-json\/wp\/v2\/comments?post=103567"}],"version-history":[{"count":2,"href":"https:\/\/tvtecjundiai.com.br\/news\/wp-json\/wp\/v2\/posts\/103567\/revisions"}],"predecessor-version":[{"id":103574,"href":"https:\/\/tvtecjundiai.com.br\/news\/wp-json\/wp\/v2\/posts\/103567\/revisions\/103574"}],"wp:featuredmedia":[{"embeddable":true,"href":"https:\/\/tvtecjundiai.com.br\/news\/wp-json\/wp\/v2\/media\/103569"}],"wp:attachment":[{"href":"https:\/\/tvtecjundiai.com.br\/news\/wp-json\/wp\/v2\/media?parent=103567"}],"wp:term":[{"taxonomy":"category","embeddable":true,"href":"https:\/\/tvtecjundiai.com.br\/news\/wp-json\/wp\/v2\/categories?post=103567"},{"taxonomy":"post_tag","embeddable":true,"href":"https:\/\/tvtecjundiai.com.br\/news\/wp-json\/wp\/v2\/tags?post=103567"}],"curies":[{"name":"wp","href":"https:\/\/api.w.org\/{rel}","templated":true}]}}