{"id":103575,"date":"2023-01-10T10:03:45","date_gmt":"2023-01-10T13:03:45","guid":{"rendered":"https:\/\/tvtecjundiai.com.br\/news\/?p=103575"},"modified":"2023-01-10T10:03:50","modified_gmt":"2023-01-10T13:03:50","slug":"fundo-social-abre-pre-inscricao-de-cursos-nesta-quarta-11","status":"publish","type":"post","link":"https:\/\/tvtecjundiai.com.br\/news\/2023\/01\/10\/fundo-social-abre-pre-inscricao-de-cursos-nesta-quarta-11\/","title":{"rendered":"Fundo Social abre pr\u00e9-inscri\u00e7\u00e3o de cursos nesta quarta (11)"},"content":{"rendered":"\n<p>Com esfor\u00e7os voltados \u00e0 qualifica\u00e7\u00e3o profissional gratuita, o Fundo Social de Solidariedade de Jundia\u00ed (Funss) abre, nesta quarta-feira (11), a pr\u00e9-inscri\u00e7\u00e3o para tr\u00eas cursos bastante procurados: Manicure e Pedicure; Cuidador de Idosos; e Fa\u00e7a e Venda \u2013 Bolos, Doces e Salgados para festa.<\/p>\n\n\n\n<p>Para participar das aulas de Cuidador de Idosos \u00e9 necess\u00e1rio ter 18 anos completos. J\u00e1 para as demais, a idade m\u00ednima exigida \u00e9 de 16 anos. O interessado dever\u00e1 acessar o link referente \u00e0 turma pretendida e preencher o Formul\u00e1rio Google com seus dados pessoais. O crit\u00e9rio de sele\u00e7\u00e3o e forma\u00e7\u00e3o das turmas \u00e9 a ordem de envio destas informa\u00e7\u00f5es, que considera hora, minuto e segundo. Confira o cronograma:<\/p>\n\n\n\n<p><strong>Curso de Manicure e Pedicure<\/strong><\/p>\n\n\n\n<p>Idade m\u00ednima: 16 anos<\/p>\n\n\n\n<p>Vagas: 20<\/p>\n\n\n\n<p>Data: 23\/01\/23 a 15\/02\/23<\/p>\n\n\n\n<p>Aulas de 2\u00aa a 4\u00aa feira<\/p>\n\n\n\n<p>12 aulas<\/p>\n\n\n\n<p>Hor\u00e1rio: 8h30 \u00e0s 12h30<\/p>\n\n\n\n<p>Local:&nbsp;Jundia\u00ed Empreendedora \u2013 Maxi Shopping Jundia\u00ed \u2013 Piso G3 \u2013 Ala Oeste. Av. Ant\u00f4nio Frederico Ozanan, 6000<\/p>\n\n\n\n<p><strong>Link para inscri\u00e7\u00e3o:&nbsp;<\/strong><a href=\"https:\/\/forms.gle\/8tKYQs4wwy7U8HUP6\" target=\"_blank\" rel=\"noreferrer noopener\"><strong>https:\/\/forms.gle\/8tKYQs4wwy7U8HUP6<\/strong><\/a><\/p>\n\n\n\n<p><strong>Curso Fa\u00e7a e Venda: Bolos, Doces e Salgados para festa<\/strong><\/p>\n\n\n\n<p>Idade m\u00ednima: 16 anos<\/p>\n\n\n\n<p>Vagas: 20<\/p>\n\n\n\n<p>Data: 23\/01\/23 a 03\/02\/23<\/p>\n\n\n\n<p>Aulas de 2\u00aa a 6\u00aa feira<\/p>\n\n\n\n<p>10 aulas<\/p>\n\n\n\n<p>Hor\u00e1rio: 8h \u00e0s 12h<\/p>\n\n\n\n<p>Local: Fundo Social de Solidariedade \u2013 Av. Dona Manoela Lacerda de Vergueiro, s\/n \u2013 Port\u00e3o 3 \u2013 Anexo ao Parque da Uva \u2013 Bairro Anhangaba\u00fa<\/p>\n\n\n\n<p><strong>Link para inscri\u00e7\u00e3o:&nbsp;<\/strong><a href=\"https:\/\/forms.gle\/bwz26NaXL1KLUS5P7\" target=\"_blank\" rel=\"noreferrer noopener\"><strong>https:\/\/forms.gle\/bwz26NaXL1KLUS5P7<\/strong><\/a><\/p>\n\n\n\n<p><strong>Curso de Cuidador de Idoso<\/strong><\/p>\n\n\n\n<p>Idade m\u00ednima: 18 anos<\/p>\n\n\n\n<p>Vagas: 30<\/p>\n\n\n\n<p>Data: 30\/01\/23 a 07\/03\/23<\/p>\n\n\n\n<p>20 aulas<\/p>\n\n\n\n<p>Aulas de 2\u00aa a 5\u00aa feira<\/p>\n\n\n\n<p>Hor\u00e1rio: 18h \u00e0s 22h<\/p>\n\n\n\n<p>Local: Fundo Social de Solidariedade \u2013 Av. Dona Manoela Lacerda de Vergueiro, s\/n \u2013 Port\u00e3o 3 \u2013 Anexo ao Parque da Uva \u2013 Bairro Anhangaba\u00fa<\/p>\n\n\n\n<p><strong>Link para inscri\u00e7\u00e3o:&nbsp;<a href=\"https:\/\/forms.gle\/TnySiSsrt7JQ3hBw8\" target=\"_blank\" rel=\"noreferrer noopener\">https:\/\/forms.gle\/TnySiSsrt7JQ3hBw8<\/a><\/strong><\/p>\n\n\n\n<figure class=\"wp-block-image\"><img decoding=\"async\" src=\"https:\/\/jundiai.sp.gov.br\/noticias\/wp-content\/uploads\/sites\/32\/2023\/01\/manicure_pedicure-1280x854.jpg\" alt=\"\" class=\"wp-image-308975\" \/><figcaption class=\"wp-element-caption\">Aulas do curso de Manicure e Pedicure ser\u00e3o realizadas no Espa\u00e7o Jundia\u00ed Empreendedora, no Maxi Shopping<\/figcaption><\/figure>\n\n\n\n<p><strong>Contemplados<\/strong><\/p>\n\n\n\n<p>Os nomes dos alunos matriculados ser\u00e3o divulgados no site da Prefeitura de Jundia\u00ed e dados detalhados ser\u00e3o repassados por meio do contato de WhatsApp informado no ato da pr\u00e9-inscri\u00e7\u00e3o apenas aos alunos contemplados com a vaga. As fichas n\u00e3o contempladas est\u00e3o, automaticamente, na lista de espera e poder\u00e3o ser convocadas em caso de desist\u00eancia.<\/p>\n\n\n\n<p>O curso de Manicure e Pedicure ser\u00e1 realizado no Espa\u00e7o Jundia\u00ed Empreendedora, dentro do Maxi Shopping Jundia\u00ed. O endere\u00e7o \u00e9 Av. Ant\u00f4nio Frederico Ozanan, 6000, Piso G3 \u2013 Ala Oeste.<\/p>\n\n\n\n<p>J\u00e1 as capacita\u00e7\u00f5es de Cuidador de Idoso e Fa\u00e7a e Venda \u2013 Bolos, Doces e Salgados para festa ser\u00e3o realizadas na sede do Fundo Social, dentro do Parque da Uva. O acesso \u00e9 pela avenida Dona Manoela Lacerda de Vergueiro, s\/n, port\u00e3o 03, bairro Anhangaba\u00fa. O funcionamento da unidade \u00e9 de segunda a sexta-feira, das 8h \u00e0s 17h, exceto feriados. Informa\u00e7\u00f5es pelos telefones (11) 4589-6319, 4589-6320, 4589-6322.<\/p>\n\n\n\n<p><strong><em>(Fonte\/Imagem: Prefeitura de Jundia\u00ed)<\/em><\/strong><\/p>\n","protected":false},"excerpt":{"rendered":"<p>Aulas do curso de Manicure e Pedicure ser\u00e3o realizadas no Espa\u00e7o Jundia\u00ed Empreendedora, no Maxi Shopping.<\/p>\n","protected":false},"author":27,"featured_media":103576,"comment_status":"closed","ping_status":"0","sticky":false,"template":"","format":"standard","meta":{"footnotes":""},"categories":[2832,8356],"tags":[],"class_list":["post-103575","post","type-post","status-publish","format-standard","has-post-thumbnail","hentry","category-cursos","category-jundiai"],"_links":{"self":[{"href":"https:\/\/tvtecjundiai.com.br\/news\/wp-json\/wp\/v2\/posts\/103575","targetHints":{"allow":["GET"]}}],"collection":[{"href":"https:\/\/tvtecjundiai.com.br\/news\/wp-json\/wp\/v2\/posts"}],"about":[{"href":"https:\/\/tvtecjundiai.com.br\/news\/wp-json\/wp\/v2\/types\/post"}],"author":[{"embeddable":true,"href":"https:\/\/tvtecjundiai.com.br\/news\/wp-json\/wp\/v2\/users\/27"}],"replies":[{"embeddable":true,"href":"https:\/\/tvtecjundiai.com.br\/news\/wp-json\/wp\/v2\/comments?post=103575"}],"version-history":[{"count":1,"href":"https:\/\/tvtecjundiai.com.br\/news\/wp-json\/wp\/v2\/posts\/103575\/revisions"}],"predecessor-version":[{"id":103577,"href":"https:\/\/tvtecjundiai.com.br\/news\/wp-json\/wp\/v2\/posts\/103575\/revisions\/103577"}],"wp:featuredmedia":[{"embeddable":true,"href":"https:\/\/tvtecjundiai.com.br\/news\/wp-json\/wp\/v2\/media\/103576"}],"wp:attachment":[{"href":"https:\/\/tvtecjundiai.com.br\/news\/wp-json\/wp\/v2\/media?parent=103575"}],"wp:term":[{"taxonomy":"category","embeddable":true,"href":"https:\/\/tvtecjundiai.com.br\/news\/wp-json\/wp\/v2\/categories?post=103575"},{"taxonomy":"post_tag","embeddable":true,"href":"https:\/\/tvtecjundiai.com.br\/news\/wp-json\/wp\/v2\/tags?post=103575"}],"curies":[{"name":"wp","href":"https:\/\/api.w.org\/{rel}","templated":true}]}}