{"id":103597,"date":"2023-01-10T12:42:08","date_gmt":"2023-01-10T15:42:08","guid":{"rendered":"https:\/\/tvtecjundiai.com.br\/news\/?p=103597"},"modified":"2023-01-10T12:42:12","modified_gmt":"2023-01-10T15:42:12","slug":"escolas-antecipam-melhorias-e-ja-se-preparam-para-a-volta-as-aulas","status":"publish","type":"post","link":"https:\/\/tvtecjundiai.com.br\/news\/2023\/01\/10\/escolas-antecipam-melhorias-e-ja-se-preparam-para-a-volta-as-aulas\/","title":{"rendered":"Escolas antecipam melhorias e j\u00e1 se preparam para a volta \u00e0s aulas"},"content":{"rendered":"\n<p>A Unidade de Gest\u00e3o de Educa\u00e7\u00e3o (UGE) aproveita o per\u00edodo de f\u00e9rias escolares para realizar melhorias nos pr\u00e9dios das EMEBs, deixando-os preparados para o retorno das aulas. Aprimorar os ambientes integra os eixos do Programa Escola Inovadora, lan\u00e7ado em 2018, assim como a oferta de educa\u00e7\u00e3o de boa qualidade e a forma\u00e7\u00e3o permanente dos educadores.<br><br>O Departamento de Obras e Manuten\u00e7\u00e3o Escolar, al\u00e9m de pequenas interven\u00e7\u00f5es, realiza revis\u00e3o das instala\u00e7\u00f5es el\u00e9tricas em todos os pr\u00e9dios, juntamente com a troca de l\u00e2mpadas. Tamb\u00e9m foram refor\u00e7ados os servi\u00e7os de jardinagem e de poda de \u00e1rvores.<\/p>\n\n\n\n<figure class=\"wp-block-image\"><img decoding=\"async\" src=\"https:\/\/jundiai.sp.gov.br\/noticias\/wp-content\/uploads\/sites\/32\/2023\/01\/obras-anibal-marcondes-na-agapeama_fm_-5-1280x854.jpg\" alt=\"\" class=\"wp-image-308981\" \/><figcaption class=\"wp-element-caption\">Equipes est\u00e3o atuando em todas as regi\u00f5es para preparar os pr\u00e9dios para o retorno dos alunos<\/figcaption><\/figure>\n\n\n\n<p>\u201cA partir do Programa Escola Inovadora, a rede municipal de ensino recebe investimentos necess\u00e1rios em todas as \u00e1reas, garantindo educa\u00e7\u00e3o de boa qualidade. Em ambientes organizados, muitas s\u00e3o as possibilidades de aprendizagem. Aproveitamos este per\u00edodo de f\u00e9rias para preparar tudo para o retorno dos nossos alunos e equipes escolares, na primeira semana de fevereiro\u201d, comenta a gestora adjunta de Educa\u00e7\u00e3o, T\u00e2nia Gurgel.<br><br>Na EMEB Professor Oscar Augusto Guelli, na Roseira, est\u00e1 sendo executada a substitui\u00e7\u00e3o das telhas de barro ou de fibrocimento por telhas termo ac\u00fasticas galvanizadas e pintadas. A mesma benfeitoria est\u00e1 prevista para ser iniciada, na pr\u00f3xima semana, nas escolas Dr. Ramiro de Ara\u00fajo Filho, no Vianelo, e Professora Cesarina Fortarel Gon\u00e7alves Dias Barbosa, na Vila Jundiainopolis.<br><br>\u201cTamb\u00e9m come\u00e7amos, na \u00faltima semana, o servi\u00e7o de troca dos reservat\u00f3rios de \u00e1gua das EMEBs Professora Mel\u00e2nia Fortarel Barbosa, no bairro do Poste, e na pr\u00f3xima semana, faremos a troca na Carla Andressa, na Vila Hortol\u00e2ndia, aumentando a capacidade de armazenamento para 20 mil litros. Ainda estamos damos continuidade \u00e0 limpeza do reservat\u00f3rio de 27 unidades escolares, iniciada em novembro. Nosso cronograma de servi\u00e7os tamb\u00e9m contempla, no per\u00edodo, substitui\u00e7\u00e3o de piso cer\u00e2mico de quatro salas da EMEB Deputado Ranieri Mazzilli, na Vila Esperan\u00e7a. Em todas as regi\u00f5es do Mun\u00edcipio, as equipes est\u00e3o atuando para a volta \u00e0s aulas\u201d, destaca o diretor do Departamento de Obras e Manuten\u00e7\u00e3o Escolar, Jefferson Spina.<\/p>\n\n\n\n<figure class=\"wp-block-image\"><img decoding=\"async\" src=\"https:\/\/jundiai.sp.gov.br\/noticias\/wp-content\/uploads\/sites\/32\/2023\/01\/emeb-geralda-bertola-facca_telhado-e-pintura_m_-24-1.jpg\" alt=\"\" class=\"wp-image-308985\" \/><figcaption class=\"wp-element-caption\">Benfeitorias na EMEB Geralda incluem nova cobertura e pintura<\/figcaption><\/figure>\n\n\n\n<p><strong>Obras<\/strong><br>A UGE d\u00e1 andamento \u00e0s obras da EMEB Professora Geralda Berthola Facca, no Jardim do Lago. Com investimento de cerca de R$ 1,45 milh\u00e3o, o pr\u00e9dio recebe interven\u00e7\u00f5es como a substitui\u00e7\u00e3o do telhado por telhas termo ac\u00fasticas e implanta\u00e7\u00e3o de novo sistema de Prote\u00e7\u00e3o contra Descargas Atmosf\u00e9rica. Ainda na segunda quinzena deste m\u00eas, mais 14 escolas t\u00eam previs\u00e3o de in\u00edcio de reforma da cobertura.<\/p>\n\n\n\n<p><strong><em>(Fonte\/Imagem: Prefeitura de Jundia\u00ed)<\/em><\/strong><\/p>\n","protected":false},"excerpt":{"rendered":"<p>Aprimorar os ambientes integra os eixos do Programa Escola Inovadora.<\/p>\n","protected":false},"author":27,"featured_media":103598,"comment_status":"closed","ping_status":"0","sticky":false,"template":"","format":"standard","meta":{"footnotes":""},"categories":[2828,8356],"tags":[],"class_list":["post-103597","post","type-post","status-publish","format-standard","has-post-thumbnail","hentry","category-educacao","category-jundiai"],"_links":{"self":[{"href":"https:\/\/tvtecjundiai.com.br\/news\/wp-json\/wp\/v2\/posts\/103597","targetHints":{"allow":["GET"]}}],"collection":[{"href":"https:\/\/tvtecjundiai.com.br\/news\/wp-json\/wp\/v2\/posts"}],"about":[{"href":"https:\/\/tvtecjundiai.com.br\/news\/wp-json\/wp\/v2\/types\/post"}],"author":[{"embeddable":true,"href":"https:\/\/tvtecjundiai.com.br\/news\/wp-json\/wp\/v2\/users\/27"}],"replies":[{"embeddable":true,"href":"https:\/\/tvtecjundiai.com.br\/news\/wp-json\/wp\/v2\/comments?post=103597"}],"version-history":[{"count":1,"href":"https:\/\/tvtecjundiai.com.br\/news\/wp-json\/wp\/v2\/posts\/103597\/revisions"}],"predecessor-version":[{"id":103599,"href":"https:\/\/tvtecjundiai.com.br\/news\/wp-json\/wp\/v2\/posts\/103597\/revisions\/103599"}],"wp:featuredmedia":[{"embeddable":true,"href":"https:\/\/tvtecjundiai.com.br\/news\/wp-json\/wp\/v2\/media\/103598"}],"wp:attachment":[{"href":"https:\/\/tvtecjundiai.com.br\/news\/wp-json\/wp\/v2\/media?parent=103597"}],"wp:term":[{"taxonomy":"category","embeddable":true,"href":"https:\/\/tvtecjundiai.com.br\/news\/wp-json\/wp\/v2\/categories?post=103597"},{"taxonomy":"post_tag","embeddable":true,"href":"https:\/\/tvtecjundiai.com.br\/news\/wp-json\/wp\/v2\/tags?post=103597"}],"curies":[{"name":"wp","href":"https:\/\/api.w.org\/{rel}","templated":true}]}}